{"id":75438,"date":"2021-07-02T20:29:41","date_gmt":"2021-07-02T20:29:41","guid":{"rendered":"http:\/\/folhadosudeste.com\/site\/?p=75438"},"modified":"2021-07-02T20:29:53","modified_gmt":"2021-07-02T20:29:53","slug":"energisa-faz-doacao-de-equipamentos-pelo-unidos-pela-vacina","status":"publish","type":"post","link":"https:\/\/folhadosudeste.com\/site\/?p=75438","title":{"rendered":"Energisa faz doa\u00e7\u00e3o de equipamentos pelo Unidos pela Vacina"},"content":{"rendered":"<p style=\"text-align: justify;\"><strong>Cerim\u00f4nia virtual reuniu gestores municipais para entrega oficial nesta sexta-feira, 02 de julho;<\/strong><\/p>\n<p style=\"text-align: justify;\"><strong>Entrega dos equipamentos ter\u00e1 in\u00edcio nesta segunda-feira, 05\/07.<\/strong><\/p>\n<p style=\"font-weight: 400; text-align: justify;\">Mais uma a\u00e7\u00e3o da Energisa no combate \u00e0 pandemia da Covid-19 teve in\u00edcio nesta sexta-feira, 02 de julho, com cerim\u00f4nia virtual para entrega dos equipamentos de conserva\u00e7\u00e3o de vacinas&nbsp;a&nbsp;31 munic\u00edpios da \u00e1rea de concess\u00e3o da Energisa em Minas Gerais como parte das doa\u00e7\u00f5es do movimento Unidos pela Vacina. O encontro foi conduzido pelo diretor-presidente da Energisa Minas Gerais, Eduardo Mantovani, pelo diretor-T\u00e9cnico Fabio Lancelotti e gestores da empresa&nbsp;junto&nbsp;aos prefeitos municipais, secret\u00e1rios e outros representantes das prefeituras municipais&nbsp;de algumas das cidades beneficiadas. No dia 09 de julho, novo encontro ser\u00e1 realizado junto aos representantes municipais das demais localidades.<\/p>\n<p style=\"font-weight: 400; text-align: justify;\"><a href=\"http:\/\/folhadosudeste.com\/site\/wp-content\/uploads\/2021\/07\/image002.jpg\"><img loading=\"lazy\" decoding=\"async\" class=\"alignnone size-full wp-image-75439\" src=\"http:\/\/folhadosudeste.com\/site\/wp-content\/uploads\/2021\/07\/image002.jpg\" alt=\"\" width=\"1359\" height=\"626\" srcset=\"https:\/\/folhadosudeste.com\/site\/wp-content\/uploads\/2021\/07\/image002.jpg 1359w, https:\/\/folhadosudeste.com\/site\/wp-content\/uploads\/2021\/07\/image002-300x138.jpg 300w, https:\/\/folhadosudeste.com\/site\/wp-content\/uploads\/2021\/07\/image002-768x354.jpg 768w, https:\/\/folhadosudeste.com\/site\/wp-content\/uploads\/2021\/07\/image002-1024x472.jpg 1024w\" sizes=\"auto, (max-width: 1359px) 100vw, 1359px\" \/><\/a><!--more--><\/p>\n<p style=\"font-weight: 400; text-align: justify;\">Ao todo, a Energisa Minas Gerais vai doar 21 geladeiras, nove freezers e 17 c\u00e2maras frias para as secretarias municipais de Sa\u00fade para conserva\u00e7\u00e3o local de vacinas contra a Covid-19. Os prefeitos e representantes dos \u00f3rg\u00e3os municipais elogiaram e agradeceram a Energisa pela iniciativa. O prefeito de Senador Firmino Willian Mussi destacou a parceria constante da Energisa em diversas a\u00e7\u00f5es e que &#8220;a Energisa \u00e9 uma empresa que traz progresso para a regi\u00e3o&#8221;. Nessa linha Jos\u00e9 Braz, prefeito de Muria\u00e9, refor\u00e7ou o orgulho e valor ter uma empresa como a Energisa no Estado. O secret\u00e1rio de sa\u00fade de Cataguases, Ricardo Mattos, lembrou que a doa\u00e7\u00e3o dos equipamentos aumenta a capilaridade na capacidade de vacina\u00e7\u00e3o. &#8220;Estamos avan\u00e7ando e temos que agradecer o engajamento da Energisa com a\u00e7\u00f5es de apoio nesse momento de pandemia&#8221;.<\/p>\n<p style=\"text-align: justify;\"><a href=\"http:\/\/folhadosudeste.com\/site\/wp-content\/uploads\/2021\/07\/image004.jpg\"><img loading=\"lazy\" decoding=\"async\" class=\"alignnone size-full wp-image-75440\" src=\"http:\/\/folhadosudeste.com\/site\/wp-content\/uploads\/2021\/07\/image004.jpg\" alt=\"\" width=\"636\" height=\"359\" srcset=\"https:\/\/folhadosudeste.com\/site\/wp-content\/uploads\/2021\/07\/image004.jpg 636w, https:\/\/folhadosudeste.com\/site\/wp-content\/uploads\/2021\/07\/image004-300x169.jpg 300w\" sizes=\"auto, (max-width: 636px) 100vw, 636px\" \/><\/a><\/p>\n<p style=\"font-weight: 400; text-align: justify;\">Os equipamentos ser\u00e3o distribu\u00eddos a partir da pr\u00f3xima segunda-feira, 05 de julho. A entrega dos equipamentos vai come\u00e7ar pelas cidades de Ub\u00e1, Tocantins e Senador Firmino. De acordo com a demanda apresentada pelas secretarias municipais de sa\u00fade, as cidades que receber\u00e3o os equipamentos s\u00e3o: Al\u00e9m Para\u00edba, Araponga, Bar\u00e3o de Monte Alto, Cajuri, Caputira, Cataguases, Durand\u00e9, Erv\u00e1lia, Leopoldina, Manhua\u00e7u, Manhumirim, Martins Soares, Merc\u00eas, Miradouro, Muria\u00e9, Paula C\u00e2ndido, Pirapetinga, Recreio, Reduto, Rio Novo, Rio Pomba, Rochedo de Minas, Ros\u00e1rio da Limeira, Santana do Manhua\u00e7u, Santo Ant\u00f4nio do Aventureiro, Senador Firmino, Silveir\u00e2nia, Simon\u00e9sia, Tocantins, Ub\u00e1 e Vieiras.<\/p>\n<p style=\"font-weight: 400; text-align: justify;\">O diretor-presidente da Energisa Minas Gerais destaca a import\u00e2ncia da uni\u00e3o para garantir que mais pessoas sejam vacinadas o quanto antes. \u201cNosso papel \u00e9 o de apoiar, ajudar a garantir a imuniza\u00e7\u00e3o e levantar os insumos necess\u00e1rios. N\u00f3s buscamos solu\u00e7\u00f5es, pois sabemos que a vacina\u00e7\u00e3o \u00e9 fundamental para a nossa sociedade. Estes equipamentos que ser\u00e3o destinados aos munic\u00edpios s\u00e3o para ajudar neste processo e, principalmente, garantir que nenhuma dose se perca por falta de refrigera\u00e7\u00e3o ou conserva\u00e7\u00e3o local inadequada\u201d, garante Eduardo Mantovani.<\/p>\n<p style=\"font-weight: 400; text-align: justify;\">Quando o Unidos pela Vacina foi lan\u00e7ado em Minas Gerais, no m\u00eas de abril, os munic\u00edpios da \u00e1rea de concess\u00e3o da Energisa j\u00e1 haviam apresentado demandas relacionadas a geladeiras, freezer, caixas t\u00e9rmicas, entre outras. A doa\u00e7\u00e3o \u00e9 uma das iniciativas do Programa de Efici\u00eancia Energ\u00e9tica da Energisa, regulado pela Ag\u00eancia Nacional de Energia El\u00e9trica (Aneel).&nbsp;<\/p>\n<p style=\"text-align: justify;\"><a href=\"http:\/\/folhadosudeste.com\/site\/wp-content\/uploads\/2021\/07\/image005.jpg\"><img loading=\"lazy\" decoding=\"async\" class=\"alignnone size-full wp-image-75441\" src=\"http:\/\/folhadosudeste.com\/site\/wp-content\/uploads\/2021\/07\/image005.jpg\" alt=\"\" width=\"2048\" height=\"1536\" srcset=\"https:\/\/folhadosudeste.com\/site\/wp-content\/uploads\/2021\/07\/image005.jpg 2048w, https:\/\/folhadosudeste.com\/site\/wp-content\/uploads\/2021\/07\/image005-300x225.jpg 300w, https:\/\/folhadosudeste.com\/site\/wp-content\/uploads\/2021\/07\/image005-768x576.jpg 768w, https:\/\/folhadosudeste.com\/site\/wp-content\/uploads\/2021\/07\/image005-1024x768.jpg 1024w\" sizes=\"auto, (max-width: 2048px) 100vw, 2048px\" \/><\/a><\/p>\n<p style=\"text-align: justify;\"><strong>Sobre a Energisa<\/strong><\/p>\n<p style=\"text-align: justify;\">Com 116 anos de hist\u00f3ria, o Grupo Energisa \u00e9 o maior privado do setor el\u00e9trico com capital nacional e o tamb\u00e9m o maior na Amaz\u00f4nia Legal. Uma das primeiras empresas a abrir capital no Brasil, a companhia controla 11 distribuidoras em Minas Gerais, Para\u00edba, Rio de Janeiro, Sergipe, Mato Grosso, Mato Grosso do Sul, Tocantins, S\u00e3o Paulo, Paran\u00e1, Rond\u00f4nia e Acre. Com receita l\u00edquida anual de R$ 18 bilh\u00f5es (2020), o Grupo atende a 8 milh\u00f5es de clientes (o que representa uma popula\u00e7\u00e3o atendida de mais de 20 milh\u00f5es de pessoas) em 862 munic\u00edpios de todas as regi\u00f5es do Brasil, al\u00e9m de gerar cerca de 20 mil empregos diretos e indiretos.&nbsp;<\/p>\n<p style=\"text-align: justify;\">Com a miss\u00e3o de transformar energia em conforto, desenvolvimento e oportunidades de forma sustent\u00e1vel, respons\u00e1vel e \u00e9tica, a Energisa atua com um portf\u00f3lio diversificado que engloba distribui\u00e7\u00e3o, transmiss\u00e3o, servi\u00e7os para o setor el\u00e9trico (Energisa Solu\u00e7\u00f5es), servi\u00e7os especializados de&nbsp;call&nbsp;center (Multi&nbsp;Energisa), comercializa\u00e7\u00e3o de energia (Energisa Comercializadora), solu\u00e7\u00f5es em energias renov\u00e1veis (Alsol) e agora a&nbsp;fintech&nbsp;Voltz, que entra no mercado de contas digitais.<\/p>\n","protected":false},"excerpt":{"rendered":"<p>Cerim\u00f4nia virtual reuniu gestores municipais para entrega oficial nesta sexta-feira, 02 de julho; Entrega dos equipamentos ter\u00e1 in\u00edcio nesta segunda-feira, 05\/07. Mais uma a\u00e7\u00e3o da Energisa no combate \u00e0 pandemia da Covid-19 teve in\u00edcio nesta sexta-feira, 02 de julho, com cerim\u00f4nia virtual para entrega dos equipamentos de conserva\u00e7\u00e3o de vacinas&nbsp;a&nbsp;31 munic\u00edpios da \u00e1rea de concess\u00e3o [&hellip;]<\/p>\n","protected":false},"author":6,"featured_media":0,"comment_status":"open","ping_status":"closed","sticky":false,"template":"","format":"standard","meta":{"_joinchat":[],"footnotes":""},"categories":[1],"tags":[],"class_list":["post-75438","post","type-post","status-publish","format-standard","hentry","category-sem-categoria"],"_links":{"self":[{"href":"https:\/\/folhadosudeste.com\/site\/index.php?rest_route=\/wp\/v2\/posts\/75438","targetHints":{"allow":["GET"]}}],"collection":[{"href":"https:\/\/folhadosudeste.com\/site\/index.php?rest_route=\/wp\/v2\/posts"}],"about":[{"href":"https:\/\/folhadosudeste.com\/site\/index.php?rest_route=\/wp\/v2\/types\/post"}],"author":[{"embeddable":true,"href":"https:\/\/folhadosudeste.com\/site\/index.php?rest_route=\/wp\/v2\/users\/6"}],"replies":[{"embeddable":true,"href":"https:\/\/folhadosudeste.com\/site\/index.php?rest_route=%2Fwp%2Fv2%2Fcomments&post=75438"}],"version-history":[{"count":2,"href":"https:\/\/folhadosudeste.com\/site\/index.php?rest_route=\/wp\/v2\/posts\/75438\/revisions"}],"predecessor-version":[{"id":75443,"href":"https:\/\/folhadosudeste.com\/site\/index.php?rest_route=\/wp\/v2\/posts\/75438\/revisions\/75443"}],"wp:attachment":[{"href":"https:\/\/folhadosudeste.com\/site\/index.php?rest_route=%2Fwp%2Fv2%2Fmedia&parent=75438"}],"wp:term":[{"taxonomy":"category","embeddable":true,"href":"https:\/\/folhadosudeste.com\/site\/index.php?rest_route=%2Fwp%2Fv2%2Fcategories&post=75438"},{"taxonomy":"post_tag","embeddable":true,"href":"https:\/\/folhadosudeste.com\/site\/index.php?rest_route=%2Fwp%2Fv2%2Ftags&post=75438"}],"curies":[{"name":"wp","href":"https:\/\/api.w.org\/{rel}","templated":true}]}}