{"id":75459,"date":"2021-07-05T20:12:44","date_gmt":"2021-07-05T20:12:44","guid":{"rendered":"http:\/\/folhadosudeste.com\/site\/?p=75459"},"modified":"2021-07-05T20:12:44","modified_gmt":"2021-07-05T20:12:44","slug":"programa-qualifica-muriae-oferece-27-opcoes-de-cursos-e-workshops","status":"publish","type":"post","link":"https:\/\/folhadosudeste.com\/site\/?p=75459","title":{"rendered":"Programa \u2018Qualifica Muria\u00e9\u2019 oferece 27 op\u00e7\u00f5es de cursos e workshops"},"content":{"rendered":"<div id=\":x0\" class=\"ii gt\">\n<div id=\":x1\" class=\"a3s aiL \">\n<div>\n<div>\n<div>\n<div><a href=\"http:\/\/folhadosudeste.com\/site\/wp-content\/uploads\/2021\/07\/qualifica-muriae.jpg\"><img loading=\"lazy\" decoding=\"async\" class=\"alignnone size-full wp-image-75460\" src=\"http:\/\/folhadosudeste.com\/site\/wp-content\/uploads\/2021\/07\/qualifica-muriae.jpg\" alt=\"\" width=\"1024\" height=\"1280\" srcset=\"https:\/\/folhadosudeste.com\/site\/wp-content\/uploads\/2021\/07\/qualifica-muriae.jpg 1024w, https:\/\/folhadosudeste.com\/site\/wp-content\/uploads\/2021\/07\/qualifica-muriae-240x300.jpg 240w, https:\/\/folhadosudeste.com\/site\/wp-content\/uploads\/2021\/07\/qualifica-muriae-768x960.jpg 768w, https:\/\/folhadosudeste.com\/site\/wp-content\/uploads\/2021\/07\/qualifica-muriae-819x1024.jpg 819w\" sizes=\"auto, (max-width: 1024px) 100vw, 1024px\" \/><\/a><\/div>\n<div>Seguem abertas at\u00e9 a pr\u00f3xima sexta-feira (9) as inscri\u00e7\u00f5es para o \u201cQualifica Muria\u00e9\u201d, uma iniciativa da Prefeitura de Muria\u00e9 em parceria com o Senac que traz para a cidade 27 cursos e workshops totalmente gratuitos nas \u00e1reas de gastronomia, turismo, gest\u00e3o e marketing.<\/div>\n<div>&nbsp;<\/div>\n<div>Os interessados devem procurar a Uaitec Muria\u00e9, que funciona \u00e0 rua Itagiba de Oliveira, 410, na Barra, pr\u00f3ximo \u00e0 pra\u00e7a atr\u00e1s da UPA. O hor\u00e1rio de atendimento \u00e9 de segunda a sexta-feira, das 8h \u00e0s 11h e das 13h30 \u00e0s 16h30.<\/div>\n<div>&nbsp;<\/div>\n<div>Mais informa\u00e7\u00f5es pelo telefone (32) 3721-0993 e na p\u00e1gina&nbsp;<a href=\"http:\/\/muriae.mg.gov.br\/qualificamuriae\" target=\"_blank\" rel=\"noopener\" data-saferedirecturl=\"https:\/\/www.google.com\/url?q=http:\/\/muriae.mg.gov.br\/qualificamuriae&amp;source=gmail&amp;ust=1625601577981000&amp;usg=AFQjCNEPqQxT9BvTfArQPVadnHs4fTGCfA\">muriae.mg.gov.br\/<wbr>qualificamuriae<\/a>.<\/div>\n<div>&nbsp;<\/div>\n<\/div>\n<\/div>\n<\/div>\n<\/div>\n<\/div>\n<p><!--more--><\/p>\n<div id=\":x1\" class=\"a3s aiL \">\n<div>\n<div>\n<div>\n<div>Veja as informa\u00e7\u00f5es sobre cada curso e workshop:<\/div>\n<div>&nbsp;<\/div>\n<div>Workshop \u2013 T\u00e9cnicas de Primeiros Passos na Culin\u00e1ria<\/div>\n<div>Pr\u00e9-requisito: Identidade, CPF e Comprovante de Resid\u00eancia<\/div>\n<div>Realiza\u00e7\u00e3o: 27, 28 e 29\/07 \u2013 1 Turma Manh\u00e3 | 1 Turma Tarde<\/div>\n<div>&nbsp;<\/div>\n<div>Workshop \u2013 T\u00e9cnicas de Preparo de Molhos<\/div>\n<div>Pr\u00e9-requisito: Identidade, CPF e Comprovante de Resid\u00eancia<\/div>\n<div>Realiza\u00e7\u00e3o: 03, 04 e 05\/08 \u2013 1 Turma Manh\u00e3 | 1 Turma Tarde<\/div>\n<div>&nbsp;<\/div>\n<div>Workshop \u2013 T\u00e9cnicas de Preparo de Saladas<\/div>\n<div>Pr\u00e9-requisito: Identidade, CPF e Comprovante de Resid\u00eancia<\/div>\n<div>Realiza\u00e7\u00e3o: 10, 11 e 12\/08 \u2013 1 Turma Manh\u00e3 | 1 Turma Tarde<\/div>\n<div>&nbsp;<\/div>\n<div>Curso \u2013 Boa Pr\u00e1ticas de Manipula\u00e7\u00e3o de Alimentos<\/div>\n<div>Pr\u00e9-requisito: Identidade, CPF, Comprovante de Resid\u00eancia, Ser maior de 15 anos; Declara\u00e7\u00e3o Escolar que possui 5\u00ba ano completo do ensino Fundamental;<\/div>\n<div>Realiza\u00e7\u00e3o: 17 a 21\/08 \u2013 2 Turmas Manh\u00e3<\/div>\n<div>&nbsp;<\/div>\n<div>Curso \u2013 Quitandas Tradicionais Mineiras<\/div>\n<div>Pr\u00e9-requisito: Identidade, CPF, Comprovante de Resid\u00eancia, Ser maior de 15 anos; Declara\u00e7\u00e3o Escolar que possui 5\u00ba ano completo do ensino Fundamental;<\/div>\n<div>Realiza\u00e7\u00e3o: 31\/08 a 04\/09 \u2013 1 Turma<\/div>\n<div>&nbsp;<\/div>\n<div>Workshop \u2013 T\u00e9cnicas de Preparos de Massas<\/div>\n<div>Pr\u00e9-requisito: Identidade, CPF e Comprovante de Resid\u00eancia<\/div>\n<div>Realiza\u00e7\u00e3o: 10, 11 e 12\/08 \u2013 1 Turma Manh\u00e3 | 1 Turma Tarde<\/div>\n<div>&nbsp;<\/div>\n<div>Workshop \u2013 T\u00e9cnicas de Preparos de Pizzas<\/div>\n<div>Pr\u00e9-requisito: Identidade, CPF e Comprovante de Resid\u00eancia<\/div>\n<div>Realiza\u00e7\u00e3o: 14, 15, 16\/09 \u2013 1 Turma Manh\u00e3 | 1 Turma Tarde<\/div>\n<div>&nbsp;<\/div>\n<div>Workshop \u2013 T\u00e9cnicas de Preparos de Salgados<\/div>\n<div>Pr\u00e9-requisito: Identidade, CPF e Comprovante de Resid\u00eancia<\/div>\n<div>Realiza\u00e7\u00e3o: 21, 22, 23\/09 \u2013 1 Turma Manh\u00e3 | 1 Turma Tarde<\/div>\n<div>&nbsp;<\/div>\n<div>Curso \u2013 Culin\u00e1ria Mineira<\/div>\n<div>Pr\u00e9-requisito: Identidade, CPF, Comprovante de Resid\u00eancia, Ser maior de 15 anos; Declara\u00e7\u00e3o Escolar que possui 5\u00ba ano completo do ensino Fundamental;<\/div>\n<div>Realiza\u00e7\u00e3o: 28\/09 a 02\/10 \u2013 1 Turma Manh\u00e3<\/div>\n<div>&nbsp;<\/div>\n<div>Workshop \u2013 Reaproveitamento de Alimentos<\/div>\n<div>Pr\u00e9-requisito: Identidade, CPF e Comprovante de Resid\u00eancia<\/div>\n<div>Realiza\u00e7\u00e3o: 31\/08, 01 e 02\/09 \u2013 1 Turma Tarde<\/div>\n<div>&nbsp;<\/div>\n<div>Workshop \u2013 Desenvolvimento de Card\u00e1pios para Restaurantes<\/div>\n<div>Pr\u00e9-requisito: Identidade, CPF e Comprovante de Resid\u00eancia<\/div>\n<div>Realiza\u00e7\u00e3o: 05, 06 e 07\/10 \u2013 1 Turma Manh\u00e3<\/div>\n<div>&nbsp;<\/div>\n<div>Workshop \u2013 T\u00e9cnicas para Baristas<\/div>\n<div>Pr\u00e9-requisito: Identidade, CPF e Comprovante de Resid\u00eancia<\/div>\n<div>Realiza\u00e7\u00e3o: 05, 06 e 07\/10 \u2013 1 Turma Tarde<\/div>\n<div>&nbsp;<\/div>\n<div>Workshop \u2013 Elabora\u00e7\u00e3o de Coffee Break<\/div>\n<div>Pr\u00e9-requisito: Identidade, CPF e Comprovante de Resid\u00eancia<\/div>\n<div>Realiza\u00e7\u00e3o: 17\/09 \u2013 1 Turma Manh\u00e3<\/div>\n<div>&nbsp;<\/div>\n<div>Curso \u2013 Agentes de Informa\u00e7\u00f5es Tur\u00edsticas<\/div>\n<div>Pr\u00e9-requisito: Identidade, CPF, Comprovante de Resid\u00eancia, Ser maior de 15 anos; Declara\u00e7\u00e3o Escolar que possui 5\u00ba ano completo do ensino Fundamental;<\/div>\n<div>Realiza\u00e7\u00e3o: 02\/08 a 14\/10 \u2013 1 Turma Noite<\/div>\n<div>&nbsp;<\/div>\n<div>Curso \u2013 T\u00e9cnicas para Gar\u00e7om de Bares<\/div>\n<div>Pr\u00e9-requisito: Identidade, CPF, Comprovante de Resid\u00eancia, Ser maior de 15 anos; Declara\u00e7\u00e3o Escolar que possui 5\u00ba ano completo do ensino Fundamental;<\/div>\n<div>Realiza\u00e7\u00e3o: 05\/07 a 16\/07 \u2013 1 Turma Manh\u00e3<\/div>\n<div>&nbsp;<\/div>\n<div>Curso \u2013 T\u00e9cnicas para Gar\u00e7om de Bares<\/div>\n<div>Pr\u00e9-requisito: Identidade, CPF, Comprovante de Resid\u00eancia, Ser maior de 15 anos; Declara\u00e7\u00e3o Escolar que possui 5\u00ba ano completo do ensino Fundamental;<\/div>\n<div>Realiza\u00e7\u00e3o: 12\/07 a 23\/07 \u2013 1 Turma Manh\u00e3<\/div>\n<div>&nbsp;<\/div>\n<div>Workshop \u2013 T\u00e9cnicas de Servi\u00e7os de Camareira em Meio de Hospedagem<\/div>\n<div>Pr\u00e9-requisito: Identidade, CPF e Comprovante de Resid\u00eancia<\/div>\n<div>Realiza\u00e7\u00e3o: 10 a 13\/08 \u2013 1 Turma Manh\u00e3<\/div>\n<div>&nbsp;<\/div>\n<div>Workshop \u2013 Etiqueta Profissional<\/div>\n<div>Pr\u00e9-requisito: Identidade, CPF e Comprovante de Resid\u00eancia<\/div>\n<div>Realiza\u00e7\u00e3o: 20\/07 \u2013 1 Turma Tarde<\/div>\n<div>&nbsp;<\/div>\n<div>Workshop \u2013 Como elaborar Plano de Marketing<\/div>\n<div>Pr\u00e9-requisito: Identidade, CPF e Comprovante de Resid\u00eancia<\/div>\n<div>Realiza\u00e7\u00e3o: 21\/07 \u2013 1 Turma Manh\u00e3<\/div>\n<div>&nbsp;<\/div>\n<div>Workshop \u2013 Gest\u00e3o de Bares, Restaurantes e Similares<\/div>\n<div>Pr\u00e9-requisito: Identidade, CPF e Comprovante de Resid\u00eancia<\/div>\n<div>Realiza\u00e7\u00e3o: 21\/07 \u2013 1 Turma Tarde<\/div>\n<div>&nbsp;<\/div>\n<div>Workshop \u2013 Redes Sociais: Oportunidades e Desafios<\/div>\n<div>Pr\u00e9-requisito: Identidade, CPF e Comprovante de Resid\u00eancia<\/div>\n<div>Realiza\u00e7\u00e3o: 22\/07 \u2013 1 Turma Manh\u00e3<\/div>\n<\/div>\n<\/div>\n<\/div>\n<\/div>\n<div class=\"yj6qo\">&nbsp;<\/div>\n<div id=\":xr\" class=\"hq gt a10\">&nbsp;<\/div>\n","protected":false},"excerpt":{"rendered":"<p>Seguem abertas at\u00e9 a pr\u00f3xima sexta-feira (9) as inscri\u00e7\u00f5es para o \u201cQualifica Muria\u00e9\u201d, uma iniciativa da Prefeitura de Muria\u00e9 em parceria com o Senac que traz para a cidade 27 cursos e workshops totalmente gratuitos nas \u00e1reas de gastronomia, turismo, gest\u00e3o e marketing. &nbsp; Os interessados devem procurar a Uaitec Muria\u00e9, que funciona \u00e0 rua [&hellip;]<\/p>\n","protected":false},"author":6,"featured_media":0,"comment_status":"open","ping_status":"closed","sticky":false,"template":"","format":"standard","meta":{"_joinchat":[],"footnotes":""},"categories":[1],"tags":[],"class_list":["post-75459","post","type-post","status-publish","format-standard","hentry","category-sem-categoria"],"_links":{"self":[{"href":"https:\/\/folhadosudeste.com\/site\/index.php?rest_route=\/wp\/v2\/posts\/75459","targetHints":{"allow":["GET"]}}],"collection":[{"href":"https:\/\/folhadosudeste.com\/site\/index.php?rest_route=\/wp\/v2\/posts"}],"about":[{"href":"https:\/\/folhadosudeste.com\/site\/index.php?rest_route=\/wp\/v2\/types\/post"}],"author":[{"embeddable":true,"href":"https:\/\/folhadosudeste.com\/site\/index.php?rest_route=\/wp\/v2\/users\/6"}],"replies":[{"embeddable":true,"href":"https:\/\/folhadosudeste.com\/site\/index.php?rest_route=%2Fwp%2Fv2%2Fcomments&post=75459"}],"version-history":[{"count":1,"href":"https:\/\/folhadosudeste.com\/site\/index.php?rest_route=\/wp\/v2\/posts\/75459\/revisions"}],"predecessor-version":[{"id":75461,"href":"https:\/\/folhadosudeste.com\/site\/index.php?rest_route=\/wp\/v2\/posts\/75459\/revisions\/75461"}],"wp:attachment":[{"href":"https:\/\/folhadosudeste.com\/site\/index.php?rest_route=%2Fwp%2Fv2%2Fmedia&parent=75459"}],"wp:term":[{"taxonomy":"category","embeddable":true,"href":"https:\/\/folhadosudeste.com\/site\/index.php?rest_route=%2Fwp%2Fv2%2Fcategories&post=75459"},{"taxonomy":"post_tag","embeddable":true,"href":"https:\/\/folhadosudeste.com\/site\/index.php?rest_route=%2Fwp%2Fv2%2Ftags&post=75459"}],"curies":[{"name":"wp","href":"https:\/\/api.w.org\/{rel}","templated":true}]}}