{"id":75473,"date":"2021-07-06T21:15:43","date_gmt":"2021-07-06T21:15:43","guid":{"rendered":"http:\/\/folhadosudeste.com\/site\/?p=75473"},"modified":"2021-07-06T21:15:43","modified_gmt":"2021-07-06T21:15:43","slug":"boletim-06-07-2021","status":"publish","type":"post","link":"https:\/\/folhadosudeste.com\/site\/?p=75473","title":{"rendered":"Boletim &#8211; 06\/07\/2021"},"content":{"rendered":"<div><a href=\"http:\/\/folhadosudeste.com\/site\/wp-content\/uploads\/2021\/07\/06072021.jpeg\"><img loading=\"lazy\" decoding=\"async\" class=\"alignnone size-full wp-image-75474\" src=\"http:\/\/folhadosudeste.com\/site\/wp-content\/uploads\/2021\/07\/06072021.jpeg\" alt=\"\" width=\"1080\" height=\"1080\" srcset=\"https:\/\/folhadosudeste.com\/site\/wp-content\/uploads\/2021\/07\/06072021.jpeg 1080w, https:\/\/folhadosudeste.com\/site\/wp-content\/uploads\/2021\/07\/06072021-150x150.jpeg 150w, https:\/\/folhadosudeste.com\/site\/wp-content\/uploads\/2021\/07\/06072021-300x300.jpeg 300w, https:\/\/folhadosudeste.com\/site\/wp-content\/uploads\/2021\/07\/06072021-768x768.jpeg 768w, https:\/\/folhadosudeste.com\/site\/wp-content\/uploads\/2021\/07\/06072021-1024x1024.jpeg 1024w\" sizes=\"auto, (max-width: 1080px) 100vw, 1080px\" \/><\/a><\/div>\n<div>O boletim desta ter\u00e7a-feira registrou mais uma morte provocada pela covid-19 em Muria\u00e9. O \u00f3bito foi de um homem de 59 anos, que faleceu no \u00faltimo dia 3. Ele tamb\u00e9m sofria de doen\u00e7a renal e diabetes.<\/div>\n<div>&nbsp;<\/div>\n<div>Tamb\u00e9m foram registrados 20 novos casos da doen\u00e7a. As idades dos pacientes variam entre 26 e 86 anos.<\/div>\n<div>&nbsp;<\/div>\n<div>O percentual de casos registrados de acordo com a faixa et\u00e1ria ficou assim:<\/div>\n<div>&nbsp;<\/div>\n<div>00 a 09: 0%<\/div>\n<div>10 a 19: 0%<\/div>\n<div>20 a 29: 15%<\/div>\n<div>30 a 39: 5%<\/div>\n<div>40 a 49: 20%<\/div>\n<div>50 a 59: 25%<\/div>\n<div>60 a 69: 20%<\/div>\n<div>70 a 79: 10%<\/div>\n<div>80 a 89: 5%<\/div>\n<div>90 a 99: 0%<\/div>\n<div>100 ou mais: 0%<\/div>\n<div>&nbsp;<\/div>\n<div>Veja os n\u00fameros completos de hoje (06\/07\/2021):<\/div>\n<div>&nbsp;<\/div>\n<div>VACINA\u00c7\u00c3O<\/div>\n<div>Vacinados com uma dose: 49.434 (45,19% da popula\u00e7\u00e3o total \/ 69,19% do p\u00fablico-alvo)<\/div>\n<div>Vacinados com duas doses: 18.315 (16,74% da popula\u00e7\u00e3o total \/ 25,64% do p\u00fablico-alvo)<\/div>\n<div>&nbsp;<\/div>\n<p><!--more--><\/p>\n<div>PACIENTES<\/div>\n<div>Total de casos confirmados: 10.557 (+20)<\/div>\n<div>Pacientes ativos: 235<\/div>\n<div>Pacientes curados: 10.048<\/div>\n<div>\u00d3bitos: 274 (+01)<\/div>\n<div>Investigados \/ Monitorados: 118<\/div>\n<div>Negativos: 11.441<\/div>\n<div><a href=\"http:\/\/folhadosudeste.com\/site\/wp-content\/uploads\/2021\/07\/CASOS-DE-COVID-19-EM-MURIA\u00c9-POR-FAIXA-ET\u00c1RIA-06_07_2021.png\"><img loading=\"lazy\" decoding=\"async\" class=\"alignnone size-full wp-image-75475\" src=\"http:\/\/folhadosudeste.com\/site\/wp-content\/uploads\/2021\/07\/CASOS-DE-COVID-19-EM-MURIA\u00c9-POR-FAIXA-ET\u00c1RIA-06_07_2021.png\" alt=\"\" width=\"1437\" height=\"888\" srcset=\"https:\/\/folhadosudeste.com\/site\/wp-content\/uploads\/2021\/07\/CASOS-DE-COVID-19-EM-MURIA\u00c9-POR-FAIXA-ET\u00c1RIA-06_07_2021.png 1437w, https:\/\/folhadosudeste.com\/site\/wp-content\/uploads\/2021\/07\/CASOS-DE-COVID-19-EM-MURIA\u00c9-POR-FAIXA-ET\u00c1RIA-06_07_2021-300x185.png 300w, https:\/\/folhadosudeste.com\/site\/wp-content\/uploads\/2021\/07\/CASOS-DE-COVID-19-EM-MURIA\u00c9-POR-FAIXA-ET\u00c1RIA-06_07_2021-768x475.png 768w, https:\/\/folhadosudeste.com\/site\/wp-content\/uploads\/2021\/07\/CASOS-DE-COVID-19-EM-MURIA\u00c9-POR-FAIXA-ET\u00c1RIA-06_07_2021-1024x633.png 1024w\" sizes=\"auto, (max-width: 1437px) 100vw, 1437px\" \/><\/a><\/div>\n","protected":false},"excerpt":{"rendered":"<p>O boletim desta ter\u00e7a-feira registrou mais uma morte provocada pela covid-19 em Muria\u00e9. O \u00f3bito foi de um homem de 59 anos, que faleceu no \u00faltimo dia 3. Ele tamb\u00e9m sofria de doen\u00e7a renal e diabetes. &nbsp; Tamb\u00e9m foram registrados 20 novos casos da doen\u00e7a. As idades dos pacientes variam entre 26 e 86 anos. [&hellip;]<\/p>\n","protected":false},"author":6,"featured_media":0,"comment_status":"open","ping_status":"closed","sticky":false,"template":"","format":"standard","meta":{"_joinchat":[],"footnotes":""},"categories":[1],"tags":[],"class_list":["post-75473","post","type-post","status-publish","format-standard","hentry","category-sem-categoria"],"_links":{"self":[{"href":"https:\/\/folhadosudeste.com\/site\/index.php?rest_route=\/wp\/v2\/posts\/75473","targetHints":{"allow":["GET"]}}],"collection":[{"href":"https:\/\/folhadosudeste.com\/site\/index.php?rest_route=\/wp\/v2\/posts"}],"about":[{"href":"https:\/\/folhadosudeste.com\/site\/index.php?rest_route=\/wp\/v2\/types\/post"}],"author":[{"embeddable":true,"href":"https:\/\/folhadosudeste.com\/site\/index.php?rest_route=\/wp\/v2\/users\/6"}],"replies":[{"embeddable":true,"href":"https:\/\/folhadosudeste.com\/site\/index.php?rest_route=%2Fwp%2Fv2%2Fcomments&post=75473"}],"version-history":[{"count":1,"href":"https:\/\/folhadosudeste.com\/site\/index.php?rest_route=\/wp\/v2\/posts\/75473\/revisions"}],"predecessor-version":[{"id":75476,"href":"https:\/\/folhadosudeste.com\/site\/index.php?rest_route=\/wp\/v2\/posts\/75473\/revisions\/75476"}],"wp:attachment":[{"href":"https:\/\/folhadosudeste.com\/site\/index.php?rest_route=%2Fwp%2Fv2%2Fmedia&parent=75473"}],"wp:term":[{"taxonomy":"category","embeddable":true,"href":"https:\/\/folhadosudeste.com\/site\/index.php?rest_route=%2Fwp%2Fv2%2Fcategories&post=75473"},{"taxonomy":"post_tag","embeddable":true,"href":"https:\/\/folhadosudeste.com\/site\/index.php?rest_route=%2Fwp%2Fv2%2Ftags&post=75473"}],"curies":[{"name":"wp","href":"https:\/\/api.w.org\/{rel}","templated":true}]}}