{"id":75485,"date":"2021-07-07T15:35:42","date_gmt":"2021-07-07T15:35:42","guid":{"rendered":"http:\/\/folhadosudeste.com\/site\/?p=75485"},"modified":"2021-07-07T15:35:42","modified_gmt":"2021-07-07T15:35:42","slug":"minas-recebeu-neste-fim-de-semana-mais-867-010-doses-de-vacinas-342-300-da-janssen-dose-unica","status":"publish","type":"post","link":"https:\/\/folhadosudeste.com\/site\/?p=75485","title":{"rendered":"Minas recebeu neste fim de semana mais 867.010 doses de vacinas. 342.300 da Janssen dose \u00fanica"},"content":{"rendered":"<p style=\"text-align: justify;\"><a href=\"http:\/\/folhadosudeste.com\/site\/wp-content\/uploads\/2021\/07\/F\u00e1bio-Marchetto-1.jpeg\"><img loading=\"lazy\" decoding=\"async\" class=\"alignnone size-full wp-image-75486\" src=\"http:\/\/folhadosudeste.com\/site\/wp-content\/uploads\/2021\/07\/F\u00e1bio-Marchetto-1.jpeg\" alt=\"\" width=\"766\" height=\"1024\" srcset=\"https:\/\/folhadosudeste.com\/site\/wp-content\/uploads\/2021\/07\/F\u00e1bio-Marchetto-1.jpeg 766w, https:\/\/folhadosudeste.com\/site\/wp-content\/uploads\/2021\/07\/F\u00e1bio-Marchetto-1-224x300.jpeg 224w\" sizes=\"auto, (max-width: 766px) 100vw, 766px\" \/><\/a><\/p>\n<p style=\"text-align: justify;\">Secretaria de Estado de Sa\u00fade deu continuidade, nesta ter\u00e7a-feira (6\/7), \u00e0 distribui\u00e7\u00e3o do 28\u00ba lote de imunizantes enviado pelo Minist\u00e9rio da Sa\u00fade.<\/p>\n<p style=\"text-align: justify;\">A maior opera\u00e7\u00e3o de vacina\u00e7\u00e3o da hist\u00f3ria de Minas Gerais deu sequ\u00eancia, nesta ter\u00e7a-feira (6\/7), \u00e0 distribui\u00e7\u00e3o da 28\u00aa de vacinas contra a covid-19. Est\u00e3o a caminho das Unidades Regionais de Sa\u00fade (URSs) 867.010 doses, sendo 342.300 da Janssen, 304.750 da AstraZeneca e 219.960da Pfizer.<\/p>\n<p style=\"text-align: justify;\">As regionais de Belo Horizonte, Divin\u00f3polis, Itabira, Janu\u00e1ria, Montes Claros e Pirapora buscaram as suas doses diretamente na Central Estadual de Rede de Frio, da Secretaria de Estado de Sa\u00fade (SES-MG). Um caminh\u00e3o refrigerado tamb\u00e9m saiu da Rede de Frio e entregar\u00e1 vacinas nas regionais de Varginha e Pouso Alegre. Na quarta-feira (7\/7), a distribui\u00e7\u00e3o dos imunizantes continua para outras 20 regionais.<\/p>\n<p style=\"text-align: justify;\"><!--more--><\/p>\n<p style=\"text-align: justify;\">O 28\u00ba lote de vacinas chegou em Minas Gerais de maneira fracionada: na quarta-feira (30\/6), 624.500 doses da AstraZeneca; na quinta-feira (1\/7), 112.320 doses da Pfizer \u2013 essas duas remessas foram distribu\u00eddas para as URSs na sexta-feira (2\/7) \u2013; e, no s\u00e1bado (3\/7), as 867.010 doses que come\u00e7aram a ser encaminhadas \u00e0s Unidades Regionais nesta ter\u00e7a-feira.<\/p>\n<p style=\"text-align: justify;\"><strong>P\u00fablico-alvo:<\/strong>&nbsp;As 342.300 doses da Janssen ser\u00e3o destinadas \u00e0s pessoas entre 55 a 59 anos, popula\u00e7\u00e3o privada de liberdade, funcion\u00e1rios do sistema penitenci\u00e1rio, trabalhadores do transporte metrovi\u00e1rio e ferrovi\u00e1rio, trabalhadores industriais e caminhoneiros. J\u00e1 as 304.750 doses da AstraZeneca imunizar\u00e3o pessoas com comorbidade e com defici\u00eancia permanente e as 219.960 doses da Pfizer ser\u00e3o destinadas \u00e0 popula\u00e7\u00e3o entre 55 a 59 anos, trabalhadores industriais e trabalhadores da limpeza urbana.<\/p>\n<p style=\"text-align: justify;\">Fonte:&nbsp;www.silvanalves.com.br<\/p>\n","protected":false},"excerpt":{"rendered":"<p>Secretaria de Estado de Sa\u00fade deu continuidade, nesta ter\u00e7a-feira (6\/7), \u00e0 distribui\u00e7\u00e3o do 28\u00ba lote de imunizantes enviado pelo Minist\u00e9rio da Sa\u00fade. A maior opera\u00e7\u00e3o de vacina\u00e7\u00e3o da hist\u00f3ria de Minas Gerais deu sequ\u00eancia, nesta ter\u00e7a-feira (6\/7), \u00e0 distribui\u00e7\u00e3o da 28\u00aa de vacinas contra a covid-19. Est\u00e3o a caminho das Unidades Regionais de Sa\u00fade (URSs) [&hellip;]<\/p>\n","protected":false},"author":6,"featured_media":0,"comment_status":"open","ping_status":"closed","sticky":false,"template":"","format":"standard","meta":{"_joinchat":[],"footnotes":""},"categories":[1],"tags":[],"class_list":["post-75485","post","type-post","status-publish","format-standard","hentry","category-sem-categoria"],"_links":{"self":[{"href":"https:\/\/folhadosudeste.com\/site\/index.php?rest_route=\/wp\/v2\/posts\/75485","targetHints":{"allow":["GET"]}}],"collection":[{"href":"https:\/\/folhadosudeste.com\/site\/index.php?rest_route=\/wp\/v2\/posts"}],"about":[{"href":"https:\/\/folhadosudeste.com\/site\/index.php?rest_route=\/wp\/v2\/types\/post"}],"author":[{"embeddable":true,"href":"https:\/\/folhadosudeste.com\/site\/index.php?rest_route=\/wp\/v2\/users\/6"}],"replies":[{"embeddable":true,"href":"https:\/\/folhadosudeste.com\/site\/index.php?rest_route=%2Fwp%2Fv2%2Fcomments&post=75485"}],"version-history":[{"count":1,"href":"https:\/\/folhadosudeste.com\/site\/index.php?rest_route=\/wp\/v2\/posts\/75485\/revisions"}],"predecessor-version":[{"id":75487,"href":"https:\/\/folhadosudeste.com\/site\/index.php?rest_route=\/wp\/v2\/posts\/75485\/revisions\/75487"}],"wp:attachment":[{"href":"https:\/\/folhadosudeste.com\/site\/index.php?rest_route=%2Fwp%2Fv2%2Fmedia&parent=75485"}],"wp:term":[{"taxonomy":"category","embeddable":true,"href":"https:\/\/folhadosudeste.com\/site\/index.php?rest_route=%2Fwp%2Fv2%2Fcategories&post=75485"},{"taxonomy":"post_tag","embeddable":true,"href":"https:\/\/folhadosudeste.com\/site\/index.php?rest_route=%2Fwp%2Fv2%2Ftags&post=75485"}],"curies":[{"name":"wp","href":"https:\/\/api.w.org\/{rel}","templated":true}]}}