{"id":75517,"date":"2021-07-08T16:54:30","date_gmt":"2021-07-08T16:54:30","guid":{"rendered":"http:\/\/folhadosudeste.com\/site\/?p=75517"},"modified":"2021-07-08T16:54:30","modified_gmt":"2021-07-08T16:54:30","slug":"nacional-de-muriae-e-atletico-mg-empatam-sem-gols-pelo-mineiro-sub-20","status":"publish","type":"post","link":"https:\/\/folhadosudeste.com\/site\/?p=75517","title":{"rendered":"Nacional de Muria\u00e9 e Atl\u00e9tico-MG empatam sem gols pelo Mineiro sub-20"},"content":{"rendered":"<div class=\"mc-column content-text active-extra-styles active-capital-letter\" data-block-type=\"unstyled\" data-block-weight=\"41\" data-block-id=\"2\">\n<p style=\"text-align: justify;\" data-track-category=\"Link no Texto\" data-track-links=\"\"><a href=\"http:\/\/folhadosudeste.com\/site\/wp-content\/uploads\/2021\/07\/whatsapp-image-2021-07-07-at-17.22.32.jpeg\"><img loading=\"lazy\" decoding=\"async\" class=\"alignnone size-full wp-image-75518\" src=\"http:\/\/folhadosudeste.com\/site\/wp-content\/uploads\/2021\/07\/whatsapp-image-2021-07-07-at-17.22.32.jpeg\" alt=\"\" width=\"924\" height=\"616\" srcset=\"https:\/\/folhadosudeste.com\/site\/wp-content\/uploads\/2021\/07\/whatsapp-image-2021-07-07-at-17.22.32.jpeg 924w, https:\/\/folhadosudeste.com\/site\/wp-content\/uploads\/2021\/07\/whatsapp-image-2021-07-07-at-17.22.32-300x200.jpeg 300w, https:\/\/folhadosudeste.com\/site\/wp-content\/uploads\/2021\/07\/whatsapp-image-2021-07-07-at-17.22.32-768x512.jpeg 768w, https:\/\/folhadosudeste.com\/site\/wp-content\/uploads\/2021\/07\/whatsapp-image-2021-07-07-at-17.22.32-120x80.jpeg 120w, https:\/\/folhadosudeste.com\/site\/wp-content\/uploads\/2021\/07\/whatsapp-image-2021-07-07-at-17.22.32-345x230.jpeg 345w\" sizes=\"auto, (max-width: 924px) 100vw, 924px\" \/><\/a>Foto: NAC\/Divulga\u00e7\u00e3o<\/p>\n<h3 class=\"content-head__subtitle\" style=\"text-align: justify;\">Equipes ficaram no 0 a 0 na tarde desta quarta-feira, no Soares de Azevedo, em Muria\u00e9<\/h3>\n<p class=\"content-text__container theme-color-primary-first-letter\" style=\"text-align: justify;\" data-track-category=\"Link no Texto\" data-track-links=\"\">Nacional de Muria\u00e9 e Atl\u00e9tico-MG ficaram no 0 a 0 na tarde desta quarta-feira, no Est\u00e1dio Soares de Azevedo, no jogo de abertura da nona rodada do Campeonato Mineiro sub-20. As equipes tiveram oportunidades para marcar, mas n\u00e3o movimentaram o placar.<\/p>\n<\/div>\n<div class=\"wall protected-content\">\n<div class=\"mc-column content-text active-extra-styles \" style=\"text-align: justify;\" data-block-type=\"unstyled\" data-block-weight=\"28\" data-block-id=\"3\">\n<p class=\"content-text__container \" data-track-category=\"Link no Texto\" data-track-links=\"\">Com o resultado, o NAC chega aos 12 pontos e ocupa a segunda posi\u00e7\u00e3o no Grupo A. J\u00e1 classificado \u00e0 pr\u00f3xima fase, o Galo tem 17 pontos.<\/p>\n<\/div>\n<div data-track-category=\"multicontent\" data-track-action=\"ultimo chunk conteudo\" data-track-noninteraction=\"false\" data-track-scroll=\"view\">\n<div class=\"mc-column content-text active-extra-styles \" data-block-type=\"unstyled\" data-block-weight=\"56\" data-block-id=\"4\">\n<p class=\"content-text__container \" style=\"text-align: justify;\" data-track-category=\"Link no Texto\" data-track-links=\"\">Na \u00faltima rodada, o NAC enfrenta o Araguari, no s\u00e1bado, dia 17 de julho, a partir das 15h, no Campo do Santa Cruz em Belo Horizonte. O Atl\u00e9tico-MG folga, mas tem um jogo atrasado da oitava rodada a cumprir. A equipe enfrenta o Figueirense-MG no dia 21 de julho, \u00e0s 15h, em local a definir.<\/p>\n<p data-track-category=\"Link no Texto\" data-track-links=\"\">Fonte: G1\/Zona da mata<\/p>\n<\/div>\n<\/div>\n<\/div>\n","protected":false},"excerpt":{"rendered":"<p>Foto: NAC\/Divulga\u00e7\u00e3o Equipes ficaram no 0 a 0 na tarde desta quarta-feira, no Soares de Azevedo, em Muria\u00e9 Nacional de Muria\u00e9 e Atl\u00e9tico-MG ficaram no 0 a 0 na tarde desta quarta-feira, no Est\u00e1dio Soares de Azevedo, no jogo de abertura da nona rodada do Campeonato Mineiro sub-20. As equipes tiveram oportunidades para marcar, mas [&hellip;]<\/p>\n","protected":false},"author":6,"featured_media":0,"comment_status":"open","ping_status":"closed","sticky":false,"template":"","format":"standard","meta":{"_joinchat":[],"footnotes":""},"categories":[1],"tags":[],"class_list":["post-75517","post","type-post","status-publish","format-standard","hentry","category-sem-categoria"],"_links":{"self":[{"href":"https:\/\/folhadosudeste.com\/site\/index.php?rest_route=\/wp\/v2\/posts\/75517","targetHints":{"allow":["GET"]}}],"collection":[{"href":"https:\/\/folhadosudeste.com\/site\/index.php?rest_route=\/wp\/v2\/posts"}],"about":[{"href":"https:\/\/folhadosudeste.com\/site\/index.php?rest_route=\/wp\/v2\/types\/post"}],"author":[{"embeddable":true,"href":"https:\/\/folhadosudeste.com\/site\/index.php?rest_route=\/wp\/v2\/users\/6"}],"replies":[{"embeddable":true,"href":"https:\/\/folhadosudeste.com\/site\/index.php?rest_route=%2Fwp%2Fv2%2Fcomments&post=75517"}],"version-history":[{"count":1,"href":"https:\/\/folhadosudeste.com\/site\/index.php?rest_route=\/wp\/v2\/posts\/75517\/revisions"}],"predecessor-version":[{"id":75519,"href":"https:\/\/folhadosudeste.com\/site\/index.php?rest_route=\/wp\/v2\/posts\/75517\/revisions\/75519"}],"wp:attachment":[{"href":"https:\/\/folhadosudeste.com\/site\/index.php?rest_route=%2Fwp%2Fv2%2Fmedia&parent=75517"}],"wp:term":[{"taxonomy":"category","embeddable":true,"href":"https:\/\/folhadosudeste.com\/site\/index.php?rest_route=%2Fwp%2Fv2%2Fcategories&post=75517"},{"taxonomy":"post_tag","embeddable":true,"href":"https:\/\/folhadosudeste.com\/site\/index.php?rest_route=%2Fwp%2Fv2%2Ftags&post=75517"}],"curies":[{"name":"wp","href":"https:\/\/api.w.org\/{rel}","templated":true}]}}