{"id":75596,"date":"2021-07-10T04:10:25","date_gmt":"2021-07-10T04:10:25","guid":{"rendered":"http:\/\/folhadosudeste.com\/site\/?p=75596"},"modified":"2021-07-10T04:10:25","modified_gmt":"2021-07-10T04:10:25","slug":"boletim-09-07-2021","status":"publish","type":"post","link":"https:\/\/folhadosudeste.com\/site\/?p=75596","title":{"rendered":"Boletim &#8211; 09\/07\/2021"},"content":{"rendered":"<div><a href=\"http:\/\/folhadosudeste.com\/site\/wp-content\/uploads\/2021\/07\/09072021.jpeg\"><img loading=\"lazy\" decoding=\"async\" class=\"alignnone size-full wp-image-75597\" src=\"http:\/\/folhadosudeste.com\/site\/wp-content\/uploads\/2021\/07\/09072021.jpeg\" alt=\"\" width=\"1080\" height=\"1080\" srcset=\"https:\/\/folhadosudeste.com\/site\/wp-content\/uploads\/2021\/07\/09072021.jpeg 1080w, https:\/\/folhadosudeste.com\/site\/wp-content\/uploads\/2021\/07\/09072021-150x150.jpeg 150w, https:\/\/folhadosudeste.com\/site\/wp-content\/uploads\/2021\/07\/09072021-300x300.jpeg 300w, https:\/\/folhadosudeste.com\/site\/wp-content\/uploads\/2021\/07\/09072021-768x768.jpeg 768w, https:\/\/folhadosudeste.com\/site\/wp-content\/uploads\/2021\/07\/09072021-1024x1024.jpeg 1024w\" sizes=\"auto, (max-width: 1080px) 100vw, 1080px\" \/><\/a><\/div>\n<div style=\"text-align: justify;\">O boletim desta sexta-feira trouxe a confirma\u00e7\u00e3o de mais uma morte provocada pela covid-19 em Muria\u00e9. O \u00f3bito foi de um homem de 66 anos que tamb\u00e9m sofria de pneumopatia. Ele morreu em 8 de junho.<\/div>\n<div style=\"text-align: justify;\">&nbsp;<\/div>\n<div style=\"text-align: justify;\">Tamb\u00e9m foram registrados 11 novos casos da doen\u00e7a na cidade, com pacientes cujas idades variam entre 15&nbsp; e 85 anos.<\/div>\n<div style=\"text-align: justify;\">&nbsp;<\/div>\n<div style=\"text-align: justify;\">O n\u00famero de casos registrados de acordo com a faixa et\u00e1ria ficou assim:<\/div>\n<div style=\"text-align: justify;\">&nbsp;<\/div>\n<div style=\"text-align: justify;\">De 00 a 09 anos: Nenhum caso<\/div>\n<div style=\"text-align: justify;\">De 10 a 19 anos: 1 caso<\/div>\n<div style=\"text-align: justify;\">De 20 a 29 anos: 1 caso<\/div>\n<div style=\"text-align: justify;\">De 30 a 39 anos: 2 casos<\/div>\n<div style=\"text-align: justify;\">De 40 a 49 anos: 2 casos<\/div>\n<div style=\"text-align: justify;\">De 50 a 59 anos: 2 casos<\/div>\n<div style=\"text-align: justify;\">De 60 a 69 anos: Nenhum caso<\/div>\n<div style=\"text-align: justify;\">De 70 a 79 anos: 2 casos<\/div>\n<div style=\"text-align: justify;\">De 80 a 89 anos: 1 caso<\/div>\n<div style=\"text-align: justify;\">De 90 a 99 anos: Nenhum caso<\/div>\n<div style=\"text-align: justify;\">A partir de 100 anos: Nenhum caso<\/div>\n<div style=\"text-align: justify;\">&nbsp;<\/div>\n<div style=\"text-align: justify;\">J\u00e1 a vacina\u00e7\u00e3o segue avan\u00e7ando. Nesta sexta, mais 1.403 pessoas compareceram aos postos de imuniza\u00e7\u00e3o &#8211; 453 receberam primeira dose e 950 receberam segunda dose ou vacina da Janssen (de dose \u00fanica).<\/div>\n<div>&nbsp;<\/div>\n<p><!--more--><\/p>\n<div style=\"text-align: justify;\">&nbsp;<\/div>\n<div style=\"text-align: justify;\">Veja os n\u00fameros completos de hoje (09\/07\/2021):<\/div>\n<div style=\"text-align: justify;\">&nbsp;<\/div>\n<div style=\"text-align: justify;\">VACINA\u00c7\u00c3O<\/div>\n<div style=\"text-align: justify;\">Vacinados com uma dose: 51.211 (46,81% da popula\u00e7\u00e3o total<\/div>\n<div style=\"text-align: justify;\">Vacinados com duas doses ou dose \u00fanica: 20.400 (18,65% da popula\u00e7\u00e3o total)<\/div>\n<div style=\"text-align: justify;\">&nbsp;<\/div>\n<div style=\"text-align: justify;\">PACIENTES<\/div>\n<div style=\"text-align: justify;\">Total de casos confirmados: 10.618 (+11)<\/div>\n<div style=\"text-align: justify;\">Pacientes ativos: 230<\/div>\n<div style=\"text-align: justify;\">Pacientes curados: 10.111<\/div>\n<div style=\"text-align: justify;\">\u00d3bitos: 277 (+01)<\/div>\n<div style=\"text-align: justify;\">Investigados \/ Monitorados: 99<\/div>\n<div style=\"text-align: justify;\">Negativos: 11.588<\/div>\n<div><a href=\"http:\/\/folhadosudeste.com\/site\/wp-content\/uploads\/2021\/07\/CASOS-DE-COVID-19-EM-MURIA\u00c9-POR-FAIXA-ET\u00c1RIA-09_07_2021.png\"><img loading=\"lazy\" decoding=\"async\" class=\"alignnone size-full wp-image-75598\" src=\"http:\/\/folhadosudeste.com\/site\/wp-content\/uploads\/2021\/07\/CASOS-DE-COVID-19-EM-MURIA\u00c9-POR-FAIXA-ET\u00c1RIA-09_07_2021.png\" alt=\"\" width=\"1042\" height=\"903\" srcset=\"https:\/\/folhadosudeste.com\/site\/wp-content\/uploads\/2021\/07\/CASOS-DE-COVID-19-EM-MURIA\u00c9-POR-FAIXA-ET\u00c1RIA-09_07_2021.png 1042w, https:\/\/folhadosudeste.com\/site\/wp-content\/uploads\/2021\/07\/CASOS-DE-COVID-19-EM-MURIA\u00c9-POR-FAIXA-ET\u00c1RIA-09_07_2021-300x260.png 300w, https:\/\/folhadosudeste.com\/site\/wp-content\/uploads\/2021\/07\/CASOS-DE-COVID-19-EM-MURIA\u00c9-POR-FAIXA-ET\u00c1RIA-09_07_2021-768x666.png 768w, https:\/\/folhadosudeste.com\/site\/wp-content\/uploads\/2021\/07\/CASOS-DE-COVID-19-EM-MURIA\u00c9-POR-FAIXA-ET\u00c1RIA-09_07_2021-1024x887.png 1024w\" sizes=\"auto, (max-width: 1042px) 100vw, 1042px\" \/><\/a><\/div>\n","protected":false},"excerpt":{"rendered":"<p>O boletim desta sexta-feira trouxe a confirma\u00e7\u00e3o de mais uma morte provocada pela covid-19 em Muria\u00e9. O \u00f3bito foi de um homem de 66 anos que tamb\u00e9m sofria de pneumopatia. Ele morreu em 8 de junho. &nbsp; Tamb\u00e9m foram registrados 11 novos casos da doen\u00e7a na cidade, com pacientes cujas idades variam entre 15&nbsp; e [&hellip;]<\/p>\n","protected":false},"author":6,"featured_media":0,"comment_status":"open","ping_status":"closed","sticky":false,"template":"","format":"standard","meta":{"_joinchat":[],"footnotes":""},"categories":[1],"tags":[],"class_list":["post-75596","post","type-post","status-publish","format-standard","hentry","category-sem-categoria"],"_links":{"self":[{"href":"https:\/\/folhadosudeste.com\/site\/index.php?rest_route=\/wp\/v2\/posts\/75596","targetHints":{"allow":["GET"]}}],"collection":[{"href":"https:\/\/folhadosudeste.com\/site\/index.php?rest_route=\/wp\/v2\/posts"}],"about":[{"href":"https:\/\/folhadosudeste.com\/site\/index.php?rest_route=\/wp\/v2\/types\/post"}],"author":[{"embeddable":true,"href":"https:\/\/folhadosudeste.com\/site\/index.php?rest_route=\/wp\/v2\/users\/6"}],"replies":[{"embeddable":true,"href":"https:\/\/folhadosudeste.com\/site\/index.php?rest_route=%2Fwp%2Fv2%2Fcomments&post=75596"}],"version-history":[{"count":1,"href":"https:\/\/folhadosudeste.com\/site\/index.php?rest_route=\/wp\/v2\/posts\/75596\/revisions"}],"predecessor-version":[{"id":75599,"href":"https:\/\/folhadosudeste.com\/site\/index.php?rest_route=\/wp\/v2\/posts\/75596\/revisions\/75599"}],"wp:attachment":[{"href":"https:\/\/folhadosudeste.com\/site\/index.php?rest_route=%2Fwp%2Fv2%2Fmedia&parent=75596"}],"wp:term":[{"taxonomy":"category","embeddable":true,"href":"https:\/\/folhadosudeste.com\/site\/index.php?rest_route=%2Fwp%2Fv2%2Fcategories&post=75596"},{"taxonomy":"post_tag","embeddable":true,"href":"https:\/\/folhadosudeste.com\/site\/index.php?rest_route=%2Fwp%2Fv2%2Ftags&post=75596"}],"curies":[{"name":"wp","href":"https:\/\/api.w.org\/{rel}","templated":true}]}}