{"id":75646,"date":"2021-07-12T13:38:42","date_gmt":"2021-07-12T13:38:42","guid":{"rendered":"http:\/\/folhadosudeste.com\/site\/?p=75646"},"modified":"2021-07-12T13:38:42","modified_gmt":"2021-07-12T13:38:42","slug":"prf-de-muriae-de-luto-morre-agenor","status":"publish","type":"post","link":"https:\/\/folhadosudeste.com\/site\/?p=75646","title":{"rendered":"PRF DE MURIA\u00c9 DE LUTO, MORRE AGENOR"},"content":{"rendered":"<p style=\"text-align: justify;\"><a href=\"http:\/\/folhadosudeste.com\/site\/wp-content\/uploads\/2021\/07\/AGENOR1-768x1022.jpg\"><img loading=\"lazy\" decoding=\"async\" class=\"alignnone size-full wp-image-75647\" src=\"http:\/\/folhadosudeste.com\/site\/wp-content\/uploads\/2021\/07\/AGENOR1-768x1022.jpg\" alt=\"\" width=\"768\" height=\"1022\" srcset=\"https:\/\/folhadosudeste.com\/site\/wp-content\/uploads\/2021\/07\/AGENOR1-768x1022.jpg 768w, https:\/\/folhadosudeste.com\/site\/wp-content\/uploads\/2021\/07\/AGENOR1-768x1022-225x300.jpg 225w\" sizes=\"auto, (max-width: 768px) 100vw, 768px\" \/><\/a><\/p>\n<p style=\"text-align: justify;\">Uma triste not\u00edcia para a Pol\u00edcia Rodovi\u00e1ria Federal de Muria\u00e9 que perdeu um de seus homens e um grande cidad\u00e3o, o AGENOR Ant\u00f4nio de Oliveira, que faleceu no in\u00edcio da noite deste domingo, 11 de julho, no Hospital S\u00e3o Paulo. Ainda n\u00e3o h\u00e1 detalhes oficiais sobre a causa da morte (passou mal, piorou rapidamente, teria testado positivo para Covid e no HSP teria sofrido uma parada card\u00edaca). Muito conhecido tamb\u00e9m na regi\u00e3o entre o S\u00e3o Francisco do Gl\u00f3ria e Fervedouro, onde tamb\u00e9m se dedicava em suas folgas \u00e0 apicultura (mel e cera) e \u00e0 Casa do Mel, AGENOR vai fazer muito falta para os amigos, a PRF, a fam\u00edlia e o setor de apicultura. A PRF deve fazer um cortejo nesta manh\u00e3 de segunda-feira.<strong>VOLTAMOS EM BREVE COM MAIS DETALHES.&nbsp;<\/strong><\/p>\n<p><!--more--><\/p>\n<p style=\"text-align: justify;\">Fonte:&nbsp;https:\/\/www.silvanalves.com.br<\/p>\n","protected":false},"excerpt":{"rendered":"<p>Uma triste not\u00edcia para a Pol\u00edcia Rodovi\u00e1ria Federal de Muria\u00e9 que perdeu um de seus homens e um grande cidad\u00e3o, o AGENOR Ant\u00f4nio de Oliveira, que faleceu no in\u00edcio da noite deste domingo, 11 de julho, no Hospital S\u00e3o Paulo. Ainda n\u00e3o h\u00e1 detalhes oficiais sobre a causa da morte (passou mal, piorou rapidamente, teria [&hellip;]<\/p>\n","protected":false},"author":6,"featured_media":0,"comment_status":"open","ping_status":"closed","sticky":false,"template":"","format":"standard","meta":{"_joinchat":[],"footnotes":""},"categories":[1],"tags":[],"class_list":["post-75646","post","type-post","status-publish","format-standard","hentry","category-sem-categoria"],"_links":{"self":[{"href":"https:\/\/folhadosudeste.com\/site\/index.php?rest_route=\/wp\/v2\/posts\/75646","targetHints":{"allow":["GET"]}}],"collection":[{"href":"https:\/\/folhadosudeste.com\/site\/index.php?rest_route=\/wp\/v2\/posts"}],"about":[{"href":"https:\/\/folhadosudeste.com\/site\/index.php?rest_route=\/wp\/v2\/types\/post"}],"author":[{"embeddable":true,"href":"https:\/\/folhadosudeste.com\/site\/index.php?rest_route=\/wp\/v2\/users\/6"}],"replies":[{"embeddable":true,"href":"https:\/\/folhadosudeste.com\/site\/index.php?rest_route=%2Fwp%2Fv2%2Fcomments&post=75646"}],"version-history":[{"count":1,"href":"https:\/\/folhadosudeste.com\/site\/index.php?rest_route=\/wp\/v2\/posts\/75646\/revisions"}],"predecessor-version":[{"id":75648,"href":"https:\/\/folhadosudeste.com\/site\/index.php?rest_route=\/wp\/v2\/posts\/75646\/revisions\/75648"}],"wp:attachment":[{"href":"https:\/\/folhadosudeste.com\/site\/index.php?rest_route=%2Fwp%2Fv2%2Fmedia&parent=75646"}],"wp:term":[{"taxonomy":"category","embeddable":true,"href":"https:\/\/folhadosudeste.com\/site\/index.php?rest_route=%2Fwp%2Fv2%2Fcategories&post=75646"},{"taxonomy":"post_tag","embeddable":true,"href":"https:\/\/folhadosudeste.com\/site\/index.php?rest_route=%2Fwp%2Fv2%2Ftags&post=75646"}],"curies":[{"name":"wp","href":"https:\/\/api.w.org\/{rel}","templated":true}]}}