{"id":75649,"date":"2021-07-12T13:45:37","date_gmt":"2021-07-12T13:45:37","guid":{"rendered":"http:\/\/folhadosudeste.com\/site\/?p=75649"},"modified":"2021-07-12T13:45:37","modified_gmt":"2021-07-12T13:45:37","slug":"carreta-tomba-na-ponte-da-pratinha","status":"publish","type":"post","link":"https:\/\/folhadosudeste.com\/site\/?p=75649","title":{"rendered":"Carreta tomba na Ponte da Pratinha"},"content":{"rendered":"<p style=\"text-align: justify;\"><a href=\"http:\/\/folhadosudeste.com\/site\/wp-content\/uploads\/2021\/07\/PRAT1_707x519.jpg\"><img loading=\"lazy\" decoding=\"async\" class=\"alignnone size-full wp-image-75650\" src=\"http:\/\/folhadosudeste.com\/site\/wp-content\/uploads\/2021\/07\/PRAT1_707x519.jpg\" alt=\"\" width=\"707\" height=\"519\" srcset=\"https:\/\/folhadosudeste.com\/site\/wp-content\/uploads\/2021\/07\/PRAT1_707x519.jpg 707w, https:\/\/folhadosudeste.com\/site\/wp-content\/uploads\/2021\/07\/PRAT1_707x519-300x220.jpg 300w\" sizes=\"auto, (max-width: 707px) 100vw, 707px\" \/><\/a><\/p>\n<p style=\"text-align: justify;\">Uma carreta tombou na manh\u00e3 deste domingo, na BR-356, na altura da Ponte da Pratinha. O Corpo de Bombeiros&nbsp; foi acionado e no local deparou com o motorista ferido, que j\u00e1 estava fora do ve\u00edculo. A v\u00edtima foi levada pelo SAMU para o Hospital S\u00e3o Paulo, onde passaria por exames mais detalhados. A carreta estava carregada de produtos de limpeza e viajava de S\u00e3o Paulo para Serra-ES. A PRF assumiu a ocorr\u00eancia e vai apurar as causas do acidente.<\/p>\n<p style=\"text-align: justify;\"><!--more--><\/p>\n<p style=\"text-align: justify;\"><a href=\"http:\/\/folhadosudeste.com\/site\/wp-content\/uploads\/2021\/07\/PRAT2_707x399.jpg\"><img loading=\"lazy\" decoding=\"async\" class=\"alignnone size-full wp-image-75651\" src=\"http:\/\/folhadosudeste.com\/site\/wp-content\/uploads\/2021\/07\/PRAT2_707x399.jpg\" alt=\"\" width=\"707\" height=\"399\" srcset=\"https:\/\/folhadosudeste.com\/site\/wp-content\/uploads\/2021\/07\/PRAT2_707x399.jpg 707w, https:\/\/folhadosudeste.com\/site\/wp-content\/uploads\/2021\/07\/PRAT2_707x399-300x169.jpg 300w\" sizes=\"auto, (max-width: 707px) 100vw, 707px\" \/><\/a><a href=\"http:\/\/folhadosudeste.com\/site\/wp-content\/uploads\/2021\/07\/PRAT4_707x438.jpg\"><img loading=\"lazy\" decoding=\"async\" class=\"alignnone size-full wp-image-75652\" src=\"http:\/\/folhadosudeste.com\/site\/wp-content\/uploads\/2021\/07\/PRAT4_707x438.jpg\" alt=\"\" width=\"707\" height=\"438\" srcset=\"https:\/\/folhadosudeste.com\/site\/wp-content\/uploads\/2021\/07\/PRAT4_707x438.jpg 707w, https:\/\/folhadosudeste.com\/site\/wp-content\/uploads\/2021\/07\/PRAT4_707x438-300x186.jpg 300w\" sizes=\"auto, (max-width: 707px) 100vw, 707px\" \/><\/a><\/p>\n<p>Fonte:www.silvanalves.com.br<\/p>\n","protected":false},"excerpt":{"rendered":"<p>Uma carreta tombou na manh\u00e3 deste domingo, na BR-356, na altura da Ponte da Pratinha. O Corpo de Bombeiros&nbsp; foi acionado e no local deparou com o motorista ferido, que j\u00e1 estava fora do ve\u00edculo. A v\u00edtima foi levada pelo SAMU para o Hospital S\u00e3o Paulo, onde passaria por exames mais detalhados. A carreta estava [&hellip;]<\/p>\n","protected":false},"author":6,"featured_media":0,"comment_status":"open","ping_status":"closed","sticky":false,"template":"","format":"standard","meta":{"_joinchat":[],"footnotes":""},"categories":[1],"tags":[],"class_list":["post-75649","post","type-post","status-publish","format-standard","hentry","category-sem-categoria"],"_links":{"self":[{"href":"https:\/\/folhadosudeste.com\/site\/index.php?rest_route=\/wp\/v2\/posts\/75649","targetHints":{"allow":["GET"]}}],"collection":[{"href":"https:\/\/folhadosudeste.com\/site\/index.php?rest_route=\/wp\/v2\/posts"}],"about":[{"href":"https:\/\/folhadosudeste.com\/site\/index.php?rest_route=\/wp\/v2\/types\/post"}],"author":[{"embeddable":true,"href":"https:\/\/folhadosudeste.com\/site\/index.php?rest_route=\/wp\/v2\/users\/6"}],"replies":[{"embeddable":true,"href":"https:\/\/folhadosudeste.com\/site\/index.php?rest_route=%2Fwp%2Fv2%2Fcomments&post=75649"}],"version-history":[{"count":1,"href":"https:\/\/folhadosudeste.com\/site\/index.php?rest_route=\/wp\/v2\/posts\/75649\/revisions"}],"predecessor-version":[{"id":75653,"href":"https:\/\/folhadosudeste.com\/site\/index.php?rest_route=\/wp\/v2\/posts\/75649\/revisions\/75653"}],"wp:attachment":[{"href":"https:\/\/folhadosudeste.com\/site\/index.php?rest_route=%2Fwp%2Fv2%2Fmedia&parent=75649"}],"wp:term":[{"taxonomy":"category","embeddable":true,"href":"https:\/\/folhadosudeste.com\/site\/index.php?rest_route=%2Fwp%2Fv2%2Fcategories&post=75649"},{"taxonomy":"post_tag","embeddable":true,"href":"https:\/\/folhadosudeste.com\/site\/index.php?rest_route=%2Fwp%2Fv2%2Ftags&post=75649"}],"curies":[{"name":"wp","href":"https:\/\/api.w.org\/{rel}","templated":true}]}}