{"id":75685,"date":"2021-07-12T14:17:00","date_gmt":"2021-07-12T14:17:00","guid":{"rendered":"http:\/\/folhadosudeste.com\/site\/?p=75685"},"modified":"2021-07-12T14:50:17","modified_gmt":"2021-07-12T14:50:17","slug":"novos-concursados-tomam-posse-na-prefeitura-de-muriae","status":"publish","type":"post","link":"https:\/\/folhadosudeste.com\/site\/?p=75685","title":{"rendered":"Novos concursados tomam posse na Prefeitura de Muria\u00e9"},"content":{"rendered":"<div id=\":un\" class=\"ii gt\">\n<div id=\":uo\" class=\"a3s aiL \">\n<div>\n<div>\n<div>\n<p align=\"justify\"><a href=\"http:\/\/folhadosudeste.com\/site\/wp-content\/uploads\/2021\/07\/Posse-de-julho.1.jpg\"><img loading=\"lazy\" decoding=\"async\" class=\"alignnone size-full wp-image-75686\" src=\"http:\/\/folhadosudeste.com\/site\/wp-content\/uploads\/2021\/07\/Posse-de-julho.1.jpg\" alt=\"\" width=\"780\" height=\"540\" srcset=\"https:\/\/folhadosudeste.com\/site\/wp-content\/uploads\/2021\/07\/Posse-de-julho.1.jpg 780w, https:\/\/folhadosudeste.com\/site\/wp-content\/uploads\/2021\/07\/Posse-de-julho.1-300x208.jpg 300w, https:\/\/folhadosudeste.com\/site\/wp-content\/uploads\/2021\/07\/Posse-de-julho.1-768x532.jpg 768w\" sizes=\"auto, (max-width: 780px) 100vw, 780px\" \/><\/a><\/p>\n<\/div>\n<\/div>\n<\/div>\n<\/div>\n<\/div>\n<div id=\":vg\" class=\"hq gt a10\" style=\"text-align: justify;\">\n<p>Quatro&nbsp;pessoas&nbsp;aprovadas no \u00faltimo concurso p\u00fablico realizado pela Prefeitura de Muria\u00e9 acabaram de ser&nbsp;convocadas&nbsp;para&nbsp;ocuparem cargos nas&nbsp;secretarias de Educa\u00e7\u00e3o e Sa\u00fade.&nbsp;As vagas foram para os cargos de professor; t\u00e9cnico de enfermagem e fisioterapeuta.<\/p>\n<p>Os&nbsp;secret\u00e1rios&nbsp;de Administra\u00e7\u00e3o e Governo,&nbsp;representando o prefeito Jos\u00e9 Braz,&nbsp;deram posse aos aprovados. \u201cA convoca\u00e7\u00e3o \u00e9 um incremento no setor de pessoal do munic\u00edpio, essencial a presta\u00e7\u00e3o de servi\u00e7os. Os servidores agora nomeados s\u00e3o funcion\u00e1rios cruciais para a Educa\u00e7\u00e3o e a Sa\u00fade de Muria\u00e9\u201d,&nbsp;ressaltou Paulo S\u00e9rgio Amaral.<\/p>\n<\/div>\n<p><!--more--><\/p>\n<div id=\":vg\" class=\"hq gt a10\" style=\"text-align: justify;\">\n<p>A Administra\u00e7\u00e3o Municipal informou que&nbsp;tais&nbsp;vagas&nbsp;s\u00e3o imprensind\u00edveis&nbsp;para o bom funcionamento da m\u00e1quina administrativa. \u201cDando continuidade a responsabiliza\u00e7\u00e3o do munic\u00edpio em rela\u00e7\u00e3o a Constitui\u00e7\u00e3o Federal, respeitando tamb\u00e9m a realiza\u00e7\u00e3o do&nbsp;concurso p\u00fablico que \u00e9 obrigat\u00f3rio, n\u00f3s fizemos a nomea\u00e7\u00e3o de mais aguns servidores para ocuparem cargos na Prefeitura. Estamos avan\u00e7ando bastante com a Secretaria de Educa\u00e7\u00e3o&nbsp;em rela\u00e7\u00e3o a&nbsp;cria\u00e7\u00e3o de novas turmas, novas salas e novas pr\u00e1ticas\u201d, declarou o&nbsp;secret\u00e1rio de Administra\u00e7\u00e3o, Edmar Rodrigues.<\/p>\n<p>Trinta e sete&nbsp;pessoas&nbsp;passaram a integrar&nbsp;o quadro de servidores&nbsp;p\u00fablicos efetivos&nbsp;neste ano de 2021.&nbsp;Um&nbsp;grande n\u00famero de vagas foi preenchido&nbsp;para os&nbsp;cargos&nbsp;de&nbsp;motorista, professor, oftalmologista, t\u00e9cnico de enfermagem e&nbsp;v\u00e1rios&nbsp;outros.&nbsp;Os convocados&nbsp;j\u00e1 entram para atua\u00e7\u00e3o&nbsp;nas&nbsp;\u00e1reas para as quais j\u00e1&nbsp;possuem&nbsp;experi\u00eancia comprovada.<\/p>\n<p>Passaram&nbsp;a fazer parte&nbsp;do quadro de funcion\u00e1rios&nbsp;efetivos&nbsp;da Prefeitura de Muria\u00e9:<\/p>\n<p>Marise Almeida \u2013 Educa\u00e7\u00e3o&nbsp;Infantil<\/p>\n<p>Aline Magalh\u00e3es Carneiro \u2013 T\u00e9cnico de enfermagem<\/p>\n<p>Aline Soares de Freitas &#8211; Fisioterapeuta<\/p>\n<\/div>\n","protected":false},"excerpt":{"rendered":"<p>Quatro&nbsp;pessoas&nbsp;aprovadas no \u00faltimo concurso p\u00fablico realizado pela Prefeitura de Muria\u00e9 acabaram de ser&nbsp;convocadas&nbsp;para&nbsp;ocuparem cargos nas&nbsp;secretarias de Educa\u00e7\u00e3o e Sa\u00fade.&nbsp;As vagas foram para os cargos de professor; t\u00e9cnico de enfermagem e fisioterapeuta. Os&nbsp;secret\u00e1rios&nbsp;de Administra\u00e7\u00e3o e Governo,&nbsp;representando o prefeito Jos\u00e9 Braz,&nbsp;deram posse aos aprovados. \u201cA convoca\u00e7\u00e3o \u00e9 um incremento no setor de pessoal do munic\u00edpio, essencial a [&hellip;]<\/p>\n","protected":false},"author":6,"featured_media":0,"comment_status":"open","ping_status":"closed","sticky":false,"template":"","format":"standard","meta":{"_joinchat":[],"footnotes":""},"categories":[1],"tags":[],"class_list":["post-75685","post","type-post","status-publish","format-standard","hentry","category-sem-categoria"],"_links":{"self":[{"href":"https:\/\/folhadosudeste.com\/site\/index.php?rest_route=\/wp\/v2\/posts\/75685","targetHints":{"allow":["GET"]}}],"collection":[{"href":"https:\/\/folhadosudeste.com\/site\/index.php?rest_route=\/wp\/v2\/posts"}],"about":[{"href":"https:\/\/folhadosudeste.com\/site\/index.php?rest_route=\/wp\/v2\/types\/post"}],"author":[{"embeddable":true,"href":"https:\/\/folhadosudeste.com\/site\/index.php?rest_route=\/wp\/v2\/users\/6"}],"replies":[{"embeddable":true,"href":"https:\/\/folhadosudeste.com\/site\/index.php?rest_route=%2Fwp%2Fv2%2Fcomments&post=75685"}],"version-history":[{"count":3,"href":"https:\/\/folhadosudeste.com\/site\/index.php?rest_route=\/wp\/v2\/posts\/75685\/revisions"}],"predecessor-version":[{"id":75695,"href":"https:\/\/folhadosudeste.com\/site\/index.php?rest_route=\/wp\/v2\/posts\/75685\/revisions\/75695"}],"wp:attachment":[{"href":"https:\/\/folhadosudeste.com\/site\/index.php?rest_route=%2Fwp%2Fv2%2Fmedia&parent=75685"}],"wp:term":[{"taxonomy":"category","embeddable":true,"href":"https:\/\/folhadosudeste.com\/site\/index.php?rest_route=%2Fwp%2Fv2%2Fcategories&post=75685"},{"taxonomy":"post_tag","embeddable":true,"href":"https:\/\/folhadosudeste.com\/site\/index.php?rest_route=%2Fwp%2Fv2%2Ftags&post=75685"}],"curies":[{"name":"wp","href":"https:\/\/api.w.org\/{rel}","templated":true}]}}