{"id":75709,"date":"2021-07-12T18:57:38","date_gmt":"2021-07-12T18:57:38","guid":{"rendered":"http:\/\/folhadosudeste.com\/site\/?p=75709"},"modified":"2021-07-12T18:57:38","modified_gmt":"2021-07-12T18:57:38","slug":"vacinacao-contra-covid-em-muriae-pessoas-de-39-anos-nesta-terca","status":"publish","type":"post","link":"https:\/\/folhadosudeste.com\/site\/?p=75709","title":{"rendered":"Vacina\u00e7\u00e3o contra covid em Muria\u00e9: pessoas de 39 anos nesta ter\u00e7a"},"content":{"rendered":"<div style=\"text-align: justify;\"><a href=\"http:\/\/folhadosudeste.com\/site\/wp-content\/uploads\/2021\/07\/39.jpeg\"><img loading=\"lazy\" decoding=\"async\" class=\"alignnone size-full wp-image-75710\" src=\"http:\/\/folhadosudeste.com\/site\/wp-content\/uploads\/2021\/07\/39.jpeg\" alt=\"\" width=\"1280\" height=\"1280\" srcset=\"https:\/\/folhadosudeste.com\/site\/wp-content\/uploads\/2021\/07\/39.jpeg 1280w, https:\/\/folhadosudeste.com\/site\/wp-content\/uploads\/2021\/07\/39-150x150.jpeg 150w, https:\/\/folhadosudeste.com\/site\/wp-content\/uploads\/2021\/07\/39-300x300.jpeg 300w, https:\/\/folhadosudeste.com\/site\/wp-content\/uploads\/2021\/07\/39-768x768.jpeg 768w, https:\/\/folhadosudeste.com\/site\/wp-content\/uploads\/2021\/07\/39-1024x1024.jpeg 1024w\" sizes=\"auto, (max-width: 1280px) 100vw, 1280px\" \/><\/a><\/div>\n<div style=\"text-align: justify;\">Chegou a vez das pessoas de 39 anos se vacinarem contra a covid-19 em Muria\u00e9. A vacina\u00e7\u00e3o para esta idade ser\u00e1 nesta ter\u00e7a-feira, dia 13 de julho, nas unidades b\u00e1sicas de sa\u00fade dos bairros Dornelas, Padre Tiago, Planalto, Primavera e S\u00e3o Francisco.<\/div>\n<div style=\"text-align: justify;\">&nbsp;<\/div>\n<div style=\"text-align: justify;\">O atendimento ser\u00e1 das 8h \u00e0s 11h e ser\u00e3o distribu\u00eddas 250 senhas em cada local. Vale lembrar que \u00e9 necess\u00e1rio apresentar comprovante de resid\u00eancia em Muria\u00e9 e CPF ou documento de identidade.<\/div>\n","protected":false},"excerpt":{"rendered":"<p>Chegou a vez das pessoas de 39 anos se vacinarem contra a covid-19 em Muria\u00e9. A vacina\u00e7\u00e3o para esta idade ser\u00e1 nesta ter\u00e7a-feira, dia 13 de julho, nas unidades b\u00e1sicas de sa\u00fade dos bairros Dornelas, Padre Tiago, Planalto, Primavera e S\u00e3o Francisco. &nbsp; O atendimento ser\u00e1 das 8h \u00e0s 11h e ser\u00e3o distribu\u00eddas 250 senhas [&hellip;]<\/p>\n","protected":false},"author":6,"featured_media":0,"comment_status":"open","ping_status":"closed","sticky":false,"template":"","format":"standard","meta":{"_joinchat":[],"footnotes":""},"categories":[1],"tags":[],"class_list":["post-75709","post","type-post","status-publish","format-standard","hentry","category-sem-categoria"],"_links":{"self":[{"href":"https:\/\/folhadosudeste.com\/site\/index.php?rest_route=\/wp\/v2\/posts\/75709","targetHints":{"allow":["GET"]}}],"collection":[{"href":"https:\/\/folhadosudeste.com\/site\/index.php?rest_route=\/wp\/v2\/posts"}],"about":[{"href":"https:\/\/folhadosudeste.com\/site\/index.php?rest_route=\/wp\/v2\/types\/post"}],"author":[{"embeddable":true,"href":"https:\/\/folhadosudeste.com\/site\/index.php?rest_route=\/wp\/v2\/users\/6"}],"replies":[{"embeddable":true,"href":"https:\/\/folhadosudeste.com\/site\/index.php?rest_route=%2Fwp%2Fv2%2Fcomments&post=75709"}],"version-history":[{"count":1,"href":"https:\/\/folhadosudeste.com\/site\/index.php?rest_route=\/wp\/v2\/posts\/75709\/revisions"}],"predecessor-version":[{"id":75711,"href":"https:\/\/folhadosudeste.com\/site\/index.php?rest_route=\/wp\/v2\/posts\/75709\/revisions\/75711"}],"wp:attachment":[{"href":"https:\/\/folhadosudeste.com\/site\/index.php?rest_route=%2Fwp%2Fv2%2Fmedia&parent=75709"}],"wp:term":[{"taxonomy":"category","embeddable":true,"href":"https:\/\/folhadosudeste.com\/site\/index.php?rest_route=%2Fwp%2Fv2%2Fcategories&post=75709"},{"taxonomy":"post_tag","embeddable":true,"href":"https:\/\/folhadosudeste.com\/site\/index.php?rest_route=%2Fwp%2Fv2%2Ftags&post=75709"}],"curies":[{"name":"wp","href":"https:\/\/api.w.org\/{rel}","templated":true}]}}