{"id":75712,"date":"2021-07-12T20:56:30","date_gmt":"2021-07-12T20:56:30","guid":{"rendered":"http:\/\/folhadosudeste.com\/site\/?p=75712"},"modified":"2021-07-12T20:56:30","modified_gmt":"2021-07-12T20:56:30","slug":"muriae-registrou-27-novos-casos-de-covid-19-nesta-segunda-feira","status":"publish","type":"post","link":"https:\/\/folhadosudeste.com\/site\/?p=75712","title":{"rendered":"Muria\u00e9 registrou 27 novos casos de covid-19 nesta segunda-feira"},"content":{"rendered":"<div id=\":11d\" class=\"ii gt\">\n<div id=\":11c\" class=\"a3s aiL \">\n<div>\n<div>\n<div>\n<div><a href=\"http:\/\/folhadosudeste.com\/site\/wp-content\/uploads\/2021\/07\/12072021.jpeg\"><img loading=\"lazy\" decoding=\"async\" class=\"alignnone size-full wp-image-75713\" src=\"http:\/\/folhadosudeste.com\/site\/wp-content\/uploads\/2021\/07\/12072021.jpeg\" alt=\"\" width=\"1080\" height=\"1080\" srcset=\"https:\/\/folhadosudeste.com\/site\/wp-content\/uploads\/2021\/07\/12072021.jpeg 1080w, https:\/\/folhadosudeste.com\/site\/wp-content\/uploads\/2021\/07\/12072021-150x150.jpeg 150w, https:\/\/folhadosudeste.com\/site\/wp-content\/uploads\/2021\/07\/12072021-300x300.jpeg 300w, https:\/\/folhadosudeste.com\/site\/wp-content\/uploads\/2021\/07\/12072021-768x768.jpeg 768w, https:\/\/folhadosudeste.com\/site\/wp-content\/uploads\/2021\/07\/12072021-1024x1024.jpeg 1024w\" sizes=\"auto, (max-width: 1080px) 100vw, 1080px\" \/><\/a><\/div>\n<div>&nbsp;<\/div>\n<div style=\"text-align: justify;\">A idade dos pacientes varia entre cinco e 74 anos. A divis\u00e3o de n\u00famero de registros por faixa et\u00e1ria ficou assim:<\/div>\n<div style=\"text-align: justify;\">&nbsp;<\/div>\n<div style=\"text-align: justify;\">De 00 a 09 anos: 1 caso<\/div>\n<div style=\"text-align: justify;\">De 10 a 19 anos: Nenhum caso<\/div>\n<div style=\"text-align: justify;\">De 20 a 29 anos: 6 casos<\/div>\n<div style=\"text-align: justify;\">De 30 a 39 anos: 8 casos<\/div>\n<div style=\"text-align: justify;\">De 40 a 49 anos: 8 casos<\/div>\n<div style=\"text-align: justify;\">De 50 a 59 anos: 2 casos<\/div>\n<div style=\"text-align: justify;\">De 60 a 69 anos: 1 caso<\/div>\n<div style=\"text-align: justify;\">De 70 a 79 anos: 1 caso<\/div>\n<div style=\"text-align: justify;\">De 80 a 89 anos: Nenhum<\/div>\n<div style=\"text-align: justify;\">De 90 a 99 anos: Nenhum caso<\/div>\n<div style=\"text-align: justify;\">A partir de 100 anos: Nenhum caso<\/div>\n<div style=\"text-align: justify;\">&nbsp;<\/div>\n<div style=\"text-align: justify;\">Redu\u00e7\u00e3o &#8211; A m\u00e9dia m\u00f3vel de registros teve queda de 32,52%. O \u00edndice das \u00faltimas duas semanas \u00e9 de 19,71 casos a cada 24 horas, enquanto no mesmo per\u00edodo anterior havia sido de 29,21 infec\u00e7\u00f5es por dia.<\/div>\n<div style=\"text-align: justify;\">&nbsp;<\/div>\n<div style=\"text-align: justify;\">A m\u00e9dia di\u00e1ria de \u00f3bitos tamb\u00e9m caiu. Passou de 0,79 por dia (um a cada 30 horas e 23 minutos) para 0,5 por dia (um a cada 48 horas).<\/div>\n<\/div>\n<\/div>\n<\/div>\n<\/div>\n<\/div>\n<p><!--more--><\/p>\n<div id=\":12n\" class=\"hq gt\" style=\"text-align: justify;\">\n<div id=\":11c\" class=\"a3s aiL \">\n<div>\n<div>\n<div>\n<div style=\"text-align: justify;\">Veja os n\u00fameros completos de hoje (12\/07\/2021):<\/div>\n<div style=\"text-align: justify;\">&nbsp;<\/div>\n<div style=\"text-align: justify;\">VACINA\u00c7\u00c3O<\/div>\n<div style=\"text-align: justify;\">Vacinados com uma dose: 52.391 (47,89% da popula\u00e7\u00e3o total<\/div>\n<div style=\"text-align: justify;\">Vacinados com duas doses ou dose \u00fanica: 21.961 (20,08 % da popula\u00e7\u00e3o total)<\/div>\n<div style=\"text-align: justify;\">&nbsp;<\/div>\n<div style=\"text-align: justify;\">PACIENTES<\/div>\n<div style=\"text-align: justify;\">Total de casos confirmados: 10.645 (+27)<\/div>\n<div style=\"text-align: justify;\">Pacientes ativos: 200<\/div>\n<div style=\"text-align: justify;\">Pacientes curados: 10.168<\/div>\n<div style=\"text-align: justify;\">\u00d3bitos: 277<\/div>\n<div style=\"text-align: justify;\">Investigados \/ Monitorados: 94<\/div>\n<div style=\"text-align: justify;\">Negativos: 11.661<\/div>\n<\/div>\n<\/div>\n<\/div>\n<\/div>\n<div class=\"yj6qo\" style=\"text-align: justify;\">&nbsp;<\/div>\n<div class=\"yj6qo\" style=\"text-align: justify;\"><a href=\"http:\/\/folhadosudeste.com\/site\/wp-content\/uploads\/2021\/07\/CASOS-DE-COVID-19-EM-MURIA\u00c9-POR-FAIXA-ET\u00c1RIA-12_07_2021.png\"><img loading=\"lazy\" decoding=\"async\" class=\"alignnone size-full wp-image-75714\" src=\"http:\/\/folhadosudeste.com\/site\/wp-content\/uploads\/2021\/07\/CASOS-DE-COVID-19-EM-MURIA\u00c9-POR-FAIXA-ET\u00c1RIA-12_07_2021.png\" alt=\"\" width=\"1045\" height=\"903\" srcset=\"https:\/\/folhadosudeste.com\/site\/wp-content\/uploads\/2021\/07\/CASOS-DE-COVID-19-EM-MURIA\u00c9-POR-FAIXA-ET\u00c1RIA-12_07_2021.png 1045w, https:\/\/folhadosudeste.com\/site\/wp-content\/uploads\/2021\/07\/CASOS-DE-COVID-19-EM-MURIA\u00c9-POR-FAIXA-ET\u00c1RIA-12_07_2021-300x259.png 300w, https:\/\/folhadosudeste.com\/site\/wp-content\/uploads\/2021\/07\/CASOS-DE-COVID-19-EM-MURIA\u00c9-POR-FAIXA-ET\u00c1RIA-12_07_2021-768x664.png 768w, https:\/\/folhadosudeste.com\/site\/wp-content\/uploads\/2021\/07\/CASOS-DE-COVID-19-EM-MURIA\u00c9-POR-FAIXA-ET\u00c1RIA-12_07_2021-1024x885.png 1024w\" sizes=\"auto, (max-width: 1045px) 100vw, 1045px\" \/><\/a><\/div>\n<div class=\"yj6qo\" style=\"text-align: justify;\">&nbsp;<\/div>\n<\/div>\n","protected":false},"excerpt":{"rendered":"<p>&nbsp; A idade dos pacientes varia entre cinco e 74 anos. A divis\u00e3o de n\u00famero de registros por faixa et\u00e1ria ficou assim: &nbsp; De 00 a 09 anos: 1 caso De 10 a 19 anos: Nenhum caso De 20 a 29 anos: 6 casos De 30 a 39 anos: 8 casos De 40 a 49 [&hellip;]<\/p>\n","protected":false},"author":6,"featured_media":0,"comment_status":"open","ping_status":"closed","sticky":false,"template":"","format":"standard","meta":{"_joinchat":[],"footnotes":""},"categories":[1],"tags":[],"class_list":["post-75712","post","type-post","status-publish","format-standard","hentry","category-sem-categoria"],"_links":{"self":[{"href":"https:\/\/folhadosudeste.com\/site\/index.php?rest_route=\/wp\/v2\/posts\/75712","targetHints":{"allow":["GET"]}}],"collection":[{"href":"https:\/\/folhadosudeste.com\/site\/index.php?rest_route=\/wp\/v2\/posts"}],"about":[{"href":"https:\/\/folhadosudeste.com\/site\/index.php?rest_route=\/wp\/v2\/types\/post"}],"author":[{"embeddable":true,"href":"https:\/\/folhadosudeste.com\/site\/index.php?rest_route=\/wp\/v2\/users\/6"}],"replies":[{"embeddable":true,"href":"https:\/\/folhadosudeste.com\/site\/index.php?rest_route=%2Fwp%2Fv2%2Fcomments&post=75712"}],"version-history":[{"count":1,"href":"https:\/\/folhadosudeste.com\/site\/index.php?rest_route=\/wp\/v2\/posts\/75712\/revisions"}],"predecessor-version":[{"id":75715,"href":"https:\/\/folhadosudeste.com\/site\/index.php?rest_route=\/wp\/v2\/posts\/75712\/revisions\/75715"}],"wp:attachment":[{"href":"https:\/\/folhadosudeste.com\/site\/index.php?rest_route=%2Fwp%2Fv2%2Fmedia&parent=75712"}],"wp:term":[{"taxonomy":"category","embeddable":true,"href":"https:\/\/folhadosudeste.com\/site\/index.php?rest_route=%2Fwp%2Fv2%2Fcategories&post=75712"},{"taxonomy":"post_tag","embeddable":true,"href":"https:\/\/folhadosudeste.com\/site\/index.php?rest_route=%2Fwp%2Fv2%2Ftags&post=75712"}],"curies":[{"name":"wp","href":"https:\/\/api.w.org\/{rel}","templated":true}]}}