{"id":75745,"date":"2021-07-13T14:06:05","date_gmt":"2021-07-13T14:06:05","guid":{"rendered":"http:\/\/folhadosudeste.com\/site\/?p=75745"},"modified":"2021-07-13T14:06:05","modified_gmt":"2021-07-13T14:06:05","slug":"nao-perdemos-um-policial-perdemos-um-irmao-disse-na-despedida-o-chefe-da-prf-nesta-regiao","status":"publish","type":"post","link":"https:\/\/folhadosudeste.com\/site\/?p=75745","title":{"rendered":"N\u00e3o perdemos um policial, perdemos um irm\u00e3o\u201d disse na despedida o Chefe da PRF nesta regi\u00e3o"},"content":{"rendered":"<p>&nbsp;<\/p>\n<p><a href=\"http:\/\/folhadosudeste.com\/site\/wp-content\/uploads\/2021\/07\/DSC09241_707x530-707x405.jpg\"><img loading=\"lazy\" decoding=\"async\" class=\"alignnone size-full wp-image-75746\" src=\"http:\/\/folhadosudeste.com\/site\/wp-content\/uploads\/2021\/07\/DSC09241_707x530-707x405.jpg\" alt=\"\" width=\"707\" height=\"405\" srcset=\"https:\/\/folhadosudeste.com\/site\/wp-content\/uploads\/2021\/07\/DSC09241_707x530-707x405.jpg 707w, https:\/\/folhadosudeste.com\/site\/wp-content\/uploads\/2021\/07\/DSC09241_707x530-707x405-300x172.jpg 300w\" sizes=\"auto, (max-width: 707px) 100vw, 707px\" \/><\/a>Um cortejo f\u00fanebre realizado pela Pol\u00edcia Rodovi\u00e1ria Federal de Muria\u00e9, pela morte do policial&nbsp;<strong>AGENOR OLIVEIRA<\/strong>, saiu do Hospital S\u00e3o Paulo e foi at\u00e9 a cidade de Fervedouro, marcando a despedida do policial que est\u00e1 na corpora\u00e7\u00e3o federal desde 1996.<\/p>\n<p>Na porta do Cemit\u00e9rio Municipal, as homenagens das igrejas, do Inspetor da PRF na Delegacia Regional, Joel Guedes e do policial Emerick, representando todos os colegas. Momento de muita emo\u00e7\u00e3o nesta despedida. Agenor far\u00e1 falta a todos: PRF, fam\u00edlia, amigos e munic\u00edpios desta regi\u00e3o da Zona da Mata, pois era destaque nas quest\u00f5es ambientais e na apicultura.<\/p>\n<p><!--more--><\/p>\n<p>A triste not\u00edcia para a Pol\u00edcia Rodovi\u00e1ria Federal de Muria\u00e9 veio no in\u00edcio da noite deste domingo,&nbsp;<strong>AGENOR<\/strong>&nbsp;Ant\u00f4nio de Oliveira, 59 anos, havia falecido. Ainda n\u00e3o h\u00e1 detalhes oficiais sobre a causa da morte (passou mal, piorou rapidamente, teria testado positivo para Covid e no HSP teria sofrido uma parada card\u00edaca).<\/p>\n<p><a href=\"http:\/\/folhadosudeste.com\/site\/wp-content\/uploads\/2021\/07\/DSC09193_707x530.jpg\"><img loading=\"lazy\" decoding=\"async\" class=\"alignnone size-full wp-image-75747\" src=\"http:\/\/folhadosudeste.com\/site\/wp-content\/uploads\/2021\/07\/DSC09193_707x530.jpg\" alt=\"\" width=\"707\" height=\"530\" srcset=\"https:\/\/folhadosudeste.com\/site\/wp-content\/uploads\/2021\/07\/DSC09193_707x530.jpg 707w, https:\/\/folhadosudeste.com\/site\/wp-content\/uploads\/2021\/07\/DSC09193_707x530-300x225.jpg 300w\" sizes=\"auto, (max-width: 707px) 100vw, 707px\" \/><\/a> <a href=\"http:\/\/folhadosudeste.com\/site\/wp-content\/uploads\/2021\/07\/DSC09195_707x530.jpg\"><img loading=\"lazy\" decoding=\"async\" class=\"alignnone size-full wp-image-75748\" src=\"http:\/\/folhadosudeste.com\/site\/wp-content\/uploads\/2021\/07\/DSC09195_707x530.jpg\" alt=\"\" width=\"707\" height=\"530\" srcset=\"https:\/\/folhadosudeste.com\/site\/wp-content\/uploads\/2021\/07\/DSC09195_707x530.jpg 707w, https:\/\/folhadosudeste.com\/site\/wp-content\/uploads\/2021\/07\/DSC09195_707x530-300x225.jpg 300w\" sizes=\"auto, (max-width: 707px) 100vw, 707px\" \/><\/a> <a href=\"http:\/\/folhadosudeste.com\/site\/wp-content\/uploads\/2021\/07\/DSC09198_707x530.jpg\"><img loading=\"lazy\" decoding=\"async\" class=\"alignnone size-full wp-image-75749\" src=\"http:\/\/folhadosudeste.com\/site\/wp-content\/uploads\/2021\/07\/DSC09198_707x530.jpg\" alt=\"\" width=\"707\" height=\"530\" srcset=\"https:\/\/folhadosudeste.com\/site\/wp-content\/uploads\/2021\/07\/DSC09198_707x530.jpg 707w, https:\/\/folhadosudeste.com\/site\/wp-content\/uploads\/2021\/07\/DSC09198_707x530-300x225.jpg 300w\" sizes=\"auto, (max-width: 707px) 100vw, 707px\" \/><\/a> <a href=\"http:\/\/folhadosudeste.com\/site\/wp-content\/uploads\/2021\/07\/DSC09212_707x530.jpg\"><img loading=\"lazy\" decoding=\"async\" class=\"alignnone size-full wp-image-75750\" src=\"http:\/\/folhadosudeste.com\/site\/wp-content\/uploads\/2021\/07\/DSC09212_707x530.jpg\" alt=\"\" width=\"707\" height=\"530\" srcset=\"https:\/\/folhadosudeste.com\/site\/wp-content\/uploads\/2021\/07\/DSC09212_707x530.jpg 707w, https:\/\/folhadosudeste.com\/site\/wp-content\/uploads\/2021\/07\/DSC09212_707x530-300x225.jpg 300w\" sizes=\"auto, (max-width: 707px) 100vw, 707px\" \/><\/a> <a href=\"http:\/\/folhadosudeste.com\/site\/wp-content\/uploads\/2021\/07\/DSC09221_707x530.jpg\"><img loading=\"lazy\" decoding=\"async\" class=\"alignnone size-full wp-image-75751\" src=\"http:\/\/folhadosudeste.com\/site\/wp-content\/uploads\/2021\/07\/DSC09221_707x530.jpg\" alt=\"\" width=\"707\" height=\"530\" srcset=\"https:\/\/folhadosudeste.com\/site\/wp-content\/uploads\/2021\/07\/DSC09221_707x530.jpg 707w, https:\/\/folhadosudeste.com\/site\/wp-content\/uploads\/2021\/07\/DSC09221_707x530-300x225.jpg 300w\" sizes=\"auto, (max-width: 707px) 100vw, 707px\" \/><\/a> <a href=\"http:\/\/folhadosudeste.com\/site\/wp-content\/uploads\/2021\/07\/DSC09230_707x530.jpg\"><img loading=\"lazy\" decoding=\"async\" class=\"alignnone size-full wp-image-75752\" src=\"http:\/\/folhadosudeste.com\/site\/wp-content\/uploads\/2021\/07\/DSC09230_707x530.jpg\" alt=\"\" width=\"707\" height=\"530\" srcset=\"https:\/\/folhadosudeste.com\/site\/wp-content\/uploads\/2021\/07\/DSC09230_707x530.jpg 707w, https:\/\/folhadosudeste.com\/site\/wp-content\/uploads\/2021\/07\/DSC09230_707x530-300x225.jpg 300w\" sizes=\"auto, (max-width: 707px) 100vw, 707px\" \/><\/a> <a href=\"http:\/\/folhadosudeste.com\/site\/wp-content\/uploads\/2021\/07\/DSC09233_707x530.jpg\"><img loading=\"lazy\" decoding=\"async\" class=\"alignnone size-full wp-image-75753\" src=\"http:\/\/folhadosudeste.com\/site\/wp-content\/uploads\/2021\/07\/DSC09233_707x530.jpg\" alt=\"\" width=\"707\" height=\"530\" srcset=\"https:\/\/folhadosudeste.com\/site\/wp-content\/uploads\/2021\/07\/DSC09233_707x530.jpg 707w, https:\/\/folhadosudeste.com\/site\/wp-content\/uploads\/2021\/07\/DSC09233_707x530-300x225.jpg 300w\" sizes=\"auto, (max-width: 707px) 100vw, 707px\" \/><\/a> <a href=\"http:\/\/folhadosudeste.com\/site\/wp-content\/uploads\/2021\/07\/DSC09236_707x530.jpg\"><img loading=\"lazy\" decoding=\"async\" class=\"alignnone size-full wp-image-75754\" src=\"http:\/\/folhadosudeste.com\/site\/wp-content\/uploads\/2021\/07\/DSC09236_707x530.jpg\" alt=\"\" width=\"707\" height=\"530\" srcset=\"https:\/\/folhadosudeste.com\/site\/wp-content\/uploads\/2021\/07\/DSC09236_707x530.jpg 707w, https:\/\/folhadosudeste.com\/site\/wp-content\/uploads\/2021\/07\/DSC09236_707x530-300x225.jpg 300w\" sizes=\"auto, (max-width: 707px) 100vw, 707px\" \/><\/a> <a href=\"http:\/\/folhadosudeste.com\/site\/wp-content\/uploads\/2021\/07\/DSC09243_707x530.jpg\"><img loading=\"lazy\" decoding=\"async\" class=\"alignnone size-full wp-image-75755\" src=\"http:\/\/folhadosudeste.com\/site\/wp-content\/uploads\/2021\/07\/DSC09243_707x530.jpg\" alt=\"\" width=\"707\" height=\"530\" srcset=\"https:\/\/folhadosudeste.com\/site\/wp-content\/uploads\/2021\/07\/DSC09243_707x530.jpg 707w, https:\/\/folhadosudeste.com\/site\/wp-content\/uploads\/2021\/07\/DSC09243_707x530-300x225.jpg 300w\" sizes=\"auto, (max-width: 707px) 100vw, 707px\" \/><\/a> <a href=\"http:\/\/folhadosudeste.com\/site\/wp-content\/uploads\/2021\/07\/DSC09239_707x530.jpg\"><img loading=\"lazy\" decoding=\"async\" class=\"alignnone size-full wp-image-75756\" src=\"http:\/\/folhadosudeste.com\/site\/wp-content\/uploads\/2021\/07\/DSC09239_707x530.jpg\" alt=\"\" width=\"707\" height=\"530\" srcset=\"https:\/\/folhadosudeste.com\/site\/wp-content\/uploads\/2021\/07\/DSC09239_707x530.jpg 707w, https:\/\/folhadosudeste.com\/site\/wp-content\/uploads\/2021\/07\/DSC09239_707x530-300x225.jpg 300w\" sizes=\"auto, (max-width: 707px) 100vw, 707px\" \/><\/a><\/p>\n<p>&nbsp;<\/p>\n<p>Fonte:www.silvanalves.com.br<\/p>\n","protected":false},"excerpt":{"rendered":"<p>&nbsp; Um cortejo f\u00fanebre realizado pela Pol\u00edcia Rodovi\u00e1ria Federal de Muria\u00e9, pela morte do policial&nbsp;AGENOR OLIVEIRA, saiu do Hospital S\u00e3o Paulo e foi at\u00e9 a cidade de Fervedouro, marcando a despedida do policial que est\u00e1 na corpora\u00e7\u00e3o federal desde 1996. Na porta do Cemit\u00e9rio Municipal, as homenagens das igrejas, do Inspetor da PRF na Delegacia [&hellip;]<\/p>\n","protected":false},"author":6,"featured_media":0,"comment_status":"open","ping_status":"closed","sticky":false,"template":"","format":"standard","meta":{"_joinchat":[],"footnotes":""},"categories":[1],"tags":[],"class_list":["post-75745","post","type-post","status-publish","format-standard","hentry","category-sem-categoria"],"_links":{"self":[{"href":"https:\/\/folhadosudeste.com\/site\/index.php?rest_route=\/wp\/v2\/posts\/75745","targetHints":{"allow":["GET"]}}],"collection":[{"href":"https:\/\/folhadosudeste.com\/site\/index.php?rest_route=\/wp\/v2\/posts"}],"about":[{"href":"https:\/\/folhadosudeste.com\/site\/index.php?rest_route=\/wp\/v2\/types\/post"}],"author":[{"embeddable":true,"href":"https:\/\/folhadosudeste.com\/site\/index.php?rest_route=\/wp\/v2\/users\/6"}],"replies":[{"embeddable":true,"href":"https:\/\/folhadosudeste.com\/site\/index.php?rest_route=%2Fwp%2Fv2%2Fcomments&post=75745"}],"version-history":[{"count":1,"href":"https:\/\/folhadosudeste.com\/site\/index.php?rest_route=\/wp\/v2\/posts\/75745\/revisions"}],"predecessor-version":[{"id":75757,"href":"https:\/\/folhadosudeste.com\/site\/index.php?rest_route=\/wp\/v2\/posts\/75745\/revisions\/75757"}],"wp:attachment":[{"href":"https:\/\/folhadosudeste.com\/site\/index.php?rest_route=%2Fwp%2Fv2%2Fmedia&parent=75745"}],"wp:term":[{"taxonomy":"category","embeddable":true,"href":"https:\/\/folhadosudeste.com\/site\/index.php?rest_route=%2Fwp%2Fv2%2Fcategories&post=75745"},{"taxonomy":"post_tag","embeddable":true,"href":"https:\/\/folhadosudeste.com\/site\/index.php?rest_route=%2Fwp%2Fv2%2Ftags&post=75745"}],"curies":[{"name":"wp","href":"https:\/\/api.w.org\/{rel}","templated":true}]}}