{"id":75762,"date":"2021-07-13T19:03:03","date_gmt":"2021-07-13T19:03:03","guid":{"rendered":"http:\/\/folhadosudeste.com\/site\/?p=75762"},"modified":"2021-07-13T19:03:03","modified_gmt":"2021-07-13T19:03:03","slug":"mais-duas-mortes-por-covid-19-foram-registradas-no-boletim-desta-terca-feira-em-muriae","status":"publish","type":"post","link":"https:\/\/folhadosudeste.com\/site\/?p=75762","title":{"rendered":"Mais duas mortes por covid-19 foram registradas no boletim desta ter\u00e7a-feira em Muria\u00e9"},"content":{"rendered":"<div id=\":14l\" class=\"ii gt\">\n<div id=\":14k\" class=\"a3s aiL \">\n<div>\n<div>\n<div>\n<div><a href=\"http:\/\/folhadosudeste.com\/site\/wp-content\/uploads\/2021\/07\/13072021.jpg\"><img loading=\"lazy\" decoding=\"async\" class=\"alignnone size-full wp-image-75763\" src=\"http:\/\/folhadosudeste.com\/site\/wp-content\/uploads\/2021\/07\/13072021.jpg\" alt=\"\" width=\"1080\" height=\"1080\" srcset=\"https:\/\/folhadosudeste.com\/site\/wp-content\/uploads\/2021\/07\/13072021.jpg 1080w, https:\/\/folhadosudeste.com\/site\/wp-content\/uploads\/2021\/07\/13072021-150x150.jpg 150w, https:\/\/folhadosudeste.com\/site\/wp-content\/uploads\/2021\/07\/13072021-300x300.jpg 300w, https:\/\/folhadosudeste.com\/site\/wp-content\/uploads\/2021\/07\/13072021-768x768.jpg 768w, https:\/\/folhadosudeste.com\/site\/wp-content\/uploads\/2021\/07\/13072021-1024x1024.jpg 1024w\" sizes=\"auto, (max-width: 1080px) 100vw, 1080px\" \/><\/a><\/div>\n<div>Mais duas mortes por covid-19 foram registradas no boletim desta ter\u00e7a-feira em Muria\u00e9.<\/div>\n<div>Os \u00f3bitos referem-se aos seguintes casos:<\/div>\n<div>&nbsp;<\/div>\n<div>&#8211; Homem | 39 anos | Obesidade | \u00d3bito em 10\/07<\/div>\n<div>&#8211; Homem | 92 anos | Hipertens\u00e3o e doen\u00e7a renal | \u00d3bito em 11\/07<\/div>\n<div>&nbsp;<\/div>\n<div>Tamb\u00e9m foram confirmadas 21 novas infec\u00e7\u00f5es pelo coronav\u00edrus, com pacientes de idades variando entre 23 e 74 anos. O n\u00famero de registros por faixa et\u00e1ria ficou assim:<\/div>\n<\/div>\n<\/div>\n<\/div>\n<\/div>\n<div class=\"yj6qo\">&nbsp;<\/div>\n<\/div>\n<p><!--more--><\/p>\n<div>De 00 a 09 anos: Nenhum caso<\/div>\n<div>De 10 a 19 anos: Nenhum caso<\/div>\n<div>De 20 a 29 anos: 5 casos<\/div>\n<div>De 30 a 39 anos: 1 caso<\/div>\n<div>De 40 a 49 anos: 6 casos<\/div>\n<div>De 50 a 59 anos: 4 casos<\/div>\n<div>De 60 a 69 anos: 3 casos<\/div>\n<div>De 70 a 79 anos: 2 casos<\/div>\n<div>De 80 a 89 anos: Nenhum caso<\/div>\n<div>De 90 a 99 anos: Nenhum caso<\/div>\n<div>A partir de 100 anos: Nenhum caso<\/div>\n<div>&nbsp;<\/div>\n<div>Veja os n\u00fameros completos de hoje (13\/07\/2021):<\/div>\n<div>&nbsp;<\/div>\n<div>VACINA\u00c7\u00c3O<\/div>\n<div>Vacinados com uma dose: 52.867 (48,33% da popula\u00e7\u00e3o total<\/div>\n<div>Vacinados com duas doses ou dose \u00fanica: 22.901 (20,93 % da popula\u00e7\u00e3o total)<\/div>\n<div>&nbsp;<\/div>\n<div>PACIENTES<\/div>\n<div>Total de casos confirmados: 10.666 (+21)<\/div>\n<div>Pacientes ativos: 208<\/div>\n<div>Pacientes curados: 10.179<\/div>\n<div>\u00d3bitos: 279 (+02)<\/div>\n<div>Investigados \/ Monitorados: 45<\/div>\n<div>Negativos: 11.675<\/div>\n<div><a href=\"http:\/\/folhadosudeste.com\/site\/wp-content\/uploads\/2021\/07\/CASOS-DE-COVID-19-EM-MURIA\u00c9-POR-FAIXA-ET\u00c1RIA-13_07_2021.png\"><img loading=\"lazy\" decoding=\"async\" class=\"alignnone size-full wp-image-75764\" src=\"http:\/\/folhadosudeste.com\/site\/wp-content\/uploads\/2021\/07\/CASOS-DE-COVID-19-EM-MURIA\u00c9-POR-FAIXA-ET\u00c1RIA-13_07_2021.png\" alt=\"\" width=\"1045\" height=\"903\" srcset=\"https:\/\/folhadosudeste.com\/site\/wp-content\/uploads\/2021\/07\/CASOS-DE-COVID-19-EM-MURIA\u00c9-POR-FAIXA-ET\u00c1RIA-13_07_2021.png 1045w, https:\/\/folhadosudeste.com\/site\/wp-content\/uploads\/2021\/07\/CASOS-DE-COVID-19-EM-MURIA\u00c9-POR-FAIXA-ET\u00c1RIA-13_07_2021-300x259.png 300w, https:\/\/folhadosudeste.com\/site\/wp-content\/uploads\/2021\/07\/CASOS-DE-COVID-19-EM-MURIA\u00c9-POR-FAIXA-ET\u00c1RIA-13_07_2021-768x664.png 768w, https:\/\/folhadosudeste.com\/site\/wp-content\/uploads\/2021\/07\/CASOS-DE-COVID-19-EM-MURIA\u00c9-POR-FAIXA-ET\u00c1RIA-13_07_2021-1024x885.png 1024w\" sizes=\"auto, (max-width: 1045px) 100vw, 1045px\" \/><\/a><\/div>\n<div id=\":15v\" class=\"hq gt\">&nbsp;<\/div>\n","protected":false},"excerpt":{"rendered":"<p>Mais duas mortes por covid-19 foram registradas no boletim desta ter\u00e7a-feira em Muria\u00e9. Os \u00f3bitos referem-se aos seguintes casos: &nbsp; &#8211; Homem | 39 anos | Obesidade | \u00d3bito em 10\/07 &#8211; Homem | 92 anos | Hipertens\u00e3o e doen\u00e7a renal | \u00d3bito em 11\/07 &nbsp; Tamb\u00e9m foram confirmadas 21 novas infec\u00e7\u00f5es pelo coronav\u00edrus, com [&hellip;]<\/p>\n","protected":false},"author":6,"featured_media":0,"comment_status":"open","ping_status":"closed","sticky":false,"template":"","format":"standard","meta":{"_joinchat":[],"footnotes":""},"categories":[1],"tags":[],"class_list":["post-75762","post","type-post","status-publish","format-standard","hentry","category-sem-categoria"],"_links":{"self":[{"href":"https:\/\/folhadosudeste.com\/site\/index.php?rest_route=\/wp\/v2\/posts\/75762","targetHints":{"allow":["GET"]}}],"collection":[{"href":"https:\/\/folhadosudeste.com\/site\/index.php?rest_route=\/wp\/v2\/posts"}],"about":[{"href":"https:\/\/folhadosudeste.com\/site\/index.php?rest_route=\/wp\/v2\/types\/post"}],"author":[{"embeddable":true,"href":"https:\/\/folhadosudeste.com\/site\/index.php?rest_route=\/wp\/v2\/users\/6"}],"replies":[{"embeddable":true,"href":"https:\/\/folhadosudeste.com\/site\/index.php?rest_route=%2Fwp%2Fv2%2Fcomments&post=75762"}],"version-history":[{"count":1,"href":"https:\/\/folhadosudeste.com\/site\/index.php?rest_route=\/wp\/v2\/posts\/75762\/revisions"}],"predecessor-version":[{"id":75765,"href":"https:\/\/folhadosudeste.com\/site\/index.php?rest_route=\/wp\/v2\/posts\/75762\/revisions\/75765"}],"wp:attachment":[{"href":"https:\/\/folhadosudeste.com\/site\/index.php?rest_route=%2Fwp%2Fv2%2Fmedia&parent=75762"}],"wp:term":[{"taxonomy":"category","embeddable":true,"href":"https:\/\/folhadosudeste.com\/site\/index.php?rest_route=%2Fwp%2Fv2%2Fcategories&post=75762"},{"taxonomy":"post_tag","embeddable":true,"href":"https:\/\/folhadosudeste.com\/site\/index.php?rest_route=%2Fwp%2Fv2%2Ftags&post=75762"}],"curies":[{"name":"wp","href":"https:\/\/api.w.org\/{rel}","templated":true}]}}