{"id":75786,"date":"2021-07-14T13:10:20","date_gmt":"2021-07-14T13:10:20","guid":{"rendered":"http:\/\/folhadosudeste.com\/site\/?p=75786"},"modified":"2021-07-14T13:10:20","modified_gmt":"2021-07-14T13:10:20","slug":"novas-pracas-e-jardins-sao-revitalizados-em-muriae","status":"publish","type":"post","link":"https:\/\/folhadosudeste.com\/site\/?p=75786","title":{"rendered":"Novas pra\u00e7as e jardins s\u00e3o revitalizados em Muria\u00e9"},"content":{"rendered":"<p align=\"justify\"><a href=\"http:\/\/folhadosudeste.com\/site\/wp-content\/uploads\/2021\/07\/Porto-Belo.pra\u00e7a.jpg\"><img loading=\"lazy\" decoding=\"async\" class=\"alignnone size-full wp-image-75787\" src=\"http:\/\/folhadosudeste.com\/site\/wp-content\/uploads\/2021\/07\/Porto-Belo.pra\u00e7a.jpg\" alt=\"\" width=\"1280\" height=\"960\" srcset=\"https:\/\/folhadosudeste.com\/site\/wp-content\/uploads\/2021\/07\/Porto-Belo.pra\u00e7a.jpg 1280w, https:\/\/folhadosudeste.com\/site\/wp-content\/uploads\/2021\/07\/Porto-Belo.pra\u00e7a-300x225.jpg 300w, https:\/\/folhadosudeste.com\/site\/wp-content\/uploads\/2021\/07\/Porto-Belo.pra\u00e7a-768x576.jpg 768w, https:\/\/folhadosudeste.com\/site\/wp-content\/uploads\/2021\/07\/Porto-Belo.pra\u00e7a-1024x768.jpg 1024w\" sizes=\"auto, (max-width: 1280px) 100vw, 1280px\" \/><\/a><\/p>\n<p style=\"text-align: justify;\" align=\"justify\">O servi\u00e7o de conserva\u00e7\u00e3o das pra\u00e7as est\u00e1 acontecendo esta semana no bairro Porto Belo, distrito de Bom Jesus e Pra\u00e7a Jo\u00e3o Pinheiro &#8211; Centro. Provavelmente, na segunda-feira (19), segue para a Rio-Bahia &#8211; canteiros da BR-116. O objetivo da Prefeitura \u00e9 deixar a cidade mais atrativa para moradores e visitantes, trazendo novo visual para o acesso a cidade.<\/p>\n<p style=\"text-align: justify;\" align=\"justify\">A equipe de Parques e Jardins realiza o benef\u00edcio sistematicamente, respeitando o cronograma preestabelecido pela Secretaria de Agricultura e Meio Ambiente. \u00c9 da responsabilidade do setor realizar as podas, ro\u00e7agem do mato, paisagismo nos arbustos e plantio de novas mudas. \u201cN\u00f3s realizamos toda a revitaliza\u00e7\u00e3o para manter a harmonia das \u00e1reas de lazer. Pedimos a todos que n\u00e3o plantem mudas diferenciadas nos canteiros sem nossa autoriza\u00e7\u00e3o, pois cada esp\u00e9cie tem uma caracter\u00edstica e pode n\u00e3o ser adequada para o lugar, al\u00e9m de causar polui\u00e7\u00e3o visual\u201d, salientou o coordenador, Wendel Cruz.<\/p>\n<p style=\"text-align: justify;\" align=\"justify\"><!--more--><\/p>\n<p style=\"text-align: justify;\" align=\"justify\">Nas \u00faltimas semanas as atividades foram realizadas tamb\u00e9m na Barra &#8211; Pra\u00e7a do Trabalhador, Planalto, S\u00e3o Pedro, canteiros de acesso ao Jo\u00e3o XXIII, Ros\u00e1rio, assim como no distrito de Pirapanema.<\/p>\n<p align=\"justify\"><a href=\"http:\/\/folhadosudeste.com\/site\/wp-content\/uploads\/2021\/07\/canteiros-da-Br-356-Rio-Bahia.jpg\"><img loading=\"lazy\" decoding=\"async\" class=\"alignnone size-full wp-image-75788\" src=\"http:\/\/folhadosudeste.com\/site\/wp-content\/uploads\/2021\/07\/canteiros-da-Br-356-Rio-Bahia.jpg\" alt=\"\" width=\"1280\" height=\"960\" srcset=\"https:\/\/folhadosudeste.com\/site\/wp-content\/uploads\/2021\/07\/canteiros-da-Br-356-Rio-Bahia.jpg 1280w, https:\/\/folhadosudeste.com\/site\/wp-content\/uploads\/2021\/07\/canteiros-da-Br-356-Rio-Bahia-300x225.jpg 300w, https:\/\/folhadosudeste.com\/site\/wp-content\/uploads\/2021\/07\/canteiros-da-Br-356-Rio-Bahia-768x576.jpg 768w, https:\/\/folhadosudeste.com\/site\/wp-content\/uploads\/2021\/07\/canteiros-da-Br-356-Rio-Bahia-1024x768.jpg 1024w\" sizes=\"auto, (max-width: 1280px) 100vw, 1280px\" \/><\/a><\/p>\n","protected":false},"excerpt":{"rendered":"<p>O servi\u00e7o de conserva\u00e7\u00e3o das pra\u00e7as est\u00e1 acontecendo esta semana no bairro Porto Belo, distrito de Bom Jesus e Pra\u00e7a Jo\u00e3o Pinheiro &#8211; Centro. Provavelmente, na segunda-feira (19), segue para a Rio-Bahia &#8211; canteiros da BR-116. O objetivo da Prefeitura \u00e9 deixar a cidade mais atrativa para moradores e visitantes, trazendo novo visual para o [&hellip;]<\/p>\n","protected":false},"author":6,"featured_media":0,"comment_status":"open","ping_status":"closed","sticky":false,"template":"","format":"standard","meta":{"_joinchat":[],"footnotes":""},"categories":[1],"tags":[],"class_list":["post-75786","post","type-post","status-publish","format-standard","hentry","category-sem-categoria"],"_links":{"self":[{"href":"https:\/\/folhadosudeste.com\/site\/index.php?rest_route=\/wp\/v2\/posts\/75786","targetHints":{"allow":["GET"]}}],"collection":[{"href":"https:\/\/folhadosudeste.com\/site\/index.php?rest_route=\/wp\/v2\/posts"}],"about":[{"href":"https:\/\/folhadosudeste.com\/site\/index.php?rest_route=\/wp\/v2\/types\/post"}],"author":[{"embeddable":true,"href":"https:\/\/folhadosudeste.com\/site\/index.php?rest_route=\/wp\/v2\/users\/6"}],"replies":[{"embeddable":true,"href":"https:\/\/folhadosudeste.com\/site\/index.php?rest_route=%2Fwp%2Fv2%2Fcomments&post=75786"}],"version-history":[{"count":1,"href":"https:\/\/folhadosudeste.com\/site\/index.php?rest_route=\/wp\/v2\/posts\/75786\/revisions"}],"predecessor-version":[{"id":75789,"href":"https:\/\/folhadosudeste.com\/site\/index.php?rest_route=\/wp\/v2\/posts\/75786\/revisions\/75789"}],"wp:attachment":[{"href":"https:\/\/folhadosudeste.com\/site\/index.php?rest_route=%2Fwp%2Fv2%2Fmedia&parent=75786"}],"wp:term":[{"taxonomy":"category","embeddable":true,"href":"https:\/\/folhadosudeste.com\/site\/index.php?rest_route=%2Fwp%2Fv2%2Fcategories&post=75786"},{"taxonomy":"post_tag","embeddable":true,"href":"https:\/\/folhadosudeste.com\/site\/index.php?rest_route=%2Fwp%2Fv2%2Ftags&post=75786"}],"curies":[{"name":"wp","href":"https:\/\/api.w.org\/{rel}","templated":true}]}}