{"id":75802,"date":"2021-07-14T20:16:19","date_gmt":"2021-07-14T20:16:19","guid":{"rendered":"http:\/\/folhadosudeste.com\/site\/?p=75802"},"modified":"2021-07-14T20:16:19","modified_gmt":"2021-07-14T20:16:19","slug":"muriae-pede-ampliacao-de-repasse-de-vacinas-contra-covid","status":"publish","type":"post","link":"https:\/\/folhadosudeste.com\/site\/?p=75802","title":{"rendered":"Muria\u00e9 pede amplia\u00e7\u00e3o de repasse de vacinas contra covid"},"content":{"rendered":"<div><a href=\"http:\/\/folhadosudeste.com\/site\/wp-content\/uploads\/2021\/07\/vacina-covid-19-960x540.jpg\"><img loading=\"lazy\" decoding=\"async\" class=\"alignnone size-full wp-image-75803\" src=\"http:\/\/folhadosudeste.com\/site\/wp-content\/uploads\/2021\/07\/vacina-covid-19-960x540.jpg\" alt=\"\" width=\"960\" height=\"540\" srcset=\"https:\/\/folhadosudeste.com\/site\/wp-content\/uploads\/2021\/07\/vacina-covid-19-960x540.jpg 960w, https:\/\/folhadosudeste.com\/site\/wp-content\/uploads\/2021\/07\/vacina-covid-19-960x540-300x169.jpg 300w, https:\/\/folhadosudeste.com\/site\/wp-content\/uploads\/2021\/07\/vacina-covid-19-960x540-768x432.jpg 768w\" sizes=\"auto, (max-width: 960px) 100vw, 960px\" \/><\/a><\/div>\n<div style=\"text-align: justify;\">O vice-prefeito de Muria\u00e9, Marcos Guarino, que acumula a fun\u00e7\u00e3o de secret\u00e1rio municipal de Sa\u00fade, aproveitou a visita do governador Romeu Zema \u00e0 cidade nesta quarta-feira para cobrar amplia\u00e7\u00e3o no repasse de doses de vacina contra a covid-19 ao munic\u00edpio.<\/div>\n<div style=\"text-align: justify;\">&nbsp;<\/div>\n<div style=\"text-align: justify;\">Em abril, Zema havia afirmado que as cidades que vacinassem com mais velocidade seriam &#8220;premiadas&#8221; com o recebimento de mais doses. Na pr\u00e1tica, por\u00e9m, isso n\u00e3o ocorreu com Muria\u00e9.<\/div>\n<p><!--more--><\/p>\n<div style=\"text-align: justify;\">Cobrado quanto a essa quest\u00e3o, o secret\u00e1rio de Estado da Sa\u00fade de Minas Gerais, F\u00e1bio Baccheretti, que integrou a comitiva de Zema durante a visita \u00e0 regi\u00e3o, informou que ir\u00e1 solicitar a revis\u00e3o do repasse junto \u00e0 Regional de Sa\u00fade a qual Muria\u00e9 pertence.<\/div>\n<div style=\"text-align: justify;\">&nbsp;<\/div>\n<div style=\"text-align: justify;\">&#8220;Sabemos que Muria\u00e9 est\u00e1 avan\u00e7ada na vacina\u00e7\u00e3o contra a covid, inclusive estando bem \u00e0 frente de outras cidades. Isso \u00e9, sem d\u00favidas, um ponto positivo&#8221;, disse Baccheretti.<\/div>\n","protected":false},"excerpt":{"rendered":"<p>O vice-prefeito de Muria\u00e9, Marcos Guarino, que acumula a fun\u00e7\u00e3o de secret\u00e1rio municipal de Sa\u00fade, aproveitou a visita do governador Romeu Zema \u00e0 cidade nesta quarta-feira para cobrar amplia\u00e7\u00e3o no repasse de doses de vacina contra a covid-19 ao munic\u00edpio. &nbsp; Em abril, Zema havia afirmado que as cidades que vacinassem com mais velocidade seriam [&hellip;]<\/p>\n","protected":false},"author":6,"featured_media":0,"comment_status":"open","ping_status":"closed","sticky":false,"template":"","format":"standard","meta":{"_joinchat":[],"footnotes":""},"categories":[1],"tags":[],"class_list":["post-75802","post","type-post","status-publish","format-standard","hentry","category-sem-categoria"],"_links":{"self":[{"href":"https:\/\/folhadosudeste.com\/site\/index.php?rest_route=\/wp\/v2\/posts\/75802","targetHints":{"allow":["GET"]}}],"collection":[{"href":"https:\/\/folhadosudeste.com\/site\/index.php?rest_route=\/wp\/v2\/posts"}],"about":[{"href":"https:\/\/folhadosudeste.com\/site\/index.php?rest_route=\/wp\/v2\/types\/post"}],"author":[{"embeddable":true,"href":"https:\/\/folhadosudeste.com\/site\/index.php?rest_route=\/wp\/v2\/users\/6"}],"replies":[{"embeddable":true,"href":"https:\/\/folhadosudeste.com\/site\/index.php?rest_route=%2Fwp%2Fv2%2Fcomments&post=75802"}],"version-history":[{"count":1,"href":"https:\/\/folhadosudeste.com\/site\/index.php?rest_route=\/wp\/v2\/posts\/75802\/revisions"}],"predecessor-version":[{"id":75804,"href":"https:\/\/folhadosudeste.com\/site\/index.php?rest_route=\/wp\/v2\/posts\/75802\/revisions\/75804"}],"wp:attachment":[{"href":"https:\/\/folhadosudeste.com\/site\/index.php?rest_route=%2Fwp%2Fv2%2Fmedia&parent=75802"}],"wp:term":[{"taxonomy":"category","embeddable":true,"href":"https:\/\/folhadosudeste.com\/site\/index.php?rest_route=%2Fwp%2Fv2%2Fcategories&post=75802"},{"taxonomy":"post_tag","embeddable":true,"href":"https:\/\/folhadosudeste.com\/site\/index.php?rest_route=%2Fwp%2Fv2%2Ftags&post=75802"}],"curies":[{"name":"wp","href":"https:\/\/api.w.org\/{rel}","templated":true}]}}