{"id":75805,"date":"2021-07-14T20:20:39","date_gmt":"2021-07-14T20:20:39","guid":{"rendered":"http:\/\/folhadosudeste.com\/site\/?p=75805"},"modified":"2021-07-14T20:20:39","modified_gmt":"2021-07-14T20:20:39","slug":"mais-29-casos-de-covid-19-foram-confirmados-pelo-boletim-epidemiologico-desta-quarta-feira-em-muriae","status":"publish","type":"post","link":"https:\/\/folhadosudeste.com\/site\/?p=75805","title":{"rendered":"Mais 29 casos de covid-19 foram confirmados pelo boletim epidemiol\u00f3gico desta quarta-feira em Muria\u00e9."},"content":{"rendered":"<div><a href=\"http:\/\/folhadosudeste.com\/site\/wp-content\/uploads\/2021\/07\/14072021.jpeg\"><img loading=\"lazy\" decoding=\"async\" class=\"alignnone size-full wp-image-75806\" src=\"http:\/\/folhadosudeste.com\/site\/wp-content\/uploads\/2021\/07\/14072021.jpeg\" alt=\"\" width=\"1080\" height=\"1080\" srcset=\"https:\/\/folhadosudeste.com\/site\/wp-content\/uploads\/2021\/07\/14072021.jpeg 1080w, https:\/\/folhadosudeste.com\/site\/wp-content\/uploads\/2021\/07\/14072021-150x150.jpeg 150w, https:\/\/folhadosudeste.com\/site\/wp-content\/uploads\/2021\/07\/14072021-300x300.jpeg 300w, https:\/\/folhadosudeste.com\/site\/wp-content\/uploads\/2021\/07\/14072021-768x768.jpeg 768w, https:\/\/folhadosudeste.com\/site\/wp-content\/uploads\/2021\/07\/14072021-1024x1024.jpeg 1024w\" sizes=\"auto, (max-width: 1080px) 100vw, 1080px\" \/><\/a><\/div>\n<div>&nbsp;<\/div>\n<div style=\"text-align: justify;\">A m\u00e9dia m\u00f3vel atual (considerando registros dos \u00faltimos 14 dias) \u00e9 de 21 casos di\u00e1rios. O \u00edndice \u00e9 28,7% menor em rela\u00e7\u00e3o ao de duas semanas atr\u00e1s.<\/div>\n<div style=\"text-align: justify;\">&nbsp;<\/div>\n<div style=\"text-align: justify;\">O n\u00famero de novos casos por faixa et\u00e1ria ficou assim:<\/div>\n<div style=\"text-align: justify;\">&nbsp;<\/div>\n<div style=\"text-align: justify;\">De 00 a 09 anos: 1 caso<\/div>\n<div style=\"text-align: justify;\">De 10 a 19 anos: 7 casos<\/div>\n<div style=\"text-align: justify;\">De 20 a 29 anos: 2 casos<\/div>\n<div style=\"text-align: justify;\">De 30 a 39 anos: 4 casos<\/div>\n<div style=\"text-align: justify;\">De 40 a 49 anos: 8 casos<\/div>\n<div style=\"text-align: justify;\">De 50 a 59 anos: Nenhum caso<\/div>\n<div style=\"text-align: justify;\">De 60 a 69 anos: 4 casos<\/div>\n<div style=\"text-align: justify;\">De 70 a 79 anos: 2 casos<\/div>\n<div style=\"text-align: justify;\">De 80 a 89 anos: Nenhum caso<\/div>\n<div style=\"text-align: justify;\">De 90 a 99 anos: 1 caso<\/div>\n<div style=\"text-align: justify;\">A partir de 100 anos: Nenhum caso<\/div>\n<p><!--more--><\/p>\n<div style=\"text-align: justify;\">Veja os n\u00fameros completos de hoje (14\/07\/2021):<\/div>\n<div style=\"text-align: justify;\">&nbsp;<\/div>\n<div style=\"text-align: justify;\">VACINA\u00c7\u00c3O<\/div>\n<div style=\"text-align: justify;\">Vacinados com uma dose: 54.997 (50,27% da popula\u00e7\u00e3o total<\/div>\n<div style=\"text-align: justify;\">Vacinados com duas doses ou dose \u00fanica: 23.827 (21,78 % da popula\u00e7\u00e3o total)<\/div>\n<div style=\"text-align: justify;\">&nbsp;<\/div>\n<div style=\"text-align: justify;\">PACIENTES<\/div>\n<div style=\"text-align: justify;\">Total de casos confirmados: 10.695 (+29)<\/div>\n<div style=\"text-align: justify;\">Pacientes ativos: 222<\/div>\n<div style=\"text-align: justify;\">Pacientes curados: 10.194<\/div>\n<div style=\"text-align: justify;\">\u00d3bitos: 279<\/div>\n<div style=\"text-align: justify;\">Investigados \/ Monitorados: 91<\/div>\n<div style=\"text-align: justify;\">Negativos: 11.707<\/div>\n<div>&nbsp;<\/div>\n<div><a href=\"http:\/\/folhadosudeste.com\/site\/wp-content\/uploads\/2021\/07\/CASOS-DE-COVID-19-EM-MURIA\u00c9-POR-FAIXA-ET\u00c1RIA-14_07_2021.png\"><img loading=\"lazy\" decoding=\"async\" class=\"alignnone size-full wp-image-75807\" src=\"http:\/\/folhadosudeste.com\/site\/wp-content\/uploads\/2021\/07\/CASOS-DE-COVID-19-EM-MURIA\u00c9-POR-FAIXA-ET\u00c1RIA-14_07_2021.png\" alt=\"\" width=\"1512\" height=\"903\" srcset=\"https:\/\/folhadosudeste.com\/site\/wp-content\/uploads\/2021\/07\/CASOS-DE-COVID-19-EM-MURIA\u00c9-POR-FAIXA-ET\u00c1RIA-14_07_2021.png 1512w, https:\/\/folhadosudeste.com\/site\/wp-content\/uploads\/2021\/07\/CASOS-DE-COVID-19-EM-MURIA\u00c9-POR-FAIXA-ET\u00c1RIA-14_07_2021-300x179.png 300w, https:\/\/folhadosudeste.com\/site\/wp-content\/uploads\/2021\/07\/CASOS-DE-COVID-19-EM-MURIA\u00c9-POR-FAIXA-ET\u00c1RIA-14_07_2021-768x459.png 768w, https:\/\/folhadosudeste.com\/site\/wp-content\/uploads\/2021\/07\/CASOS-DE-COVID-19-EM-MURIA\u00c9-POR-FAIXA-ET\u00c1RIA-14_07_2021-1024x612.png 1024w\" sizes=\"auto, (max-width: 1512px) 100vw, 1512px\" \/><\/a><\/div>\n","protected":false},"excerpt":{"rendered":"<p>&nbsp; A m\u00e9dia m\u00f3vel atual (considerando registros dos \u00faltimos 14 dias) \u00e9 de 21 casos di\u00e1rios. O \u00edndice \u00e9 28,7% menor em rela\u00e7\u00e3o ao de duas semanas atr\u00e1s. &nbsp; O n\u00famero de novos casos por faixa et\u00e1ria ficou assim: &nbsp; De 00 a 09 anos: 1 caso De 10 a 19 anos: 7 casos De [&hellip;]<\/p>\n","protected":false},"author":6,"featured_media":0,"comment_status":"open","ping_status":"closed","sticky":false,"template":"","format":"standard","meta":{"_joinchat":[],"footnotes":""},"categories":[1],"tags":[],"class_list":["post-75805","post","type-post","status-publish","format-standard","hentry","category-sem-categoria"],"_links":{"self":[{"href":"https:\/\/folhadosudeste.com\/site\/index.php?rest_route=\/wp\/v2\/posts\/75805","targetHints":{"allow":["GET"]}}],"collection":[{"href":"https:\/\/folhadosudeste.com\/site\/index.php?rest_route=\/wp\/v2\/posts"}],"about":[{"href":"https:\/\/folhadosudeste.com\/site\/index.php?rest_route=\/wp\/v2\/types\/post"}],"author":[{"embeddable":true,"href":"https:\/\/folhadosudeste.com\/site\/index.php?rest_route=\/wp\/v2\/users\/6"}],"replies":[{"embeddable":true,"href":"https:\/\/folhadosudeste.com\/site\/index.php?rest_route=%2Fwp%2Fv2%2Fcomments&post=75805"}],"version-history":[{"count":1,"href":"https:\/\/folhadosudeste.com\/site\/index.php?rest_route=\/wp\/v2\/posts\/75805\/revisions"}],"predecessor-version":[{"id":75808,"href":"https:\/\/folhadosudeste.com\/site\/index.php?rest_route=\/wp\/v2\/posts\/75805\/revisions\/75808"}],"wp:attachment":[{"href":"https:\/\/folhadosudeste.com\/site\/index.php?rest_route=%2Fwp%2Fv2%2Fmedia&parent=75805"}],"wp:term":[{"taxonomy":"category","embeddable":true,"href":"https:\/\/folhadosudeste.com\/site\/index.php?rest_route=%2Fwp%2Fv2%2Fcategories&post=75805"},{"taxonomy":"post_tag","embeddable":true,"href":"https:\/\/folhadosudeste.com\/site\/index.php?rest_route=%2Fwp%2Fv2%2Ftags&post=75805"}],"curies":[{"name":"wp","href":"https:\/\/api.w.org\/{rel}","templated":true}]}}