{"id":75812,"date":"2021-07-14T20:58:57","date_gmt":"2021-07-14T20:58:57","guid":{"rendered":"http:\/\/folhadosudeste.com\/site\/?p=75812"},"modified":"2021-07-14T20:58:57","modified_gmt":"2021-07-14T20:58:57","slug":"bolsonaro-e-levado-para-sp-devido-a-obstrucao-intestinal-medicos-avaliam-cirurgia-de-emergencia","status":"publish","type":"post","link":"https:\/\/folhadosudeste.com\/site\/?p=75812","title":{"rendered":"Bolsonaro \u00e9 levado para SP devido a obstru\u00e7\u00e3o intestinal; m\u00e9dicos avaliam cirurgia de emerg\u00eancia"},"content":{"rendered":"<h3><a href=\"http:\/\/folhadosudeste.com\/site\/wp-content\/uploads\/2021\/07\/bolsonaro-hfa.jpg\"><img loading=\"lazy\" decoding=\"async\" class=\"alignnone size-full wp-image-75815\" src=\"http:\/\/folhadosudeste.com\/site\/wp-content\/uploads\/2021\/07\/bolsonaro-hfa.jpg\" alt=\"\" width=\"1000\" height=\"891\" srcset=\"https:\/\/folhadosudeste.com\/site\/wp-content\/uploads\/2021\/07\/bolsonaro-hfa.jpg 1000w, https:\/\/folhadosudeste.com\/site\/wp-content\/uploads\/2021\/07\/bolsonaro-hfa-300x267.jpg 300w, https:\/\/folhadosudeste.com\/site\/wp-content\/uploads\/2021\/07\/bolsonaro-hfa-768x684.jpg 768w\" sizes=\"auto, (max-width: 1000px) 100vw, 1000px\" \/><\/a><\/h3>\n<h3 class=\"content-head__subtitle\">Cirurgi\u00e3o que acompanha Bolsonaro desde o atentado a faca sofrido na campanha de 2018 foi chamado a Bras\u00edlia ap\u00f3s presidente ter sido internado com dores abdominais.<\/h3>\n<div class=\"mc-column content-text active-extra-styles \" data-block-type=\"unstyled\" data-block-weight=\"31\" data-block-id=\"2\">\n<p class=\"content-text__container \" data-track-category=\"Link no Texto\" data-track-links=\"\">O presidente Jair Bolsonaro enfrenta um quadro de&nbsp;<strong><span class=\"highlight highlighted\">obstru\u00e7\u00e3o intestinal<\/span><\/strong>&nbsp;e foi transferido nesta quarta-feira (14) para S\u00e3o Paulo para que os m\u00e9dicos avaliem a necessidade de uma cirurgia de emerg\u00eancia.<\/p>\n<\/div>\n<div class=\"wall protected-content\">\n<div class=\"mc-column content-text active-extra-styles \" data-block-type=\"unstyled\" data-block-weight=\"31\" data-block-id=\"3\">\n<p class=\"content-text__container \" data-track-category=\"Link no Texto\" data-track-links=\"\">Bolsonaro foi internado no Hospital das For\u00e7as Armadas, em Bras\u00edlia, ap\u00f3s sentir dores abdominais na madrugada. Segundo o ministro das Comunica\u00e7\u00f5es, F\u00e1bio Faria, o presidente chegou a ser sedado pela manh\u00e3.<\/p>\n<\/div>\n<\/div>\n<p><!--more--><\/p>\n<div class=\"mc-column content-text active-extra-styles \" data-block-type=\"unstyled\" data-block-weight=\"61\" data-block-id=\"4\">\n<p class=\"content-text__container \" data-track-category=\"Link no Texto\" data-track-links=\"\">Por volta das 16h30, Bolsonaro deixou o hospital e foi levado de ambul\u00e2ncia para a Base A\u00e9rea de Bras\u00edlia, onde um avi\u00e3o o aguardava. O presidente chegou ao local por volta das 17h. O avi\u00e3o&nbsp;<strong><span class=\"highlight highlighted\">decolou para S\u00e3o Paulo \u00e0s 17h29<\/span><\/strong>. Segundo o senador Flavio Bolsonaro (Patriota-RJ), filho do presidente, Bolsonaro ficar\u00e1 em observa\u00e7\u00e3o por tr\u00eas dias em S\u00e3o Paulo.<\/p>\n<\/div>\n<div class=\"mc-column content-text active-extra-styles \" data-block-type=\"unstyled\" data-block-weight=\"19\" data-block-id=\"5\">\n<p class=\"content-text__container \" data-track-category=\"Link no Texto\" data-track-links=\"\">Em abril deste ano, Bolsonara j\u00e1 havia dito que poderia passar por nova cirurgia&nbsp;em raz\u00e3o da facada.<\/p>\n<p data-track-category=\"Link no Texto\" data-track-links=\"\"><a href=\"http:\/\/folhadosudeste.com\/site\/wp-content\/uploads\/2021\/07\/pgm-globonews-limpo-ao-vivo-20210714-1559-frame-123049.jpeg\"><img loading=\"lazy\" decoding=\"async\" class=\"alignnone size-full wp-image-75813\" src=\"http:\/\/folhadosudeste.com\/site\/wp-content\/uploads\/2021\/07\/pgm-globonews-limpo-ao-vivo-20210714-1559-frame-123049.jpeg\" alt=\"\" width=\"984\" height=\"554\" srcset=\"https:\/\/folhadosudeste.com\/site\/wp-content\/uploads\/2021\/07\/pgm-globonews-limpo-ao-vivo-20210714-1559-frame-123049.jpeg 984w, https:\/\/folhadosudeste.com\/site\/wp-content\/uploads\/2021\/07\/pgm-globonews-limpo-ao-vivo-20210714-1559-frame-123049-300x169.jpeg 300w, https:\/\/folhadosudeste.com\/site\/wp-content\/uploads\/2021\/07\/pgm-globonews-limpo-ao-vivo-20210714-1559-frame-123049-768x432.jpeg 768w\" sizes=\"auto, (max-width: 984px) 100vw, 984px\" \/><\/a><\/p>\n<p data-track-category=\"Link no Texto\" data-track-links=\"\"><a href=\"http:\/\/folhadosudeste.com\/site\/wp-content\/uploads\/2021\/07\/pgm-globonews-limpo-ao-vivo-20210714-1559-frame-81501.jpeg\"><img loading=\"lazy\" decoding=\"async\" class=\"alignnone size-full wp-image-75814\" src=\"http:\/\/folhadosudeste.com\/site\/wp-content\/uploads\/2021\/07\/pgm-globonews-limpo-ao-vivo-20210714-1559-frame-81501.jpeg\" alt=\"\" width=\"984\" height=\"554\" srcset=\"https:\/\/folhadosudeste.com\/site\/wp-content\/uploads\/2021\/07\/pgm-globonews-limpo-ao-vivo-20210714-1559-frame-81501.jpeg 984w, https:\/\/folhadosudeste.com\/site\/wp-content\/uploads\/2021\/07\/pgm-globonews-limpo-ao-vivo-20210714-1559-frame-81501-300x169.jpeg 300w, https:\/\/folhadosudeste.com\/site\/wp-content\/uploads\/2021\/07\/pgm-globonews-limpo-ao-vivo-20210714-1559-frame-81501-768x432.jpeg 768w\" sizes=\"auto, (max-width: 984px) 100vw, 984px\" \/><\/a><\/p>\n<\/div>\n<div class=\"mc-column content-text active-extra-styles \" data-block-type=\"unstyled\" data-block-weight=\"40\" data-block-id=\"12\">\n<p class=\"content-text__container \" data-track-category=\"Link no Texto\" data-track-links=\"\">De acordo com a nota oficial, a constata\u00e7\u00e3o da obstru\u00e7\u00e3o intestinal foi feita pelo cirurgi\u00e3o g\u00e1strico Antonio Luiz Macedo, que acompanha a sa\u00fade de Jair Bolsonaro desde o atentado a faca sofrido pelo candidato nas elei\u00e7\u00f5es de 2018.<\/p>\n<\/div>\n<div class=\"mc-column content-text active-extra-styles \" data-block-type=\"unstyled\" data-block-weight=\"27\" data-block-id=\"13\">\n<p class=\"content-text__container \" data-track-category=\"Link no Texto\" data-track-links=\"\">O m\u00e9dico foi chamado a Bras\u00edlia em raz\u00e3o da interna\u00e7\u00e3o do presidente e tamb\u00e9m deve ficar respons\u00e1vel pela avalia\u00e7\u00e3o do quadro ap\u00f3s a transfer\u00eancia para S\u00e3o Paulo.<\/p>\n<p data-track-category=\"Link no Texto\" data-track-links=\"\">O&nbsp; perfil oficial de Jair Bolsonaro em uma rede social publicou nota na qual ele agradece as ora\u00e7\u00f5es e disse que enfrenta um novo desafio em decorr\u00eancia do atentado que sofreu na campanha eleitoral de 2018.<\/p>\n<p data-track-category=\"Link no Texto\" data-track-links=\"\">Por causa das dores, as reuni\u00f5es de Bolsonaro nesta manh\u00e3 foram canceladas. O presidente vinha se queixando nos \u00faltimos dias de solu\u00e7os persistentes. Ele chegou a falar sobre o problema em transmiss\u00f5es ao vivo na internet.<\/p>\n<div class=\"mc-column content-text active-extra-styles \" data-block-type=\"unstyled\" data-block-weight=\"33\" data-block-id=\"25\">\n<p class=\"content-text__container \" data-track-category=\"Link no Texto\" data-track-links=\"\">Por causa da facada de 2018, o presidente da Rep\u00fablica realizou quatro cirurgias em S\u00e3o Paulo, todas conduzidas pela equipe liderada por Antonio Luiz Macedo no Hospital Vila Nova Star, na capital paulista.<\/p>\n<\/div>\n<div class=\"mc-column content-text active-extra-styles \" data-block-type=\"unstyled\" data-block-weight=\"23\" data-block-id=\"26\">\n<p class=\"content-text__container \" data-track-category=\"Link no Texto\" data-track-links=\"\">A \u00faltima foi realizada em setembro de 2019, quando o presidente corrigiu uma h\u00e9rnia (sali\u00eancia de tecido) surgida no local das interven\u00e7\u00f5es anteriores.<\/p>\n<\/div>\n<p data-track-category=\"Link no Texto\" data-track-links=\"\">Fonte:&nbsp;https:\/\/g1.globo.com<\/p>\n<p data-track-category=\"Link no Texto\" data-track-links=\"\">Fotos:&nbsp;Reprodu\u00e7\u00e3o\/TV Globo<\/p>\n<\/div>\n","protected":false},"excerpt":{"rendered":"<p>Cirurgi\u00e3o que acompanha Bolsonaro desde o atentado a faca sofrido na campanha de 2018 foi chamado a Bras\u00edlia ap\u00f3s presidente ter sido internado com dores abdominais. O presidente Jair Bolsonaro enfrenta um quadro de&nbsp;obstru\u00e7\u00e3o intestinal&nbsp;e foi transferido nesta quarta-feira (14) para S\u00e3o Paulo para que os m\u00e9dicos avaliem a necessidade de uma cirurgia de emerg\u00eancia. [&hellip;]<\/p>\n","protected":false},"author":6,"featured_media":0,"comment_status":"open","ping_status":"closed","sticky":false,"template":"","format":"standard","meta":{"_joinchat":[],"footnotes":""},"categories":[1],"tags":[],"class_list":["post-75812","post","type-post","status-publish","format-standard","hentry","category-sem-categoria"],"_links":{"self":[{"href":"https:\/\/folhadosudeste.com\/site\/index.php?rest_route=\/wp\/v2\/posts\/75812","targetHints":{"allow":["GET"]}}],"collection":[{"href":"https:\/\/folhadosudeste.com\/site\/index.php?rest_route=\/wp\/v2\/posts"}],"about":[{"href":"https:\/\/folhadosudeste.com\/site\/index.php?rest_route=\/wp\/v2\/types\/post"}],"author":[{"embeddable":true,"href":"https:\/\/folhadosudeste.com\/site\/index.php?rest_route=\/wp\/v2\/users\/6"}],"replies":[{"embeddable":true,"href":"https:\/\/folhadosudeste.com\/site\/index.php?rest_route=%2Fwp%2Fv2%2Fcomments&post=75812"}],"version-history":[{"count":1,"href":"https:\/\/folhadosudeste.com\/site\/index.php?rest_route=\/wp\/v2\/posts\/75812\/revisions"}],"predecessor-version":[{"id":75816,"href":"https:\/\/folhadosudeste.com\/site\/index.php?rest_route=\/wp\/v2\/posts\/75812\/revisions\/75816"}],"wp:attachment":[{"href":"https:\/\/folhadosudeste.com\/site\/index.php?rest_route=%2Fwp%2Fv2%2Fmedia&parent=75812"}],"wp:term":[{"taxonomy":"category","embeddable":true,"href":"https:\/\/folhadosudeste.com\/site\/index.php?rest_route=%2Fwp%2Fv2%2Fcategories&post=75812"},{"taxonomy":"post_tag","embeddable":true,"href":"https:\/\/folhadosudeste.com\/site\/index.php?rest_route=%2Fwp%2Fv2%2Ftags&post=75812"}],"curies":[{"name":"wp","href":"https:\/\/api.w.org\/{rel}","templated":true}]}}