{"id":75844,"date":"2021-07-15T15:11:45","date_gmt":"2021-07-15T15:11:45","guid":{"rendered":"http:\/\/folhadosudeste.com\/site\/?p=75844"},"modified":"2021-07-15T15:11:45","modified_gmt":"2021-07-15T15:11:45","slug":"foi-preso-nesta-quinta-feira-15-7-em-muriae-um-foragido-da-bahia","status":"publish","type":"post","link":"https:\/\/folhadosudeste.com\/site\/?p=75844","title":{"rendered":"Foi preso nesta quinta-feira (15\/7) em Muria\u00e9, um foragido da Bahia"},"content":{"rendered":"<p><a href=\"http:\/\/folhadosudeste.com\/site\/wp-content\/uploads\/2021\/07\/WhatsApp-Image-2021-07-15-at-11.39.22.jpeg\"><img loading=\"lazy\" decoding=\"async\" class=\"alignnone size-full wp-image-75845\" src=\"http:\/\/folhadosudeste.com\/site\/wp-content\/uploads\/2021\/07\/WhatsApp-Image-2021-07-15-at-11.39.22.jpeg\" alt=\"\" width=\"716\" height=\"573\" srcset=\"https:\/\/folhadosudeste.com\/site\/wp-content\/uploads\/2021\/07\/WhatsApp-Image-2021-07-15-at-11.39.22.jpeg 716w, https:\/\/folhadosudeste.com\/site\/wp-content\/uploads\/2021\/07\/WhatsApp-Image-2021-07-15-at-11.39.22-300x240.jpeg 300w\" sizes=\"auto, (max-width: 716px) 100vw, 716px\" \/><\/a><\/p>\n<p style=\"text-align: justify;\">Nesta quinta-feira (15\/7), foi preso na Zona da Mata mineira, em Muria\u00e9, um homem de 47 anos, foragido da Justi\u00e7a pela pr\u00e1tica de homic\u00eddio ocorrido em 2017, na cidade de Euclides da Cunha, localizada no estado da Bahia. Na ocasi\u00e3o, durante um desentendimento, o homem tentou agredir a companheira dele com um fac\u00e3o, quando o irm\u00e3o da mulher acabou sendo morto ao interceder para defender a v\u00edtima. Ap\u00f3s trabalhos investigativos realizados entre a Pol\u00edcia Civil de Minas Gerais e a Pol\u00edcia Civil da Bahia, policiais civis da Delegacia de Homic\u00eddios e Prote\u00e7\u00e3o \u00e0 Pessoa da 4\u00aa Delegacia Regional em Muria\u00e9, foi cumprido mandado de pris\u00e3o preventiva na cidade de Minas.<\/p>\n<p style=\"text-align: justify;\"><!--more--><\/p>\n<p style=\"text-align: justify;\">Segundo o delegado Glaydson de Souza Ferreira, ele possu\u00eda v\u00ednculo familiar em Muria\u00e9 e residia na cidade h\u00e1 cerca de quatro anos. \u201cDurante levantamos realizados em aproximadamente dois meses, foi poss\u00edvel identificar, localizar e prender o homem nesta data\u201d, concluiu.<\/p>\n<p style=\"text-align: justify;\">Ainda segundo a autoridade policial, o homem foi encaminhado ao sistema prisional, permanecendo \u00e0 Justi\u00e7a.<\/p>\n","protected":false},"excerpt":{"rendered":"<p>Nesta quinta-feira (15\/7), foi preso na Zona da Mata mineira, em Muria\u00e9, um homem de 47 anos, foragido da Justi\u00e7a pela pr\u00e1tica de homic\u00eddio ocorrido em 2017, na cidade de Euclides da Cunha, localizada no estado da Bahia. Na ocasi\u00e3o, durante um desentendimento, o homem tentou agredir a companheira dele com um fac\u00e3o, quando o [&hellip;]<\/p>\n","protected":false},"author":6,"featured_media":0,"comment_status":"open","ping_status":"closed","sticky":false,"template":"","format":"standard","meta":{"_joinchat":[],"footnotes":""},"categories":[1],"tags":[],"class_list":["post-75844","post","type-post","status-publish","format-standard","hentry","category-sem-categoria"],"_links":{"self":[{"href":"https:\/\/folhadosudeste.com\/site\/index.php?rest_route=\/wp\/v2\/posts\/75844","targetHints":{"allow":["GET"]}}],"collection":[{"href":"https:\/\/folhadosudeste.com\/site\/index.php?rest_route=\/wp\/v2\/posts"}],"about":[{"href":"https:\/\/folhadosudeste.com\/site\/index.php?rest_route=\/wp\/v2\/types\/post"}],"author":[{"embeddable":true,"href":"https:\/\/folhadosudeste.com\/site\/index.php?rest_route=\/wp\/v2\/users\/6"}],"replies":[{"embeddable":true,"href":"https:\/\/folhadosudeste.com\/site\/index.php?rest_route=%2Fwp%2Fv2%2Fcomments&post=75844"}],"version-history":[{"count":1,"href":"https:\/\/folhadosudeste.com\/site\/index.php?rest_route=\/wp\/v2\/posts\/75844\/revisions"}],"predecessor-version":[{"id":75846,"href":"https:\/\/folhadosudeste.com\/site\/index.php?rest_route=\/wp\/v2\/posts\/75844\/revisions\/75846"}],"wp:attachment":[{"href":"https:\/\/folhadosudeste.com\/site\/index.php?rest_route=%2Fwp%2Fv2%2Fmedia&parent=75844"}],"wp:term":[{"taxonomy":"category","embeddable":true,"href":"https:\/\/folhadosudeste.com\/site\/index.php?rest_route=%2Fwp%2Fv2%2Fcategories&post=75844"},{"taxonomy":"post_tag","embeddable":true,"href":"https:\/\/folhadosudeste.com\/site\/index.php?rest_route=%2Fwp%2Fv2%2Ftags&post=75844"}],"curies":[{"name":"wp","href":"https:\/\/api.w.org\/{rel}","templated":true}]}}