{"id":75969,"date":"2021-07-16T13:12:00","date_gmt":"2021-07-16T13:12:00","guid":{"rendered":"http:\/\/folhadosudeste.com\/site\/?p=75969"},"modified":"2021-07-16T13:42:13","modified_gmt":"2021-07-16T13:42:13","slug":"adolescente-ataca-jovem-com-faca-e-e-apreendida-em-muriae","status":"publish","type":"post","link":"https:\/\/folhadosudeste.com\/site\/?p=75969","title":{"rendered":"Adolescente ataca jovem com faca e \u00e9 apreendida em Muria\u00e9"},"content":{"rendered":"<div class=\"row content-head non-featured \">\n<div class=\"medium-centered subtitle\">\n<h4><a href=\"http:\/\/folhadosudeste.com\/site\/wp-content\/uploads\/2021\/07\/WhatsApp-Image-2021-07-16-at-10.11.04.jpeg\">&nbsp; &nbsp; &nbsp; &nbsp; &nbsp; &nbsp; &nbsp; &nbsp; &nbsp; &nbsp; &nbsp; &nbsp;&nbsp;<img loading=\"lazy\" decoding=\"async\" class=\"alignnone size-full wp-image-75970\" src=\"http:\/\/folhadosudeste.com\/site\/wp-content\/uploads\/2021\/07\/WhatsApp-Image-2021-07-16-at-10.11.04.jpeg\" alt=\"\" width=\"600\" height=\"415\" srcset=\"https:\/\/folhadosudeste.com\/site\/wp-content\/uploads\/2021\/07\/WhatsApp-Image-2021-07-16-at-10.11.04.jpeg 600w, https:\/\/folhadosudeste.com\/site\/wp-content\/uploads\/2021\/07\/WhatsApp-Image-2021-07-16-at-10.11.04-300x208.jpeg 300w\" sizes=\"auto, (max-width: 600px) 100vw, 600px\" \/><\/a><\/h4>\n<p class=\"content-head__subtitle\" style=\"text-align: justify;\"><strong>Segundo a PM, envolvidas brigavam por ci\u00fames de uma terceira pessoa, e o padrasto da adolescente incentivava o ataque. Ele tamb\u00e9m foi encaminhado \u00e0 delegacia.<\/strong><\/p>\n<\/div>\n<\/div>\n<div class=\"content__signa-share\" style=\"text-align: justify;\">\n<div class=\"content__signature\">\n<div class=\"content-publication-data\">\n<div class=\"content-publication-data__text\">\n<div class=\"mc-column content-text active-extra-styles active-capital-letter\" data-block-type=\"unstyled\" data-block-weight=\"25\" data-block-id=\"1\">\n<p class=\"content-text__container theme-color-primary-first-letter\" data-track-category=\"Link no Texto\" data-track-links=\"\">Uma adolescente de 17 anos foi apreendida em Muria\u00e9 na tarde de quarta-feira (14), ap\u00f3s esfaquear uma jovem de 24 anos no Bairro Marambaia.<\/p>\n<\/div>\n<div class=\"wall protected-content\">\n<div class=\"mc-column content-text active-extra-styles \" data-block-type=\"unstyled\" data-block-weight=\"20\" data-block-id=\"2\">\n<p class=\"content-text__container \" data-track-category=\"Link no Texto\" data-track-links=\"\">O padrasto da adolescente tamb\u00e9m foi preso, e a v\u00edtima foi encaminhada para atendimento em unidade hospitalar do munic\u00edpio.<\/p>\n<\/div>\n<div class=\"mc-column content-text active-extra-styles \" data-block-type=\"unstyled\" data-block-weight=\"31\" data-block-id=\"3\">\n<p class=\"content-text__container \" data-track-category=\"Link no Texto\" data-track-links=\"\">Uma testemunha do crime relatou \u00e0 Pol\u00edcia Militar (PM) que as duas envolvidas discutiam por conta de ci\u00fames de uma terceira pessoa, quando a adolescente esfaqueou a jovem no abd\u00f4men.<\/p>\n<\/div>\n<\/div>\n<\/div>\n<\/div>\n<\/div>\n<\/div>\n<p style=\"text-align: justify;\"><!--more--><\/p>\n<div class=\"content__signa-share\" style=\"text-align: justify;\">\n<div class=\"content__signature\">\n<div class=\"content-publication-data\">\n<div class=\"content-publication-data__text\">\n<div class=\"wall protected-content\">\n<div class=\"mc-column content-text active-extra-styles \" data-block-type=\"unstyled\" data-block-weight=\"44\" data-block-id=\"4\">\n<p class=\"content-text__container \" data-track-category=\"Link no Texto\" data-track-links=\"\">No relato tamb\u00e9m consta que o padrasto da adolescente, de idade n\u00e3o divulgada, estava presente e encorajando a enteada a atacar a v\u00edtima. Al\u00e9m disso, ap\u00f3s a primeira facada, o indiv\u00edduo ainda amea\u00e7ou a jovem com um fac\u00e3o e foi contido por populares.<\/p>\n<\/div>\n<div class=\"mc-column content-text active-extra-styles \" data-block-type=\"unstyled\" data-block-weight=\"37\" data-block-id=\"5\">\n<p class=\"content-text__container \" data-track-category=\"Link no Texto\" data-track-links=\"\">Segundo a PM, a jovem foi encaminhada ao Pronto Socorro do Hospital S\u00e3o Paulo e n\u00e3o prestou depoimento. Como o nome dela n\u00e3o foi divulgado, n\u00e3o foi poss\u00edvel solicitar o estado de sa\u00fade junto \u00e0 unidade.<\/p>\n<\/div>\n<div class=\"mc-column content-text active-extra-styles \" data-block-type=\"unstyled\" data-block-weight=\"37\" data-block-id=\"6\">\n<p class=\"content-text__container \" data-track-category=\"Link no Texto\" data-track-links=\"\">Inicialmente, a adolescente e o padrasto fugiram do local. Ele foi localizado primeiro, preso e levado \u00e0 delegacia. J\u00e1 a suspeita compareceu \u00e0 delegacia por conta pr\u00f3pria, no mesmo dia, e foi dada voz de apreens\u00e3o.<\/p>\n<\/div>\n<p data-track-category=\"Link no Texto\" data-track-links=\"\">Fonte: G1\/Zona da mata.<\/p>\n<\/div>\n<\/div>\n<\/div>\n<\/div>\n<\/div>\n<p style=\"text-align: justify;\">&nbsp;<\/p>\n","protected":false},"excerpt":{"rendered":"<p>&nbsp; &nbsp; &nbsp; &nbsp; &nbsp; &nbsp; &nbsp; &nbsp; &nbsp; &nbsp; &nbsp; &nbsp;&nbsp; Segundo a PM, envolvidas brigavam por ci\u00fames de uma terceira pessoa, e o padrasto da adolescente incentivava o ataque. Ele tamb\u00e9m foi encaminhado \u00e0 delegacia. Uma adolescente de 17 anos foi apreendida em Muria\u00e9 na tarde de quarta-feira (14), ap\u00f3s esfaquear uma jovem [&hellip;]<\/p>\n","protected":false},"author":6,"featured_media":0,"comment_status":"open","ping_status":"closed","sticky":false,"template":"","format":"standard","meta":{"_joinchat":[],"footnotes":""},"categories":[1],"tags":[],"class_list":["post-75969","post","type-post","status-publish","format-standard","hentry","category-sem-categoria"],"_links":{"self":[{"href":"https:\/\/folhadosudeste.com\/site\/index.php?rest_route=\/wp\/v2\/posts\/75969","targetHints":{"allow":["GET"]}}],"collection":[{"href":"https:\/\/folhadosudeste.com\/site\/index.php?rest_route=\/wp\/v2\/posts"}],"about":[{"href":"https:\/\/folhadosudeste.com\/site\/index.php?rest_route=\/wp\/v2\/types\/post"}],"author":[{"embeddable":true,"href":"https:\/\/folhadosudeste.com\/site\/index.php?rest_route=\/wp\/v2\/users\/6"}],"replies":[{"embeddable":true,"href":"https:\/\/folhadosudeste.com\/site\/index.php?rest_route=%2Fwp%2Fv2%2Fcomments&post=75969"}],"version-history":[{"count":3,"href":"https:\/\/folhadosudeste.com\/site\/index.php?rest_route=\/wp\/v2\/posts\/75969\/revisions"}],"predecessor-version":[{"id":75987,"href":"https:\/\/folhadosudeste.com\/site\/index.php?rest_route=\/wp\/v2\/posts\/75969\/revisions\/75987"}],"wp:attachment":[{"href":"https:\/\/folhadosudeste.com\/site\/index.php?rest_route=%2Fwp%2Fv2%2Fmedia&parent=75969"}],"wp:term":[{"taxonomy":"category","embeddable":true,"href":"https:\/\/folhadosudeste.com\/site\/index.php?rest_route=%2Fwp%2Fv2%2Fcategories&post=75969"},{"taxonomy":"post_tag","embeddable":true,"href":"https:\/\/folhadosudeste.com\/site\/index.php?rest_route=%2Fwp%2Fv2%2Ftags&post=75969"}],"curies":[{"name":"wp","href":"https:\/\/api.w.org\/{rel}","templated":true}]}}