{"id":75972,"date":"2021-07-16T13:23:26","date_gmt":"2021-07-16T13:23:26","guid":{"rendered":"http:\/\/folhadosudeste.com\/site\/?p=75972"},"modified":"2021-07-16T13:23:26","modified_gmt":"2021-07-16T13:23:26","slug":"equipamentos-de-saude-sao-inaugurados-durante-visita-de-zema-a-hospitais-em-muriae","status":"publish","type":"post","link":"https:\/\/folhadosudeste.com\/site\/?p=75972","title":{"rendered":"Equipamentos de sa\u00fade s\u00e3o inaugurados durante visita de Zema a hospitais em Muria\u00e9"},"content":{"rendered":"<div class=\"mc-column content-text active-extra-styles \" data-block-type=\"unstyled\" data-block-weight=\"37\" data-block-id=\"2\">\n<p data-track-category=\"Link no Texto\" data-track-links=\"\"><a href=\"http:\/\/folhadosudeste.com\/site\/wp-content\/uploads\/2021\/07\/muriae.jpg\"><img loading=\"lazy\" decoding=\"async\" class=\"alignnone size-full wp-image-75973\" src=\"http:\/\/folhadosudeste.com\/site\/wp-content\/uploads\/2021\/07\/muriae.jpg\" alt=\"\" width=\"984\" height=\"366\" srcset=\"https:\/\/folhadosudeste.com\/site\/wp-content\/uploads\/2021\/07\/muriae.jpg 984w, https:\/\/folhadosudeste.com\/site\/wp-content\/uploads\/2021\/07\/muriae-300x112.jpg 300w, https:\/\/folhadosudeste.com\/site\/wp-content\/uploads\/2021\/07\/muriae-768x286.jpg 768w\" sizes=\"auto, (max-width: 984px) 100vw, 984px\" \/><\/a><\/p>\n<p class=\"content-text__container \" data-track-category=\"Link no Texto\" data-track-links=\"\">Nesta quarta-feira (14), o governador Romeu Zema (Novo) inaugurou equipamentos de sa\u00fade durante visita \u00e0 cidade de Muria\u00e9. Al\u00e9m disso, ele tamb\u00e9m se reuniu com prefeitos da macrorregi\u00e3o para ouvir demandas e apresentar projetos para os munic\u00edpios.<\/p>\n<\/div>\n<div class=\"wall protected-content\">\n<div class=\"mc-column content-text active-extra-styles \" data-block-type=\"unstyled\" data-block-weight=\"44\" data-block-id=\"3\">\n<p class=\"content-text__container \" data-track-category=\"Link no Texto\" data-track-links=\"\">Os novos equipamentos foram destinados ao Hospital S\u00e3o Paulo e \u00e0 Funda\u00e7\u00e3o Cristiano Varella (Hospital do C\u00e2ncer) e t\u00eam o objetivo de ampliar o atendimento com qualidade na cidade e regi\u00e3o, para o tratamento de pacientes com Covid-19 e outras doen\u00e7as.<\/p>\n<\/div>\n<div class=\"mc-column content-text active-extra-styles \" data-block-type=\"unstyled\" data-block-weight=\"42\" data-block-id=\"4\">\n<p class=\"content-text__container \" data-track-category=\"Link no Texto\" data-track-links=\"\">\u201cFizemos a entrega de uma unidade de hemodi\u00e1lise que foi totalmente reformulada, e tamb\u00e9m de uma ala de ultrassonografia. Sabemos que nesse per\u00edodo agora, p\u00f3s pandemia, esses equipamentos ser\u00e3o extremamente relevantes, porque houve um represamento de procedimentos cir\u00fargicos eletivos\u201d, afirmou o governador.<\/p>\n<\/div>\n<\/div>\n<p><!--more--><\/p>\n<div class=\"mc-column content-text active-extra-styles \" data-block-type=\"unstyled\" data-block-weight=\"26\" data-block-id=\"5\">\n<p class=\"content-text__container \" data-track-category=\"Link no Texto\" data-track-links=\"\">De acordo com a Secretaria de Estado de Sa\u00fade de Minas Gerais (SES-MG), os equipamentos foram adquiridos por meio de emendas parlamentares federais e estaduais.<\/p>\n<\/div>\n<div class=\"mc-column content-text active-extra-styles \" data-block-type=\"unstyled\" data-block-weight=\"35\" data-block-id=\"6\">\n<p class=\"content-text__container \" data-track-category=\"Link no Texto\" data-track-links=\"\">No Hospital S\u00e3o Paulo, foram entregues ainda equipamentos para cirurgias cardiol\u00f3gicas e para procedimentos neurocir\u00fargicos dos mais modernos. Al\u00e9m disso, duas novas salas de ultrassom ser\u00e3o inauguradas e come\u00e7ar\u00e3o a funcionar nos pr\u00f3ximos dias.<\/p>\n<\/div>\n<div class=\"mc-column content-text active-extra-styles \" data-block-type=\"unstyled\" data-block-weight=\"41\" data-block-id=\"7\">\n<p class=\"content-text__container \" data-track-category=\"Link no Texto\" data-track-links=\"\">No Hospital do C\u00e2ncer, o governar participou da inaugura\u00e7\u00e3o do Acelerador Linear de F\u00f3tons. O equipamento vai proporcionar aos pacientes um tratamento mais eficiente e com menos efeitos colaterais. Com isso, a capacidade de atendimento ser\u00e1 aumentada em 30%.<\/p>\n<\/div>\n<div class=\"content-ads content-ads--reveal\" data-block-type=\"ads\" data-block-id=\"8\">\n<div id=\"banner_materia2\" class=\"tag-manager-publicidade-container mc-has-reveal mc-has-ad-lazyload tag-manager-publicidade-banner_materia2 tag-manager-publicidade-container--carregado tag-manager-publicidade-container--visivel\" data-id=\"banner_materia2\" data-req=\"true\" data-google-query-id=\"CMa00fvV5_ECFeQDuQYdaxQCSA\" data-cid=\"138355364650\" data-lid=\"5734621883\">\n<div class=\"mc-column content-text active-extra-styles \" data-block-type=\"unstyled\" data-block-weight=\"26\" data-block-id=\"9\">\n<p class=\"content-text__container \" data-track-category=\"Link no Texto\" data-track-links=\"\">Durante a pandemia, Muria\u00e9 recebeu 21 equipamentos do Governo de Minas, como ventiladores invasivos, monitores, cardioversores e monitor de transporte para atendimento de pacientes da Covid-19.<\/p>\n<\/div>\n<div class=\"mc-column content-text active-extra-styles\" data-block-type=\"raw\" data-block-weight=\"4\" data-block-id=\"10\">\n<div class=\"content-intertitle\">\n<h2>Reuni\u00e3o com os prefeitos<\/h2>\n<\/div>\n<\/div>\n<div class=\"mc-column content-text active-extra-styles \" data-block-type=\"unstyled\" data-block-weight=\"28\" data-block-id=\"11\">\n<p class=\"content-text__container \" data-track-category=\"Link no Texto\" data-track-links=\"\">Durante o encontro, Zema falou sobre os projetos desenvolvidos na gest\u00e3o dele para simplificar o ambiente de neg\u00f3cios e tornar o Estado mais atrativo para novos investimentos.<\/p>\n<\/div>\n<div class=\"mc-column content-text active-extra-styles \" data-block-type=\"unstyled\" data-block-weight=\"18\" data-block-id=\"12\">\n<p class=\"content-text__container \" data-track-category=\"Link no Texto\" data-track-links=\"\">Al\u00e9m disso, o governador ouviu dos gestores e empres\u00e1rios as demandas e dificuldades dos munic\u00edpios e da regi\u00e3o.<\/p>\n<\/div>\n<\/div>\n<\/div>\n<p data-track-category=\"Link no Texto\" data-track-links=\"\">&nbsp;<\/p>\n<p data-track-category=\"Link no Texto\" data-track-links=\"\">&nbsp;<\/p>\n<p data-track-category=\"Link no Texto\" data-track-links=\"\">Fonte: G1\/Zona da mata.<\/p>\n<p data-track-category=\"Link no Texto\" data-track-links=\"\">Foto: Gil Leonardi<\/p>\n","protected":false},"excerpt":{"rendered":"<p>Nesta quarta-feira (14), o governador Romeu Zema (Novo) inaugurou equipamentos de sa\u00fade durante visita \u00e0 cidade de Muria\u00e9. Al\u00e9m disso, ele tamb\u00e9m se reuniu com prefeitos da macrorregi\u00e3o para ouvir demandas e apresentar projetos para os munic\u00edpios. Os novos equipamentos foram destinados ao Hospital S\u00e3o Paulo e \u00e0 Funda\u00e7\u00e3o Cristiano Varella (Hospital do C\u00e2ncer) e [&hellip;]<\/p>\n","protected":false},"author":6,"featured_media":0,"comment_status":"open","ping_status":"closed","sticky":false,"template":"","format":"standard","meta":{"_joinchat":[],"footnotes":""},"categories":[1],"tags":[],"class_list":["post-75972","post","type-post","status-publish","format-standard","hentry","category-sem-categoria"],"_links":{"self":[{"href":"https:\/\/folhadosudeste.com\/site\/index.php?rest_route=\/wp\/v2\/posts\/75972","targetHints":{"allow":["GET"]}}],"collection":[{"href":"https:\/\/folhadosudeste.com\/site\/index.php?rest_route=\/wp\/v2\/posts"}],"about":[{"href":"https:\/\/folhadosudeste.com\/site\/index.php?rest_route=\/wp\/v2\/types\/post"}],"author":[{"embeddable":true,"href":"https:\/\/folhadosudeste.com\/site\/index.php?rest_route=\/wp\/v2\/users\/6"}],"replies":[{"embeddable":true,"href":"https:\/\/folhadosudeste.com\/site\/index.php?rest_route=%2Fwp%2Fv2%2Fcomments&post=75972"}],"version-history":[{"count":1,"href":"https:\/\/folhadosudeste.com\/site\/index.php?rest_route=\/wp\/v2\/posts\/75972\/revisions"}],"predecessor-version":[{"id":75974,"href":"https:\/\/folhadosudeste.com\/site\/index.php?rest_route=\/wp\/v2\/posts\/75972\/revisions\/75974"}],"wp:attachment":[{"href":"https:\/\/folhadosudeste.com\/site\/index.php?rest_route=%2Fwp%2Fv2%2Fmedia&parent=75972"}],"wp:term":[{"taxonomy":"category","embeddable":true,"href":"https:\/\/folhadosudeste.com\/site\/index.php?rest_route=%2Fwp%2Fv2%2Fcategories&post=75972"},{"taxonomy":"post_tag","embeddable":true,"href":"https:\/\/folhadosudeste.com\/site\/index.php?rest_route=%2Fwp%2Fv2%2Ftags&post=75972"}],"curies":[{"name":"wp","href":"https:\/\/api.w.org\/{rel}","templated":true}]}}