{"id":76017,"date":"2021-07-17T14:33:54","date_gmt":"2021-07-17T14:33:54","guid":{"rendered":"http:\/\/folhadosudeste.com\/site\/?p=76017"},"modified":"2021-07-17T14:33:54","modified_gmt":"2021-07-17T14:33:54","slug":"fundarte-revitaliza-estrutura-fisica-e-retoma-aulas-presenciais","status":"publish","type":"post","link":"https:\/\/folhadosudeste.com\/site\/?p=76017","title":{"rendered":"Fundarte revitaliza estrutura f\u00edsica e retoma aulas presenciais"},"content":{"rendered":"<p align=\"justify\"><a href=\"http:\/\/folhadosudeste.com\/site\/wp-content\/uploads\/2021\/07\/IMG_5182.jpg\"><img loading=\"lazy\" decoding=\"async\" class=\"alignnone size-full wp-image-76018\" src=\"http:\/\/folhadosudeste.com\/site\/wp-content\/uploads\/2021\/07\/IMG_5182.jpg\" alt=\"\" width=\"2048\" height=\"1536\" srcset=\"https:\/\/folhadosudeste.com\/site\/wp-content\/uploads\/2021\/07\/IMG_5182.jpg 2048w, https:\/\/folhadosudeste.com\/site\/wp-content\/uploads\/2021\/07\/IMG_5182-300x225.jpg 300w, https:\/\/folhadosudeste.com\/site\/wp-content\/uploads\/2021\/07\/IMG_5182-768x576.jpg 768w, https:\/\/folhadosudeste.com\/site\/wp-content\/uploads\/2021\/07\/IMG_5182-1024x768.jpg 1024w\" sizes=\"auto, (max-width: 2048px) 100vw, 2048px\" \/><\/a><\/p>\n<p style=\"text-align: justify;\" align=\"justify\">A Funda\u00e7\u00e3o de Cultura e Artes de Muria\u00e9&nbsp;recebe&nbsp;mudan\u00e7as&nbsp;na sua forma&nbsp;organizacional&nbsp;e&nbsp;f\u00edsica. Com&nbsp;uma nova&nbsp;estrutura&nbsp;ampla e arrojada, ela prepara novos ambientes para escolas,&nbsp;ganha&nbsp;remodelagem interna&nbsp;amplia\u00e7\u00e3o de salas, novo&nbsp;endere\u00e7o&nbsp;para&nbsp;a&nbsp;dan\u00e7a, adequa\u00e7\u00e3o de&nbsp;espa\u00e7o&nbsp;para&nbsp;artes infantis e adquire&nbsp;pintura externa.&nbsp;No dia&nbsp;17 de agosto as atividades retornam em todas as modalidades.<\/p>\n<p style=\"text-align: justify;\" align=\"justify\">A Fundarte&nbsp;desenvolve&nbsp;as&nbsp;a\u00e7\u00f5es culturais&nbsp;p\u00fablicas do munic\u00edpio, assim como abriga as&nbsp;coordena\u00e7\u00f5es de,&nbsp;cultura,&nbsp;esporte, turismo e&nbsp;juventude.&nbsp;Os&nbsp;trabalhos&nbsp;est\u00e3o sendo&nbsp;organizados para&nbsp;que&nbsp;o retorno das atividades&nbsp;aconte\u00e7am. As escolas de artes visuais, audiovisual, teatro, ballet, dan\u00e7a contempor\u00e2nea e demais j\u00e1 veem, desde o in\u00edcio do ano, realizando oficinas on-line.<\/p>\n<p style=\"text-align: justify;\" align=\"justify\">Desde janeiro, desenvolveu obras para&nbsp;ampliar o n\u00famero de&nbsp;escrit\u00f3rios&nbsp;para inserir adequadamente&nbsp;coordena\u00e7\u00f5es e servi\u00e7os internos, liberando a \u00e1rea da escola de m\u00fasica&nbsp;com o objetivo de&nbsp;formar mais turmas, j\u00e1 que a demanda \u00e9 muito grande para o n\u00famero de vagas&nbsp;existentes.&nbsp;No novo modelo, as crian\u00e7as de 6 anos&nbsp;de idade poder\u00e3o&nbsp;ter aulas&nbsp;de musicaliza\u00e7\u00e3o,&nbsp;em espaco mais adequado.<\/p>\n<p style=\"text-align: justify;\" align=\"justify\"><!--more--><\/p>\n<p style=\"text-align: justify;\" align=\"justify\">H\u00e1 alguns meses, a Funda\u00e7\u00e3o&nbsp;esta criando&nbsp;um espa\u00e7o espec\u00edfico&nbsp;tamb\u00e9m&nbsp;para as aulas de ballet e jazz. \u201cEstamos repaginando um espa\u00e7o maravilhoso na Rua Coronel Domiciano para iniciarmos novamente as turmas da&nbsp;Escola Municipal de Dan\u00e7a \u2013&nbsp;em frente o Teatro Belmira Vilas Boas.&nbsp;Estamos preparando&nbsp;um&nbsp;espa\u00e7o&nbsp;amplo e&nbsp;plano,&nbsp;ideal para se ministrar as&nbsp;aulas.&nbsp;Neste exato momento, organizamos a&nbsp;secretaria&nbsp;e&nbsp;novas salas&nbsp;para aulas pr\u00e1ticas\u201d, esclareceu a diretora da Fundarte, Gilca Napier.<\/p>\n<p style=\"text-align: justify;\" align=\"justify\">A Escola de Artes Visuais&nbsp;Infantil&nbsp;dever\u00e1 funcionar em uma sala especial&nbsp;localizada na&nbsp;biblioteca&nbsp;municipal, por\u00e9m, a&nbsp;modalidade de ensino para adolescentes e adultos continuar\u00e1 no Grande Hotel Muriah\u00e9. \u201cEstamos praparando um espa\u00e7o na cinemateca para&nbsp;receber um Cine Clube. O&nbsp;retorno das turmas de \u00c1udio Visual&nbsp;est\u00e3o previstos tamb\u00e9m. Estamos preparando tudo para reabrir&nbsp;a partir&nbsp;de 16&nbsp;de agosto\u201d, disse ela,&nbsp;satisfeita em oferecer mais oportunidades de vagas, maior&nbsp;conforto e acolhimento&nbsp;para&nbsp;alunos, pais, m\u00e3es, produtores culturais e agentes de cultura&nbsp;da cidade e regi\u00e3o.<\/p>\n<p align=\"justify\"><a href=\"http:\/\/folhadosudeste.com\/site\/wp-content\/uploads\/2021\/07\/Gilca.5.jpg\"><img loading=\"lazy\" decoding=\"async\" class=\"alignnone size-full wp-image-76019\" src=\"http:\/\/folhadosudeste.com\/site\/wp-content\/uploads\/2021\/07\/Gilca.5.jpg\" alt=\"\" width=\"1024\" height=\"843\" srcset=\"https:\/\/folhadosudeste.com\/site\/wp-content\/uploads\/2021\/07\/Gilca.5.jpg 1024w, https:\/\/folhadosudeste.com\/site\/wp-content\/uploads\/2021\/07\/Gilca.5-300x247.jpg 300w, https:\/\/folhadosudeste.com\/site\/wp-content\/uploads\/2021\/07\/Gilca.5-768x632.jpg 768w\" sizes=\"auto, (max-width: 1024px) 100vw, 1024px\" \/><\/a> <a href=\"http:\/\/folhadosudeste.com\/site\/wp-content\/uploads\/2021\/07\/IMG_5167.jpg\"><img loading=\"lazy\" decoding=\"async\" class=\"alignnone size-full wp-image-76020\" src=\"http:\/\/folhadosudeste.com\/site\/wp-content\/uploads\/2021\/07\/IMG_5167.jpg\" alt=\"\" width=\"2048\" height=\"1536\" srcset=\"https:\/\/folhadosudeste.com\/site\/wp-content\/uploads\/2021\/07\/IMG_5167.jpg 2048w, https:\/\/folhadosudeste.com\/site\/wp-content\/uploads\/2021\/07\/IMG_5167-300x225.jpg 300w, https:\/\/folhadosudeste.com\/site\/wp-content\/uploads\/2021\/07\/IMG_5167-768x576.jpg 768w, https:\/\/folhadosudeste.com\/site\/wp-content\/uploads\/2021\/07\/IMG_5167-1024x768.jpg 1024w\" sizes=\"auto, (max-width: 2048px) 100vw, 2048px\" \/><\/a> <a href=\"http:\/\/folhadosudeste.com\/site\/wp-content\/uploads\/2021\/07\/IMG_5177.jpg\"><img loading=\"lazy\" decoding=\"async\" class=\"alignnone size-full wp-image-76021\" src=\"http:\/\/folhadosudeste.com\/site\/wp-content\/uploads\/2021\/07\/IMG_5177.jpg\" alt=\"\" width=\"2048\" height=\"1536\" srcset=\"https:\/\/folhadosudeste.com\/site\/wp-content\/uploads\/2021\/07\/IMG_5177.jpg 2048w, https:\/\/folhadosudeste.com\/site\/wp-content\/uploads\/2021\/07\/IMG_5177-300x225.jpg 300w, https:\/\/folhadosudeste.com\/site\/wp-content\/uploads\/2021\/07\/IMG_5177-768x576.jpg 768w, https:\/\/folhadosudeste.com\/site\/wp-content\/uploads\/2021\/07\/IMG_5177-1024x768.jpg 1024w\" sizes=\"auto, (max-width: 2048px) 100vw, 2048px\" \/><\/a><\/p>\n","protected":false},"excerpt":{"rendered":"<p>A Funda\u00e7\u00e3o de Cultura e Artes de Muria\u00e9&nbsp;recebe&nbsp;mudan\u00e7as&nbsp;na sua forma&nbsp;organizacional&nbsp;e&nbsp;f\u00edsica. Com&nbsp;uma nova&nbsp;estrutura&nbsp;ampla e arrojada, ela prepara novos ambientes para escolas,&nbsp;ganha&nbsp;remodelagem interna&nbsp;amplia\u00e7\u00e3o de salas, novo&nbsp;endere\u00e7o&nbsp;para&nbsp;a&nbsp;dan\u00e7a, adequa\u00e7\u00e3o de&nbsp;espa\u00e7o&nbsp;para&nbsp;artes infantis e adquire&nbsp;pintura externa.&nbsp;No dia&nbsp;17 de agosto as atividades retornam em todas as modalidades. A Fundarte&nbsp;desenvolve&nbsp;as&nbsp;a\u00e7\u00f5es culturais&nbsp;p\u00fablicas do munic\u00edpio, assim como abriga as&nbsp;coordena\u00e7\u00f5es de,&nbsp;cultura,&nbsp;esporte, turismo e&nbsp;juventude.&nbsp;Os&nbsp;trabalhos&nbsp;est\u00e3o sendo&nbsp;organizados para&nbsp;que&nbsp;o retorno [&hellip;]<\/p>\n","protected":false},"author":6,"featured_media":0,"comment_status":"open","ping_status":"closed","sticky":false,"template":"","format":"standard","meta":{"_joinchat":[],"footnotes":""},"categories":[1],"tags":[],"class_list":["post-76017","post","type-post","status-publish","format-standard","hentry","category-sem-categoria"],"_links":{"self":[{"href":"https:\/\/folhadosudeste.com\/site\/index.php?rest_route=\/wp\/v2\/posts\/76017","targetHints":{"allow":["GET"]}}],"collection":[{"href":"https:\/\/folhadosudeste.com\/site\/index.php?rest_route=\/wp\/v2\/posts"}],"about":[{"href":"https:\/\/folhadosudeste.com\/site\/index.php?rest_route=\/wp\/v2\/types\/post"}],"author":[{"embeddable":true,"href":"https:\/\/folhadosudeste.com\/site\/index.php?rest_route=\/wp\/v2\/users\/6"}],"replies":[{"embeddable":true,"href":"https:\/\/folhadosudeste.com\/site\/index.php?rest_route=%2Fwp%2Fv2%2Fcomments&post=76017"}],"version-history":[{"count":1,"href":"https:\/\/folhadosudeste.com\/site\/index.php?rest_route=\/wp\/v2\/posts\/76017\/revisions"}],"predecessor-version":[{"id":76022,"href":"https:\/\/folhadosudeste.com\/site\/index.php?rest_route=\/wp\/v2\/posts\/76017\/revisions\/76022"}],"wp:attachment":[{"href":"https:\/\/folhadosudeste.com\/site\/index.php?rest_route=%2Fwp%2Fv2%2Fmedia&parent=76017"}],"wp:term":[{"taxonomy":"category","embeddable":true,"href":"https:\/\/folhadosudeste.com\/site\/index.php?rest_route=%2Fwp%2Fv2%2Fcategories&post=76017"},{"taxonomy":"post_tag","embeddable":true,"href":"https:\/\/folhadosudeste.com\/site\/index.php?rest_route=%2Fwp%2Fv2%2Ftags&post=76017"}],"curies":[{"name":"wp","href":"https:\/\/api.w.org\/{rel}","templated":true}]}}