{"id":76055,"date":"2021-07-19T13:10:31","date_gmt":"2021-07-19T13:10:31","guid":{"rendered":"http:\/\/folhadosudeste.com\/site\/?p=76055"},"modified":"2021-07-19T13:10:31","modified_gmt":"2021-07-19T13:10:31","slug":"mais-de-60-criancas-e-adolescentes-vitimas-de-crimes-de-violencia-sao-atendidas-durante-a-operacao-acalento-na-zona-da-mata","status":"publish","type":"post","link":"https:\/\/folhadosudeste.com\/site\/?p=76055","title":{"rendered":"Mais de 60 crian\u00e7as e adolescentes v\u00edtimas de crimes de viol\u00eancia s\u00e3o atendidas durante a Opera\u00e7\u00e3o &#8216;Acalento&#8217; na Zona da Mata"},"content":{"rendered":"<p><a href=\"http:\/\/folhadosudeste.com\/site\/wp-content\/uploads\/2021\/07\/whatsapp-image-2021-07-16-at-17.15.52.jpeg\"><img loading=\"lazy\" decoding=\"async\" class=\"alignnone size-full wp-image-76056\" src=\"http:\/\/folhadosudeste.com\/site\/wp-content\/uploads\/2021\/07\/whatsapp-image-2021-07-16-at-17.15.52.jpeg\" alt=\"\" width=\"984\" height=\"802\" srcset=\"https:\/\/folhadosudeste.com\/site\/wp-content\/uploads\/2021\/07\/whatsapp-image-2021-07-16-at-17.15.52.jpeg 984w, https:\/\/folhadosudeste.com\/site\/wp-content\/uploads\/2021\/07\/whatsapp-image-2021-07-16-at-17.15.52-300x245.jpeg 300w, https:\/\/folhadosudeste.com\/site\/wp-content\/uploads\/2021\/07\/whatsapp-image-2021-07-16-at-17.15.52-768x626.jpeg 768w\" sizes=\"auto, (max-width: 984px) 100vw, 984px\" \/><\/a><\/p>\n<p style=\"text-align: justify;\">A\u00e7\u00f5es ocorreram no \u00e2mbito do 4\u00ba Departamento de Pol\u00edcia Civil, que compreende as delegacias dos munic\u00edpios de Juiz de Fora, Ub\u00e1, Leopoldina, Muria\u00e9 e Vi\u00e7osa.<\/p>\n<div class=\"mc-column content-text active-extra-styles \" style=\"text-align: justify;\" data-block-type=\"unstyled\" data-block-weight=\"58\" data-block-id=\"2\">\n<p class=\"content-text__container \" data-track-category=\"Link no Texto\" data-track-links=\"\"><strong>Mais de 60 crian\u00e7as e adolescentes v\u00edtimas de crimes de viol\u00eancia foram atendidas<\/strong>&nbsp;durante a Opera\u00e7\u00e3o &#8220;Acalento&#8221; na Zona da Mata. As<span class=\"highlight highlighted\">&nbsp;a\u00e7\u00f5es ocorreram desde o dia 4 de junho at\u00e9 esta sexta-feira (16)&nbsp;<\/span>no \u00e2mbito do 4\u00ba Departamento de Pol\u00edcia Civil, que compreende as delegacias dos munic\u00edpios de Juiz de Fora, Ub\u00e1, Leopoldina, Muria\u00e9 e Vi\u00e7osa.<\/p>\n<\/div>\n<div class=\"wall protected-content\" style=\"text-align: justify;\">\n<div class=\"mc-column content-text active-extra-styles \" data-block-type=\"unstyled\" data-block-weight=\"40\" data-block-id=\"3\">\n<p class=\"content-text__container \" data-track-category=\"Link no Texto\" data-track-links=\"\">A&nbsp;<strong>&#8220;Acalento&#8221; foi uma opera\u00e7\u00e3o nacional&nbsp;<\/strong>realizada pelo Minist\u00e9rio da Justi\u00e7a e Seguran\u00e7a P\u00fablica, pelas pol\u00edcias civis e pelas secretarias de Seguran\u00e7a P\u00fablica dos estados.&nbsp;<span class=\"highlight highlighted\">A a\u00e7\u00e3o foi realizada em 1.047 cidades, nos 26 estados e no Distrito Federal.<\/span><\/p>\n<\/div>\n<\/div>\n<p style=\"text-align: justify;\"><!--more--><\/p>\n<div class=\"wall protected-content\" style=\"text-align: justify;\">\n<div class=\"mc-column content-text active-extra-styles \" data-block-type=\"unstyled\" data-block-weight=\"47\" data-block-id=\"4\">\n<p class=\"content-text__container \" data-track-category=\"Link no Texto\" data-track-links=\"\">Esta&nbsp;<strong>sexta-feira foi considerada o Dia &#8220;D&#8221; da a\u00e7\u00e3o<\/strong>&nbsp;e, por isso, foi divulgado o balan\u00e7o das atividades. At\u00e9 a \u00faltima atualiza\u00e7\u00e3o desta mat\u00e9ria,&nbsp;<span class=\"highlight highlighted\">a Pol\u00edcia Civil n\u00e3o havia informado os dados dos munic\u00edpios do Campo das Vertentes<\/span>.&nbsp;<strong>Veja abaixo os n\u00fameros da Zona da Mata.<\/strong><\/p>\n<\/div>\n<div class=\"mc-column content-text active-extra-styles\" data-block-type=\"raw\" data-block-weight=\"1\" data-block-id=\"5\">\n<div class=\"content-intertitle\">\n<div class=\"mc-column content-text active-extra-styles\" data-block-type=\"raw\" data-block-weight=\"1\" data-block-id=\"5\">\n<div class=\"content-intertitle\">\n<h2>Balan\u00e7o<\/h2>\n<\/div>\n<\/div>\n<div class=\"mc-column content-text active-extra-styles \" data-block-type=\"unstyled\" data-block-weight=\"18\" data-block-id=\"6\">\n<p class=\"content-text__container \" data-track-category=\"Link no Texto\" data-track-links=\"\">De acordo com o 4\u00ba Departamento de Pol\u00edcia Civil,&nbsp;<strong>o balan\u00e7o nas cidades da Zona da Mata foi:<\/strong><\/p>\n<\/div>\n<div class=\"mc-column content-text active-extra-styles\" data-block-type=\"raw\" data-block-weight=\"34\" data-block-id=\"7\">\n<ul class=\"content-unordered-list\">\n<li>69 policiais trabalharam na a\u00e7\u00e3o;<\/li>\n<li>64 v\u00edtimas atendidas;<\/li>\n<li>60 visitas policiais;<\/li>\n<li>Foram lavrados 4 autos de pris\u00e3o em flagrante;<\/li>\n<li>Oito Termos Circunstanciados de Ocorr\u00eancia (TCO&#8217;s) emitidos;<\/li>\n<li>Instaurados 31 inqu\u00e9ritos policiais;<\/li>\n<li>4 medidas protetivas solicitadas.<\/li>\n<\/ul>\n<\/div>\n<div class=\"mc-column content-text active-extra-styles\" data-block-type=\"raw\" data-block-weight=\"2\" data-block-id=\"8\">\n<div class=\"content-intertitle\">\n<h2>Opera\u00e7\u00e3o &#8216;Acalento&#8217;<\/h2>\n<p>As investiga\u00e7\u00f5es da &#8220;Acalento&#8221; tiveram in\u00edcio no dia 4 de junho e, segundo o minist\u00e9rio, foi desencadeada ap\u00f3s a morte de&nbsp;<\/p>\n<div class=\"wall protected-content\">\n<div class=\"mc-column content-text active-extra-styles \" data-block-type=\"unstyled\" data-block-weight=\"47\" data-block-id=\"4\">\n<p class=\"content-text__container \" data-track-category=\"Link no Texto\" data-track-links=\"\">Esta&nbsp;<strong>sexta-feira foi considerada o Dia &#8220;D&#8221; da a\u00e7\u00e3o<\/strong>&nbsp;e, por isso, foi divulgado o balan\u00e7o das atividades. At\u00e9 a \u00faltima atualiza\u00e7\u00e3o desta mat\u00e9ria,&nbsp;<span class=\"highlight highlighted\">a Pol\u00edcia Civil n\u00e3o havia informado os dados dos munic\u00edpios do Campo das Vertentes<\/span>.&nbsp;<strong>Veja abaixo os n\u00fameros da Zona da Mata.<\/strong><\/p>\n<\/div>\n<div class=\"mc-column content-text active-extra-styles\" data-block-type=\"raw\" data-block-weight=\"1\" data-block-id=\"5\">\n<div class=\"content-intertitle\">\n<div class=\"mc-column content-text active-extra-styles\" data-block-type=\"raw\" data-block-weight=\"1\" data-block-id=\"5\">\n<div class=\"content-intertitle\">\n<h2>Balan\u00e7o<\/h2>\n<\/div>\n<\/div>\n<div class=\"mc-column content-text active-extra-styles \" data-block-type=\"unstyled\" data-block-weight=\"18\" data-block-id=\"6\">\n<p class=\"content-text__container \" data-track-category=\"Link no Texto\" data-track-links=\"\">De acordo com o 4\u00ba Departamento de Pol\u00edcia Civil,&nbsp;<strong>o balan\u00e7o nas cidades da Zona da Mata foi:<\/strong><\/p>\n<\/div>\n<div class=\"mc-column content-text active-extra-styles\" data-block-type=\"raw\" data-block-weight=\"34\" data-block-id=\"7\">\n<ul class=\"content-unordered-list\">\n<li>69 policiais trabalharam na a\u00e7\u00e3o;<\/li>\n<li>64 v\u00edtimas atendidas;<\/li>\n<li>60 visitas policiais;<\/li>\n<li>Foram lavrados 4 autos de pris\u00e3o em flagrante;<\/li>\n<li>Oito Termos Circunstanciados de Ocorr\u00eancia (TCO&#8217;s) emitidos;<\/li>\n<li>Instaurados 31 inqu\u00e9ritos policiais;<\/li>\n<li>4 medidas protetivas solicitadas.<\/li>\n<\/ul>\n<\/div>\n<div class=\"mc-column content-text active-extra-styles\" data-block-type=\"raw\" data-block-weight=\"2\" data-block-id=\"8\">\n<div class=\"content-intertitle\">\n<h2>Opera\u00e7\u00e3o &#8216;Acalento&#8217;<\/h2>\n<p>As investiga\u00e7\u00f5es da &#8220;Acalento&#8221; tiveram in\u00edcio no dia 4 de junho e, segundo o minist\u00e9rio, foi desencadeada ap\u00f3s a morte de Henry Borel, no Rio de Janeiro. O menino, de 4 anos, morreu no dia 8 de mar\u00e7o em consequ\u00eancias de agress\u00f5es cometidas pelo ex-companheiro da m\u00e3e, o ex-vereador Dr. Jairinho.<\/p>\n<\/div>\n<p>Fonte: G1\/Zona da mata.<\/p>\n<div class=\"content-intertitle\">\n<p>&nbsp;<\/p>\n<\/div>\n<\/div>\n<\/div>\n<\/div>\n<\/div>\n<\/div>\n<\/div>\n<\/div>\n<\/div>\n<\/div>\n","protected":false},"excerpt":{"rendered":"<p>A\u00e7\u00f5es ocorreram no \u00e2mbito do 4\u00ba Departamento de Pol\u00edcia Civil, que compreende as delegacias dos munic\u00edpios de Juiz de Fora, Ub\u00e1, Leopoldina, Muria\u00e9 e Vi\u00e7osa. Mais de 60 crian\u00e7as e adolescentes v\u00edtimas de crimes de viol\u00eancia foram atendidas&nbsp;durante a Opera\u00e7\u00e3o &#8220;Acalento&#8221; na Zona da Mata. As&nbsp;a\u00e7\u00f5es ocorreram desde o dia 4 de junho at\u00e9 esta [&hellip;]<\/p>\n","protected":false},"author":6,"featured_media":0,"comment_status":"open","ping_status":"closed","sticky":false,"template":"","format":"standard","meta":{"_joinchat":[],"footnotes":""},"categories":[1],"tags":[],"class_list":["post-76055","post","type-post","status-publish","format-standard","hentry","category-sem-categoria"],"_links":{"self":[{"href":"https:\/\/folhadosudeste.com\/site\/index.php?rest_route=\/wp\/v2\/posts\/76055","targetHints":{"allow":["GET"]}}],"collection":[{"href":"https:\/\/folhadosudeste.com\/site\/index.php?rest_route=\/wp\/v2\/posts"}],"about":[{"href":"https:\/\/folhadosudeste.com\/site\/index.php?rest_route=\/wp\/v2\/types\/post"}],"author":[{"embeddable":true,"href":"https:\/\/folhadosudeste.com\/site\/index.php?rest_route=\/wp\/v2\/users\/6"}],"replies":[{"embeddable":true,"href":"https:\/\/folhadosudeste.com\/site\/index.php?rest_route=%2Fwp%2Fv2%2Fcomments&post=76055"}],"version-history":[{"count":1,"href":"https:\/\/folhadosudeste.com\/site\/index.php?rest_route=\/wp\/v2\/posts\/76055\/revisions"}],"predecessor-version":[{"id":76057,"href":"https:\/\/folhadosudeste.com\/site\/index.php?rest_route=\/wp\/v2\/posts\/76055\/revisions\/76057"}],"wp:attachment":[{"href":"https:\/\/folhadosudeste.com\/site\/index.php?rest_route=%2Fwp%2Fv2%2Fmedia&parent=76055"}],"wp:term":[{"taxonomy":"category","embeddable":true,"href":"https:\/\/folhadosudeste.com\/site\/index.php?rest_route=%2Fwp%2Fv2%2Fcategories&post=76055"},{"taxonomy":"post_tag","embeddable":true,"href":"https:\/\/folhadosudeste.com\/site\/index.php?rest_route=%2Fwp%2Fv2%2Ftags&post=76055"}],"curies":[{"name":"wp","href":"https:\/\/api.w.org\/{rel}","templated":true}]}}