{"id":76064,"date":"2021-07-19T20:41:41","date_gmt":"2021-07-19T20:41:41","guid":{"rendered":"http:\/\/folhadosudeste.com\/site\/?p=76064"},"modified":"2021-07-19T20:41:41","modified_gmt":"2021-07-19T20:41:41","slug":"muriae-confirmou-37-novos-casos-de-covid-19-nesta-segunda-feira","status":"publish","type":"post","link":"https:\/\/folhadosudeste.com\/site\/?p=76064","title":{"rendered":"Muria\u00e9 confirmou 37 novos casos de covid-19 nesta segunda-feira"},"content":{"rendered":"<div><a href=\"http:\/\/folhadosudeste.com\/site\/wp-content\/uploads\/2021\/07\/19072021.jpg\"><img loading=\"lazy\" decoding=\"async\" class=\"alignnone size-full wp-image-76065\" src=\"http:\/\/folhadosudeste.com\/site\/wp-content\/uploads\/2021\/07\/19072021.jpg\" alt=\"\" width=\"1080\" height=\"1080\" srcset=\"https:\/\/folhadosudeste.com\/site\/wp-content\/uploads\/2021\/07\/19072021.jpg 1080w, https:\/\/folhadosudeste.com\/site\/wp-content\/uploads\/2021\/07\/19072021-150x150.jpg 150w, https:\/\/folhadosudeste.com\/site\/wp-content\/uploads\/2021\/07\/19072021-300x300.jpg 300w, https:\/\/folhadosudeste.com\/site\/wp-content\/uploads\/2021\/07\/19072021-768x768.jpg 768w, https:\/\/folhadosudeste.com\/site\/wp-content\/uploads\/2021\/07\/19072021-1024x1024.jpg 1024w\" sizes=\"auto, (max-width: 1080px) 100vw, 1080px\" \/><\/a><\/div>\n<div style=\"text-align: justify;\">Os registros por faixa et\u00e1ria ficaram da seguinte forma:<\/div>\n<div style=\"text-align: justify;\">&nbsp;<\/div>\n<div style=\"text-align: justify;\">De 00 a 09 anos: 1 caso<\/div>\n<div style=\"text-align: justify;\">De 10 a 19 anos: 1 caso<\/div>\n<div style=\"text-align: justify;\">De 20 a 29 anos: 6 casos<\/div>\n<div style=\"text-align: justify;\">De 30 a 39 anos: 9 casos<\/div>\n<div style=\"text-align: justify;\">De 40 a 49 anos: 6 casos<\/div>\n<div style=\"text-align: justify;\">De 50 a 59 anos: 6 casos<\/div>\n<div style=\"text-align: justify;\">De 60 a 69 anos: 3 casos<\/div>\n<div style=\"text-align: justify;\">De 70 a 79 anos: 5 casos<\/div>\n<div style=\"text-align: justify;\">De 80 a 89 anos: Nenhum caso<\/div>\n<div style=\"text-align: justify;\">De 90 a 99 anos: Nenhum caso<\/div>\n<div style=\"text-align: justify;\">A partir de 100 anos: Nenhum caso<\/div>\n<div style=\"text-align: justify;\">&nbsp;<\/div>\n<div style=\"text-align: justify;\">Vacina\u00e7\u00e3o &#8211; Na ter\u00e7a-feira (20), a vacina\u00e7\u00e3o de primeira dose ser\u00e1 para as pessoas de 36 anos sem comorbidades. O atendimento acontece das 8h \u00e0s 11h, nas UBSs dos bairros Dornelas, Padre Tiago, Planalto, Primavera e Padre Tiago. \u00c9 obeigat\u00f3rio levar CPF e comprovante de resid\u00eancia em Muria\u00e9.<\/div>\n<div style=\"text-align: justify;\">&nbsp;<\/div>\n<p style=\"text-align: justify;\"><!--more--><\/p>\n<div style=\"text-align: justify;\">&nbsp;<\/div>\n<div style=\"text-align: justify;\">J\u00e1 a aplica\u00e7\u00e3o de segunda dose do imunizante da Astrazeneca tamb\u00e9m segue acontecendo. Quem j\u00e1 estiver na data de receb\u00ea-la deve comparecer a qualquer uma das cinco UBSs citadas acima, no mesmo hor\u00e1rio de 8h \u00e0s 11h. \u00c9 necess\u00e1rio levar o CPF e a carteira de vacinas com comprova\u00e7\u00e3o da primeira dose.<\/div>\n<div style=\"text-align: justify;\">&nbsp;<\/div>\n<div style=\"text-align: justify;\">Veja os n\u00fameros completos de hoje (19\/07\/2021):<\/div>\n<div style=\"text-align: justify;\">&nbsp;<\/div>\n<div style=\"text-align: justify;\">VACINA\u00c7\u00c3O<\/div>\n<div style=\"text-align: justify;\">Vacinados com uma dose: 56.730 (51,86% da popula\u00e7\u00e3o total<\/div>\n<div style=\"text-align: justify;\">Vacinados com duas doses ou dose \u00fanica: 24.414 (22,32% da popula\u00e7\u00e3o total)<\/div>\n<div style=\"text-align: justify;\">&nbsp;<\/div>\n<div style=\"text-align: justify;\">PACIENTES<\/div>\n<div style=\"text-align: justify;\">Total de casos confirmados: 10.788 (+37)<\/div>\n<div style=\"text-align: justify;\">Pacientes ativos: 222<\/div>\n<div style=\"text-align: justify;\">Pacientes curados: 10.285<\/div>\n<div style=\"text-align: justify;\">\u00d3bitos: 281<\/div>\n<div style=\"text-align: justify;\">Investigados \/ Monitorados: 89<\/div>\n<div style=\"text-align: justify;\">Negativos: 11.872<\/div>\n<div>&nbsp;<\/div>\n<div><a href=\"http:\/\/folhadosudeste.com\/site\/wp-content\/uploads\/2021\/07\/CASOS-DE-COVID-19-EM-MURIA\u00c9-POR-FAIXA-ET\u00c1RIA-19_07_2021.png\"><img loading=\"lazy\" decoding=\"async\" class=\"alignnone size-full wp-image-76066\" src=\"http:\/\/folhadosudeste.com\/site\/wp-content\/uploads\/2021\/07\/CASOS-DE-COVID-19-EM-MURIA\u00c9-POR-FAIXA-ET\u00c1RIA-19_07_2021.png\" alt=\"\" width=\"1086\" height=\"903\" srcset=\"https:\/\/folhadosudeste.com\/site\/wp-content\/uploads\/2021\/07\/CASOS-DE-COVID-19-EM-MURIA\u00c9-POR-FAIXA-ET\u00c1RIA-19_07_2021.png 1086w, https:\/\/folhadosudeste.com\/site\/wp-content\/uploads\/2021\/07\/CASOS-DE-COVID-19-EM-MURIA\u00c9-POR-FAIXA-ET\u00c1RIA-19_07_2021-300x249.png 300w, https:\/\/folhadosudeste.com\/site\/wp-content\/uploads\/2021\/07\/CASOS-DE-COVID-19-EM-MURIA\u00c9-POR-FAIXA-ET\u00c1RIA-19_07_2021-768x639.png 768w, https:\/\/folhadosudeste.com\/site\/wp-content\/uploads\/2021\/07\/CASOS-DE-COVID-19-EM-MURIA\u00c9-POR-FAIXA-ET\u00c1RIA-19_07_2021-1024x851.png 1024w\" sizes=\"auto, (max-width: 1086px) 100vw, 1086px\" \/><\/a><\/div>\n","protected":false},"excerpt":{"rendered":"<p>Os registros por faixa et\u00e1ria ficaram da seguinte forma: &nbsp; De 00 a 09 anos: 1 caso De 10 a 19 anos: 1 caso De 20 a 29 anos: 6 casos De 30 a 39 anos: 9 casos De 40 a 49 anos: 6 casos De 50 a 59 anos: 6 casos De 60 a [&hellip;]<\/p>\n","protected":false},"author":6,"featured_media":0,"comment_status":"open","ping_status":"closed","sticky":false,"template":"","format":"standard","meta":{"_joinchat":[],"footnotes":""},"categories":[1],"tags":[],"class_list":["post-76064","post","type-post","status-publish","format-standard","hentry","category-sem-categoria"],"_links":{"self":[{"href":"https:\/\/folhadosudeste.com\/site\/index.php?rest_route=\/wp\/v2\/posts\/76064","targetHints":{"allow":["GET"]}}],"collection":[{"href":"https:\/\/folhadosudeste.com\/site\/index.php?rest_route=\/wp\/v2\/posts"}],"about":[{"href":"https:\/\/folhadosudeste.com\/site\/index.php?rest_route=\/wp\/v2\/types\/post"}],"author":[{"embeddable":true,"href":"https:\/\/folhadosudeste.com\/site\/index.php?rest_route=\/wp\/v2\/users\/6"}],"replies":[{"embeddable":true,"href":"https:\/\/folhadosudeste.com\/site\/index.php?rest_route=%2Fwp%2Fv2%2Fcomments&post=76064"}],"version-history":[{"count":1,"href":"https:\/\/folhadosudeste.com\/site\/index.php?rest_route=\/wp\/v2\/posts\/76064\/revisions"}],"predecessor-version":[{"id":76067,"href":"https:\/\/folhadosudeste.com\/site\/index.php?rest_route=\/wp\/v2\/posts\/76064\/revisions\/76067"}],"wp:attachment":[{"href":"https:\/\/folhadosudeste.com\/site\/index.php?rest_route=%2Fwp%2Fv2%2Fmedia&parent=76064"}],"wp:term":[{"taxonomy":"category","embeddable":true,"href":"https:\/\/folhadosudeste.com\/site\/index.php?rest_route=%2Fwp%2Fv2%2Fcategories&post=76064"},{"taxonomy":"post_tag","embeddable":true,"href":"https:\/\/folhadosudeste.com\/site\/index.php?rest_route=%2Fwp%2Fv2%2Ftags&post=76064"}],"curies":[{"name":"wp","href":"https:\/\/api.w.org\/{rel}","templated":true}]}}