{"id":76088,"date":"2021-07-20T16:30:57","date_gmt":"2021-07-20T16:30:57","guid":{"rendered":"http:\/\/folhadosudeste.com\/site\/?p=76088"},"modified":"2021-07-21T18:12:28","modified_gmt":"2021-07-21T18:12:28","slug":"nota-de-pesar-3","status":"publish","type":"post","link":"https:\/\/folhadosudeste.com\/site\/?p=76088","title":{"rendered":"NOTA DE PESAR!"},"content":{"rendered":"<p><a href=\"http:\/\/folhadosudeste.com\/site\/wp-content\/uploads\/2021\/07\/DSC_0125.jpg\"><img loading=\"lazy\" decoding=\"async\" class=\"alignnone size-full wp-image-76118\" src=\"http:\/\/folhadosudeste.com\/site\/wp-content\/uploads\/2021\/07\/DSC_0125.jpg\" alt=\"\" width=\"800\" height=\"530\" srcset=\"https:\/\/folhadosudeste.com\/site\/wp-content\/uploads\/2021\/07\/DSC_0125.jpg 800w, https:\/\/folhadosudeste.com\/site\/wp-content\/uploads\/2021\/07\/DSC_0125-300x199.jpg 300w, https:\/\/folhadosudeste.com\/site\/wp-content\/uploads\/2021\/07\/DSC_0125-768x509.jpg 768w, https:\/\/folhadosudeste.com\/site\/wp-content\/uploads\/2021\/07\/DSC_0125-120x80.jpg 120w, https:\/\/folhadosudeste.com\/site\/wp-content\/uploads\/2021\/07\/DSC_0125-345x230.jpg 345w, https:\/\/folhadosudeste.com\/site\/wp-content\/uploads\/2021\/07\/DSC_0125-590x390.jpg 590w\" sizes=\"auto, (max-width: 800px) 100vw, 800px\" \/><\/a><\/p>\n<p>\u00c9 com muito pesar que comunicamos o falecimento da talentosa cantora Isabel Cristina. Uma pessoa alegre, que contagiava a todos \u00e0 sua volta, com muita&nbsp;&nbsp;divers\u00e3o e simpatia, propondo momentos de descontra\u00e7\u00e3o e leveza com a sua m\u00fasica, fazia par com o talentoso Marcel Mayrink. Isabel Cristina veio a falecer&nbsp;&nbsp;na noite de segunda-feira (19) por&nbsp;&nbsp;complica\u00e7\u00f5es acarretada pelo Covid-19. N\u00f3s do Jornal Folha do Sudeste desejamos que Deus possa confortar o cora\u00e7\u00e3o dos amigos e familiares. Isabel Cristina foi uma pessoa que agregou muito para a cidade de Muria\u00e9 com sua voz e presen\u00e7a, com certeza far\u00e1 muito falta. Descanse em paz amiga!<\/p>\n<p><!--more--><\/p>\n<p><a href=\"http:\/\/folhadosudeste.com\/site\/wp-content\/uploads\/2021\/07\/DSC_0429.jpg\"><img loading=\"lazy\" decoding=\"async\" class=\"alignnone size-full wp-image-76119\" src=\"http:\/\/folhadosudeste.com\/site\/wp-content\/uploads\/2021\/07\/DSC_0429.jpg\" alt=\"\" width=\"800\" height=\"530\" srcset=\"https:\/\/folhadosudeste.com\/site\/wp-content\/uploads\/2021\/07\/DSC_0429.jpg 800w, https:\/\/folhadosudeste.com\/site\/wp-content\/uploads\/2021\/07\/DSC_0429-300x199.jpg 300w, https:\/\/folhadosudeste.com\/site\/wp-content\/uploads\/2021\/07\/DSC_0429-768x509.jpg 768w, https:\/\/folhadosudeste.com\/site\/wp-content\/uploads\/2021\/07\/DSC_0429-120x80.jpg 120w, https:\/\/folhadosudeste.com\/site\/wp-content\/uploads\/2021\/07\/DSC_0429-345x230.jpg 345w, https:\/\/folhadosudeste.com\/site\/wp-content\/uploads\/2021\/07\/DSC_0429-590x390.jpg 590w\" sizes=\"auto, (max-width: 800px) 100vw, 800px\" \/><\/a><\/p>\n<p>Fotos: Arquivo\/Folha do Sudeste.<\/p>\n","protected":false},"excerpt":{"rendered":"<p>\u00c9 com muito pesar que comunicamos o falecimento da talentosa cantora Isabel Cristina. Uma pessoa alegre, que contagiava a todos \u00e0 sua volta, com muita&nbsp;&nbsp;divers\u00e3o e simpatia, propondo momentos de descontra\u00e7\u00e3o e leveza com a sua m\u00fasica, fazia par com o talentoso Marcel Mayrink. Isabel Cristina veio a falecer&nbsp;&nbsp;na noite de segunda-feira (19) por&nbsp;&nbsp;complica\u00e7\u00f5es acarretada [&hellip;]<\/p>\n","protected":false},"author":6,"featured_media":0,"comment_status":"open","ping_status":"closed","sticky":false,"template":"","format":"standard","meta":{"_joinchat":[],"footnotes":""},"categories":[1],"tags":[],"class_list":["post-76088","post","type-post","status-publish","format-standard","hentry","category-sem-categoria"],"_links":{"self":[{"href":"https:\/\/folhadosudeste.com\/site\/index.php?rest_route=\/wp\/v2\/posts\/76088","targetHints":{"allow":["GET"]}}],"collection":[{"href":"https:\/\/folhadosudeste.com\/site\/index.php?rest_route=\/wp\/v2\/posts"}],"about":[{"href":"https:\/\/folhadosudeste.com\/site\/index.php?rest_route=\/wp\/v2\/types\/post"}],"author":[{"embeddable":true,"href":"https:\/\/folhadosudeste.com\/site\/index.php?rest_route=\/wp\/v2\/users\/6"}],"replies":[{"embeddable":true,"href":"https:\/\/folhadosudeste.com\/site\/index.php?rest_route=%2Fwp%2Fv2%2Fcomments&post=76088"}],"version-history":[{"count":3,"href":"https:\/\/folhadosudeste.com\/site\/index.php?rest_route=\/wp\/v2\/posts\/76088\/revisions"}],"predecessor-version":[{"id":76121,"href":"https:\/\/folhadosudeste.com\/site\/index.php?rest_route=\/wp\/v2\/posts\/76088\/revisions\/76121"}],"wp:attachment":[{"href":"https:\/\/folhadosudeste.com\/site\/index.php?rest_route=%2Fwp%2Fv2%2Fmedia&parent=76088"}],"wp:term":[{"taxonomy":"category","embeddable":true,"href":"https:\/\/folhadosudeste.com\/site\/index.php?rest_route=%2Fwp%2Fv2%2Fcategories&post=76088"},{"taxonomy":"post_tag","embeddable":true,"href":"https:\/\/folhadosudeste.com\/site\/index.php?rest_route=%2Fwp%2Fv2%2Ftags&post=76088"}],"curies":[{"name":"wp","href":"https:\/\/api.w.org\/{rel}","templated":true}]}}