{"id":76091,"date":"2021-07-20T21:59:06","date_gmt":"2021-07-20T21:59:06","guid":{"rendered":"http:\/\/folhadosudeste.com\/site\/?p=76091"},"modified":"2021-07-20T21:59:06","modified_gmt":"2021-07-20T21:59:06","slug":"prefeitura-inaugura-novo-espaco-de-atendimento-especializado-para-criancas-no-cras-barra","status":"publish","type":"post","link":"https:\/\/folhadosudeste.com\/site\/?p=76091","title":{"rendered":"Prefeitura inaugura novo espa\u00e7o de atendimento especializado para crian\u00e7as no CRAS Barra"},"content":{"rendered":"<div><a href=\"http:\/\/folhadosudeste.com\/site\/wp-content\/uploads\/2021\/07\/622522e1-d675-479e-8631-e48b7ebdfba1.jpg\"><img loading=\"lazy\" decoding=\"async\" class=\"alignnone size-full wp-image-76092\" src=\"http:\/\/folhadosudeste.com\/site\/wp-content\/uploads\/2021\/07\/622522e1-d675-479e-8631-e48b7ebdfba1.jpg\" alt=\"\" width=\"1280\" height=\"849\" srcset=\"https:\/\/folhadosudeste.com\/site\/wp-content\/uploads\/2021\/07\/622522e1-d675-479e-8631-e48b7ebdfba1.jpg 1280w, https:\/\/folhadosudeste.com\/site\/wp-content\/uploads\/2021\/07\/622522e1-d675-479e-8631-e48b7ebdfba1-300x199.jpg 300w, https:\/\/folhadosudeste.com\/site\/wp-content\/uploads\/2021\/07\/622522e1-d675-479e-8631-e48b7ebdfba1-768x509.jpg 768w, https:\/\/folhadosudeste.com\/site\/wp-content\/uploads\/2021\/07\/622522e1-d675-479e-8631-e48b7ebdfba1-1024x679.jpg 1024w, https:\/\/folhadosudeste.com\/site\/wp-content\/uploads\/2021\/07\/622522e1-d675-479e-8631-e48b7ebdfba1-120x80.jpg 120w, https:\/\/folhadosudeste.com\/site\/wp-content\/uploads\/2021\/07\/622522e1-d675-479e-8631-e48b7ebdfba1-345x230.jpg 345w, https:\/\/folhadosudeste.com\/site\/wp-content\/uploads\/2021\/07\/622522e1-d675-479e-8631-e48b7ebdfba1-590x390.jpg 590w\" sizes=\"auto, (max-width: 1280px) 100vw, 1280px\" \/><\/a><\/div>\n<div>&nbsp;<\/div>\n<div style=\"text-align: justify;\">O Centro de Refer\u00eancia de Assist\u00eancia Social da Barra, inaugurado recentemente pela Prefeitura de Muria\u00e9, ganhou o N\u00facleo de Atendimento e Inclus\u00e3o Social (NAIS). O novo espa\u00e7o, que recebeu o nome de NAIS Bernardete Carneiro, foi aberto em cerim\u00f4nia informal realizada na manh\u00e3 desta ter\u00e7a-feira (20).<\/div>\n<div style=\"text-align: justify;\">&nbsp;<\/div>\n<div style=\"text-align: justify;\">No local, ser\u00e3o desenvolvidas atividades junto a crian\u00e7as de at\u00e9 seis anos de idade que apresentam ind\u00edcios ou que j\u00e1 foram diagnosticadas com defici\u00eancia, transtornos e s\u00edndromes. A proposta \u00e9 de fortalecer v\u00ednculos familiares e, assim, prevenir que situa\u00e7\u00f5es de risco e exclus\u00e3o social para aquele p\u00fablico.<\/div>\n<div style=\"text-align: justify;\">&nbsp;<\/div>\n<div style=\"text-align: justify;\">&#8220;O NAIS prop\u00f5e o atendimento pautado na experi\u00eancia l\u00fadica, em brincadeiras, express\u00f5es art\u00edsticas e na estimula\u00e7\u00e3o das crian\u00e7as, buscando garantir a intera\u00e7\u00e3o e a prote\u00e7\u00e3o social delas&#8221;, explica a secret\u00e1ria municipal de Desenvolvimento Social de Muria\u00e9, Eveline Amaral.<\/div>\n<div style=\"text-align: justify;\">&nbsp;<\/div>\n<p style=\"text-align: justify;\"><!--more--><\/p>\n<div style=\"text-align: justify;\">&nbsp;<\/div>\n<div style=\"text-align: justify;\">As crian\u00e7as atendidas no NAIS ser\u00e3o encaminhadas a partir do programa Crian\u00e7a Feliz e das unidades de CRAS, CREAS e Casa Lar existentes em Muria\u00e9. As secretarias municipais de Educa\u00e7\u00e3o (atrav\u00e9s das escolas infantis e do Atendimento Educacional Especializado) e de Sa\u00fade, a exemplo da Associa\u00e7\u00e3o Muriaeense dos Autistas, tamb\u00e9m atuar\u00e3o no encaminhamento de crian\u00e7as que necessitarem do servi\u00e7o.<\/div>\n<div style=\"text-align: justify;\">&nbsp;<\/div>\n<div style=\"text-align: justify;\">A cerim\u00f4nia de abertura do NAIS teve a presen\u00e7a do vice-prefeito Marcos Guarino e das secretarias de Desenvolvimento Social, Eveline Amaral, e de Educa\u00e7\u00e3o, Maria Am\u00e9lia Xaia.<\/div>\n<div style=\"text-align: justify;\">&nbsp;<\/div>\n<div style=\"text-align: justify;\"><strong>Bernardete Carneiro &#8211;<\/strong>&nbsp;O novo NAIS do CRAS da Barra foi batizado com o nome de Bernardete Carneiro, figura marcante na hist\u00f3ria de Muria\u00e9.&nbsp;<\/div>\n<div style=\"text-align: justify;\">&nbsp;<\/div>\n<div style=\"text-align: justify;\">Ela foi fundadora da primeira escola a oferecer gratuitamente o antigo ensino ginasial em Muria\u00e9. Tamb\u00e9m atuou no projeto Pr\u00f3-Moradia, idealizado pelo padre Tiago Prins, que at\u00e9 hoje oferece a fam\u00edlias de baixa renda a oportunidade de terem acesso \u00e0 casa pr\u00f3pria. J\u00e1 na pol\u00edtica, foi a primeira mulher a ser vereadora no munic\u00edpio.<\/div>\n<div class=\"yj6qo\" style=\"text-align: justify;\">&nbsp;<\/div>\n<div class=\"adL\" style=\"text-align: justify;\">&nbsp;<\/div>\n","protected":false},"excerpt":{"rendered":"<p>&nbsp; O Centro de Refer\u00eancia de Assist\u00eancia Social da Barra, inaugurado recentemente pela Prefeitura de Muria\u00e9, ganhou o N\u00facleo de Atendimento e Inclus\u00e3o Social (NAIS). O novo espa\u00e7o, que recebeu o nome de NAIS Bernardete Carneiro, foi aberto em cerim\u00f4nia informal realizada na manh\u00e3 desta ter\u00e7a-feira (20). &nbsp; No local, ser\u00e3o desenvolvidas atividades junto a [&hellip;]<\/p>\n","protected":false},"author":6,"featured_media":0,"comment_status":"open","ping_status":"closed","sticky":false,"template":"","format":"standard","meta":{"_joinchat":[],"footnotes":""},"categories":[1],"tags":[],"class_list":["post-76091","post","type-post","status-publish","format-standard","hentry","category-sem-categoria"],"_links":{"self":[{"href":"https:\/\/folhadosudeste.com\/site\/index.php?rest_route=\/wp\/v2\/posts\/76091","targetHints":{"allow":["GET"]}}],"collection":[{"href":"https:\/\/folhadosudeste.com\/site\/index.php?rest_route=\/wp\/v2\/posts"}],"about":[{"href":"https:\/\/folhadosudeste.com\/site\/index.php?rest_route=\/wp\/v2\/types\/post"}],"author":[{"embeddable":true,"href":"https:\/\/folhadosudeste.com\/site\/index.php?rest_route=\/wp\/v2\/users\/6"}],"replies":[{"embeddable":true,"href":"https:\/\/folhadosudeste.com\/site\/index.php?rest_route=%2Fwp%2Fv2%2Fcomments&post=76091"}],"version-history":[{"count":1,"href":"https:\/\/folhadosudeste.com\/site\/index.php?rest_route=\/wp\/v2\/posts\/76091\/revisions"}],"predecessor-version":[{"id":76093,"href":"https:\/\/folhadosudeste.com\/site\/index.php?rest_route=\/wp\/v2\/posts\/76091\/revisions\/76093"}],"wp:attachment":[{"href":"https:\/\/folhadosudeste.com\/site\/index.php?rest_route=%2Fwp%2Fv2%2Fmedia&parent=76091"}],"wp:term":[{"taxonomy":"category","embeddable":true,"href":"https:\/\/folhadosudeste.com\/site\/index.php?rest_route=%2Fwp%2Fv2%2Fcategories&post=76091"},{"taxonomy":"post_tag","embeddable":true,"href":"https:\/\/folhadosudeste.com\/site\/index.php?rest_route=%2Fwp%2Fv2%2Ftags&post=76091"}],"curies":[{"name":"wp","href":"https:\/\/api.w.org\/{rel}","templated":true}]}}