{"id":76136,"date":"2021-07-22T14:21:20","date_gmt":"2021-07-22T14:21:20","guid":{"rendered":"http:\/\/folhadosudeste.com\/site\/?p=76136"},"modified":"2021-07-22T14:21:20","modified_gmt":"2021-07-22T14:21:20","slug":"quinta-tem-dia-de-ferias-para-criancas-no-horto-florestal","status":"publish","type":"post","link":"https:\/\/folhadosudeste.com\/site\/?p=76136","title":{"rendered":"Quinta tem \u2018Dia de F\u00e9rias\u2019 para crian\u00e7as no Horto Florestal"},"content":{"rendered":"<p align=\"justify\"><a href=\"http:\/\/folhadosudeste.com\/site\/wp-content\/uploads\/2021\/07\/ferias-no-horto.post_.png\"><img loading=\"lazy\" decoding=\"async\" class=\"alignnone size-full wp-image-76137\" src=\"http:\/\/folhadosudeste.com\/site\/wp-content\/uploads\/2021\/07\/ferias-no-horto.post_.png\" alt=\"\" width=\"2048\" height=\"2048\" srcset=\"https:\/\/folhadosudeste.com\/site\/wp-content\/uploads\/2021\/07\/ferias-no-horto.post_.png 2048w, https:\/\/folhadosudeste.com\/site\/wp-content\/uploads\/2021\/07\/ferias-no-horto.post_-150x150.png 150w, https:\/\/folhadosudeste.com\/site\/wp-content\/uploads\/2021\/07\/ferias-no-horto.post_-300x300.png 300w, https:\/\/folhadosudeste.com\/site\/wp-content\/uploads\/2021\/07\/ferias-no-horto.post_-768x768.png 768w, https:\/\/folhadosudeste.com\/site\/wp-content\/uploads\/2021\/07\/ferias-no-horto.post_-1024x1024.png 1024w\" sizes=\"auto, (max-width: 2048px) 100vw, 2048px\" \/><\/a><\/p>\n<p align=\"justify\">O Horto Florestal sediar\u00e1 o \u2018Dia de F\u00e9rias\u2019 nesta quinta-feira (29), no hor\u00e1rio de 13 \u00e0s 16h30. O evento, realizado para crian\u00e7as de todas as idades, \u00e9 uma realiza\u00e7\u00e3o da Prefeitura de Muria\u00e9 e Fundarte, por meio da coordena\u00e7\u00e3o de Esporte e Lazer .<\/p>\n<p align=\"justify\">Haver\u00e3o brincadeiras, caminhada ecol\u00f3gica, oficinas de sline, gincanas, m\u00fasica, distribui\u00e7\u00e3o de brindes e pr\u00eamios. \u201cEstamos com saudades de ver todas estas crian\u00e7as se movimentando, curtindo o recesso escolar e, por isto, vamos fazer esta tarde recreativa para brindar as f\u00e9rias e nos encontrarmos para muita divers\u00e3o\u201d, declarou o coordenador, Vanderlei Paul.<\/p>\n<p align=\"justify\"><!--more--><\/p>\n<p align=\"justify\">Para garantir o entretenimento sadio e divertido, a Fundarte est\u00e1 tomando todos os cuidados e cumprindo os protocolos.<\/p>\n<p align=\"justify\"><a href=\"http:\/\/folhadosudeste.com\/site\/wp-content\/uploads\/2021\/07\/Horto.2.jpg\"><img loading=\"lazy\" decoding=\"async\" class=\"alignnone size-full wp-image-76138\" src=\"http:\/\/folhadosudeste.com\/site\/wp-content\/uploads\/2021\/07\/Horto.2.jpg\" alt=\"\" width=\"960\" height=\"675\" srcset=\"https:\/\/folhadosudeste.com\/site\/wp-content\/uploads\/2021\/07\/Horto.2.jpg 960w, https:\/\/folhadosudeste.com\/site\/wp-content\/uploads\/2021\/07\/Horto.2-300x211.jpg 300w, https:\/\/folhadosudeste.com\/site\/wp-content\/uploads\/2021\/07\/Horto.2-768x540.jpg 768w\" sizes=\"auto, (max-width: 960px) 100vw, 960px\" \/><\/a><\/p>\n","protected":false},"excerpt":{"rendered":"<p>O Horto Florestal sediar\u00e1 o \u2018Dia de F\u00e9rias\u2019 nesta quinta-feira (29), no hor\u00e1rio de 13 \u00e0s 16h30. O evento, realizado para crian\u00e7as de todas as idades, \u00e9 uma realiza\u00e7\u00e3o da Prefeitura de Muria\u00e9 e Fundarte, por meio da coordena\u00e7\u00e3o de Esporte e Lazer . Haver\u00e3o brincadeiras, caminhada ecol\u00f3gica, oficinas de sline, gincanas, m\u00fasica, distribui\u00e7\u00e3o de [&hellip;]<\/p>\n","protected":false},"author":6,"featured_media":0,"comment_status":"open","ping_status":"closed","sticky":false,"template":"","format":"standard","meta":{"_joinchat":[],"footnotes":""},"categories":[1],"tags":[],"class_list":["post-76136","post","type-post","status-publish","format-standard","hentry","category-sem-categoria"],"_links":{"self":[{"href":"https:\/\/folhadosudeste.com\/site\/index.php?rest_route=\/wp\/v2\/posts\/76136","targetHints":{"allow":["GET"]}}],"collection":[{"href":"https:\/\/folhadosudeste.com\/site\/index.php?rest_route=\/wp\/v2\/posts"}],"about":[{"href":"https:\/\/folhadosudeste.com\/site\/index.php?rest_route=\/wp\/v2\/types\/post"}],"author":[{"embeddable":true,"href":"https:\/\/folhadosudeste.com\/site\/index.php?rest_route=\/wp\/v2\/users\/6"}],"replies":[{"embeddable":true,"href":"https:\/\/folhadosudeste.com\/site\/index.php?rest_route=%2Fwp%2Fv2%2Fcomments&post=76136"}],"version-history":[{"count":1,"href":"https:\/\/folhadosudeste.com\/site\/index.php?rest_route=\/wp\/v2\/posts\/76136\/revisions"}],"predecessor-version":[{"id":76139,"href":"https:\/\/folhadosudeste.com\/site\/index.php?rest_route=\/wp\/v2\/posts\/76136\/revisions\/76139"}],"wp:attachment":[{"href":"https:\/\/folhadosudeste.com\/site\/index.php?rest_route=%2Fwp%2Fv2%2Fmedia&parent=76136"}],"wp:term":[{"taxonomy":"category","embeddable":true,"href":"https:\/\/folhadosudeste.com\/site\/index.php?rest_route=%2Fwp%2Fv2%2Fcategories&post=76136"},{"taxonomy":"post_tag","embeddable":true,"href":"https:\/\/folhadosudeste.com\/site\/index.php?rest_route=%2Fwp%2Fv2%2Ftags&post=76136"}],"curies":[{"name":"wp","href":"https:\/\/api.w.org\/{rel}","templated":true}]}}