{"id":76140,"date":"2021-07-22T14:26:22","date_gmt":"2021-07-22T14:26:22","guid":{"rendered":"http:\/\/folhadosudeste.com\/site\/?p=76140"},"modified":"2021-07-22T14:26:22","modified_gmt":"2021-07-22T14:26:22","slug":"presidente-da-camara-convoca-sessao-extraordinaria-para-votacao-de-recursos-para-construcao-de-pontes-na-area-rural","status":"publish","type":"post","link":"https:\/\/folhadosudeste.com\/site\/?p=76140","title":{"rendered":"Presidente da C\u00e2mara convoca sess\u00e3o extraordin\u00e1ria para vota\u00e7\u00e3o de recursos para constru\u00e7\u00e3o de pontes na \u00e1rea rural"},"content":{"rendered":"<p><a href=\"http:\/\/folhadosudeste.com\/site\/wp-content\/uploads\/2021\/07\/05.jpg\"><img loading=\"lazy\" decoding=\"async\" class=\"alignnone size-full wp-image-76141\" src=\"http:\/\/folhadosudeste.com\/site\/wp-content\/uploads\/2021\/07\/05.jpg\" alt=\"\" width=\"1500\" height=\"1065\" srcset=\"https:\/\/folhadosudeste.com\/site\/wp-content\/uploads\/2021\/07\/05.jpg 1500w, https:\/\/folhadosudeste.com\/site\/wp-content\/uploads\/2021\/07\/05-300x213.jpg 300w, https:\/\/folhadosudeste.com\/site\/wp-content\/uploads\/2021\/07\/05-768x545.jpg 768w, https:\/\/folhadosudeste.com\/site\/wp-content\/uploads\/2021\/07\/05-1024x727.jpg 1024w\" sizes=\"auto, (max-width: 1500px) 100vw, 1500px\" \/><\/a><\/p>\n<p style=\"text-align: justify;\"><strong><i>Sess\u00e3o acontecer\u00e1 nesta quinta-feira, \u00e0s 15h, no plen\u00e1rio da Casa Legislativa. Recursos para Sa\u00fade tamb\u00e9m ser\u00e3o votados<\/i><\/strong><\/p>\n<p style=\"text-align: justify;\">O presidente da C\u00e2mara de Muria\u00e9, Afonso da Sa\u00fade (PTB), convocou uma sess\u00e3o extraordin\u00e1ria para esta quinta-feira, dia 22, \u00e0s 15h, para a vota\u00e7\u00e3o de projeto de lei que autoriza a libera\u00e7\u00e3o de recursos para a constru\u00e7\u00e3o e recupera\u00e7\u00e3o de pontes na \u00e1rea rural, especialmente as que ca\u00edram ou foram danificadas durante o per\u00edodo chuvoso, como exemplos a ponte no Rio Preto que d\u00e1 acesso \u00e0 Usina da Fuma\u00e7a e a popularmente conhecida Ponte das Baratas, na regi\u00e3o de S\u00e3o Francisco do Gl\u00f3ria.<\/p>\n<p style=\"text-align: justify;\">Mesmo a C\u00e2mara estando em recesso parlamentar, a sess\u00e3o foi convocada devido ao car\u00e1ter de urg\u00eancia e relevante interesse p\u00fablico da mat\u00e9ria.<\/p>\n<p style=\"text-align: justify;\">Outros projetos tamb\u00e9m ser\u00e3o lidos e votados nesta sess\u00e3o extraordin\u00e1ria.<\/p>\n<p style=\"text-align: justify;\"><!--more--><\/p>\n<p style=\"text-align: justify;\"><b>Confira abaixo a s\u00edntese dos PL\u2019s:<\/b><\/p>\n<p style=\"text-align: justify;\">&#8211; PL 119\/2021: autoriza a aquisi\u00e7\u00e3o de equipamentos para melhoria da ilumina\u00e7\u00e3o p\u00fablica do munic\u00edpio.<\/p>\n<p style=\"text-align: justify;\">&nbsp;<\/p>\n<p style=\"text-align: justify;\">&#8211; PL 142\/2021: d\u00e1 nova reda\u00e7\u00e3o ao art. 2\u00ba da Lei Municipal 6.126\/2021.<\/p>\n<p style=\"text-align: justify;\">&nbsp;<\/p>\n<p style=\"text-align: justify;\">&#8211; PL 156\/2021: autoriza o munic\u00edpio a outorgar cess\u00e3o de uso de bem im\u00f3vel \u00e0 C\u00e2mara de Muria\u00e9.<\/p>\n<p style=\"text-align: justify;\">&nbsp;<\/p>\n<p style=\"text-align: justify;\">&#8211; PL 157\/2021: autoriza o chefe do Executivo municipal a efetivar abertura de cr\u00e9dito adicional especial de R$3,7 milh\u00f5es para a Secretaria Municipal de Obras, para obras de infraestrutura urbana e rural.<\/p>\n<p style=\"text-align: justify;\">&nbsp;<\/p>\n<p style=\"text-align: justify;\">&#8211; PL 158\/2021: altera dispositivo da Lei Municipal n\u00ba 5.842\/2019.<\/p>\n<p style=\"text-align: justify;\">&nbsp;<\/p>\n<p style=\"text-align: justify;\">&#8211; PL 159\/2021: autoriza o chefe do Executivo a efetivar abertura de cr\u00e9dito adicional suplementar de R$435 mil para a Fundarte, destinados \u00e0 manuten\u00e7\u00e3o das atividades da Divis\u00e3o de Esportes.<\/p>\n<p style=\"text-align: justify;\">&nbsp;<\/p>\n<p style=\"text-align: justify;\">&#8211; PL 160\/2021: autoriza o chefe do Executivo a efetivar abertura de cr\u00e9dito adicional suplementar no valor de R$280 mil para a Sa\u00fade, destinados ao Servi\u00e7o de Aten\u00e7\u00e3o Domiciliar.<\/p>\n<p style=\"text-align: justify;\">&nbsp;<\/p>\n<p style=\"text-align: justify;\">&#8211; PL 161\/2021: autoriza o chefe do Executivo a efetivar abertura de cr\u00e9dito adicional suplementar de R$850 mil ao Demsur, para operar o Aterro Sanit\u00e1rio.<\/p>\n<p style=\"text-align: justify;\">&nbsp;<\/p>\n<p style=\"text-align: justify;\">&#8211; PL 163\/2021: autoriza o chefe do Executivo a efetivar abertura de cr\u00e9dito adicional suplementar de R$800 mil para a manuten\u00e7\u00e3o de estradas rurais.<\/p>\n<p style=\"text-align: justify;\">&nbsp;<\/p>\n<p style=\"text-align: justify;\">&#8211; PL 164\/2021: autoriza abertura de cr\u00e9dito adicional de R$54.286,66 para a Secretaria Municipal de Sa\u00fade, com vistas \u00e0 manuten\u00e7\u00e3o das atividades do Centro Especializado Odontol\u00f3gico (CEO).<\/p>\n<p style=\"text-align: justify;\">&nbsp;<\/p>\n<p style=\"text-align: justify;\">&#8211; PL 165\/2021: autoriza abertura de cr\u00e9dito adicional de R$57.922,02 para manuten\u00e7\u00e3o das atividades da Pol\u00edtica Estadual de Promo\u00e7\u00e3o da Sa\u00fade.<\/p>\n<p style=\"text-align: justify;\">&nbsp;<\/p>\n<p style=\"text-align: justify;\">&#8211; PL 166\/2021: autoriza abertura de cr\u00e9dito adicional de R$1.149.647,33 para estrutura\u00e7\u00e3o e manuten\u00e7\u00e3o da rede de servi\u00e7os da Aten\u00e7\u00e3o B\u00e1sica de Sa\u00fade.<\/p>\n<p style=\"text-align: justify;\">&nbsp;<\/p>\n<p style=\"text-align: justify;\">&#8211; PL 167\/2021: autoriza abertura de cr\u00e9dito adicional de R$225 mil para apoio e realiza\u00e7\u00e3o de atividades culturais, esportivas, jogos estudantis e incentivo ao turismo da Fundarte.<\/p>\n<p style=\"text-align: justify;\">&nbsp;<\/p>\n<p style=\"text-align: justify;\">Todas as mat\u00e9rias a serem votadas s\u00e3o de autoria do Executivo municipal.&nbsp;<\/p>\n<p style=\"text-align: justify;\"><b><i>Foto: Arquivo C\u00e2mara de Muria\u00e9<\/i><\/b><\/p>\n","protected":false},"excerpt":{"rendered":"<p>Sess\u00e3o acontecer\u00e1 nesta quinta-feira, \u00e0s 15h, no plen\u00e1rio da Casa Legislativa. Recursos para Sa\u00fade tamb\u00e9m ser\u00e3o votados O presidente da C\u00e2mara de Muria\u00e9, Afonso da Sa\u00fade (PTB), convocou uma sess\u00e3o extraordin\u00e1ria para esta quinta-feira, dia 22, \u00e0s 15h, para a vota\u00e7\u00e3o de projeto de lei que autoriza a libera\u00e7\u00e3o de recursos para a constru\u00e7\u00e3o e [&hellip;]<\/p>\n","protected":false},"author":6,"featured_media":0,"comment_status":"open","ping_status":"closed","sticky":false,"template":"","format":"standard","meta":{"_joinchat":[],"footnotes":""},"categories":[1],"tags":[],"class_list":["post-76140","post","type-post","status-publish","format-standard","hentry","category-sem-categoria"],"_links":{"self":[{"href":"https:\/\/folhadosudeste.com\/site\/index.php?rest_route=\/wp\/v2\/posts\/76140","targetHints":{"allow":["GET"]}}],"collection":[{"href":"https:\/\/folhadosudeste.com\/site\/index.php?rest_route=\/wp\/v2\/posts"}],"about":[{"href":"https:\/\/folhadosudeste.com\/site\/index.php?rest_route=\/wp\/v2\/types\/post"}],"author":[{"embeddable":true,"href":"https:\/\/folhadosudeste.com\/site\/index.php?rest_route=\/wp\/v2\/users\/6"}],"replies":[{"embeddable":true,"href":"https:\/\/folhadosudeste.com\/site\/index.php?rest_route=%2Fwp%2Fv2%2Fcomments&post=76140"}],"version-history":[{"count":1,"href":"https:\/\/folhadosudeste.com\/site\/index.php?rest_route=\/wp\/v2\/posts\/76140\/revisions"}],"predecessor-version":[{"id":76142,"href":"https:\/\/folhadosudeste.com\/site\/index.php?rest_route=\/wp\/v2\/posts\/76140\/revisions\/76142"}],"wp:attachment":[{"href":"https:\/\/folhadosudeste.com\/site\/index.php?rest_route=%2Fwp%2Fv2%2Fmedia&parent=76140"}],"wp:term":[{"taxonomy":"category","embeddable":true,"href":"https:\/\/folhadosudeste.com\/site\/index.php?rest_route=%2Fwp%2Fv2%2Fcategories&post=76140"},{"taxonomy":"post_tag","embeddable":true,"href":"https:\/\/folhadosudeste.com\/site\/index.php?rest_route=%2Fwp%2Fv2%2Ftags&post=76140"}],"curies":[{"name":"wp","href":"https:\/\/api.w.org\/{rel}","templated":true}]}}