{"id":76165,"date":"2021-07-24T00:06:06","date_gmt":"2021-07-24T00:06:06","guid":{"rendered":"http:\/\/folhadosudeste.com\/site\/?p=76165"},"modified":"2021-07-24T00:06:06","modified_gmt":"2021-07-24T00:06:06","slug":"campeonato-de-passaros-acontece-em-muriae-no-proximo-domingo","status":"publish","type":"post","link":"https:\/\/folhadosudeste.com\/site\/?p=76165","title":{"rendered":"Campeonato de P\u00e1ssaros acontece em Muria\u00e9 no pr\u00f3ximo domingo"},"content":{"rendered":"<p style=\"text-align: justify;\"><a href=\"http:\/\/folhadosudeste.com\/site\/wp-content\/uploads\/2021\/07\/WhatsApp-Image-2021-07-23-at-20.51.22.jpeg\"><img loading=\"lazy\" decoding=\"async\" class=\"alignnone size-full wp-image-76166\" src=\"http:\/\/folhadosudeste.com\/site\/wp-content\/uploads\/2021\/07\/WhatsApp-Image-2021-07-23-at-20.51.22.jpeg\" alt=\"\" width=\"720\" height=\"1280\" srcset=\"https:\/\/folhadosudeste.com\/site\/wp-content\/uploads\/2021\/07\/WhatsApp-Image-2021-07-23-at-20.51.22.jpeg 720w, https:\/\/folhadosudeste.com\/site\/wp-content\/uploads\/2021\/07\/WhatsApp-Image-2021-07-23-at-20.51.22-169x300.jpeg 169w, https:\/\/folhadosudeste.com\/site\/wp-content\/uploads\/2021\/07\/WhatsApp-Image-2021-07-23-at-20.51.22-576x1024.jpeg 576w\" sizes=\"auto, (max-width: 720px) 100vw, 720px\" \/><\/a><br \/>\nClube Ornitol\u00f3gico dos Criadores de P\u00e1ssaros de Muria\u00e9 est\u00e1 se preparando para dar in\u00edcio \u00e0 sua nova fase de torneios do per\u00edodo 2021\/2022. No \u00faltimo domingo (18), a organiza\u00e7\u00e3o promoveu o evento de pr\u00e9-temporada na quadra do antigo SESC. J\u00e1 no domingo (25), ser\u00e3o entregues os pr\u00eamios da temporada passada e no primeiro domingo de agosto, a organiza\u00e7\u00e3o vai iniciar oficialmente a nova temporada de torneios, com as primeiras competi\u00e7\u00f5es do novo per\u00edodo. O concurso \u00e9 baseado na habilidade vocal dos p\u00e1ssaros e est\u00e1 amplamente ligado a quest\u00f5es ecol\u00f3gicas e de preserva\u00e7\u00e3o ambiental.<\/p>\n<p style=\"text-align: justify;\">O coordenador Cristiano Estoque Ferreira em entrevista ao Jornal Folha do Sudeste, explicou como se d\u00e3o as avalia\u00e7\u00f5es. &#8220;\u00c9 um campeonato de canto, no qual os p\u00e1ssaros pontuam conforme cantam. Na final do torneio, os que mais cantarem s\u00e3o classificados como primeiro, segundo e terceiro lugares, e sequ\u00eancia. S\u00e3o p\u00e1ssaros que precisam ser muito bem tratados, pois desempenham a fun\u00e7\u00e3o de atletas&#8221;, disse.<\/p>\n<p style=\"text-align: justify;\"><!--more--><\/p>\n<p style=\"text-align: justify;\">Ele tamb\u00e9m deu detalhes sobre o car\u00e1ter ambiental do evento, detalhando as regulamenta\u00e7\u00f5es que a organiza\u00e7\u00e3o exige e os avan\u00e7os que a atividade representa na preserva\u00e7\u00e3o da fauna nacional. &#8220;A prefeitura nos concedeu este local, que \u00e9 muito bom, aberto e apropriado para este evento. Todos os que vierem precisam ser cadastrados no IBAMA, para que possam adquirir p\u00e1ssaros de criadores, os quais foram criados em ambiente dom\u00e9stico, que t\u00eam pais que cantam e j\u00e1 s\u00e3o campe\u00f5es. Assim, \u00e9 poss\u00edvel ter um p\u00e1ssaro de torneio ou de canto. \u00c9 tudo legal e regularizado. O p\u00e1ssaro, aos quatro dias de vida, recebe uma anilha certificada pelo IBMA, que a concede ao criador. \u00c9 como se fosse um CPF do p\u00e1ssaro, com todos os dados necess\u00e1rios&#8221;, relatou.<\/p>\n<p style=\"text-align: justify;\">Ele tamb\u00e9m contou que v\u00e1rias esp\u00e9cies foram salvas da extin\u00e7\u00e3o gra\u00e7as \u00e0 atividade. &#8220;O curi\u00f3 e o bicudo, em raz\u00e3o do uso de agrot\u00f3xicos e do tr\u00e1fico de aves, entraram em perigo de extin\u00e7\u00e3o. Hoje, eles sa\u00edram da linha de extin\u00e7\u00e3o, porque muitos criadores est\u00e3o conseguindo reintroduzi-los no h\u00e1bitat natural de onde haviam sido retirados&#8221;, finalizou.<\/p>\n<p style=\"text-align: justify;\">Para competir ou acompanhar o torneio, basta comparecer na quadra do antigo SESC na manh\u00e3 de domingo, a partir das 8 horas. Outra op\u00e7\u00e3o \u00e9 seguir o perfil oficial no Instagram. Vale frisar que as inscri\u00e7\u00f5es para a competi\u00e7\u00e3o ficam abertas apenas at\u00e9 \u00e0s 8h30min de domingo.<\/p>\n<p><a href=\"http:\/\/folhadosudeste.com\/site\/wp-content\/uploads\/2021\/07\/WhatsApp-Image-2021-07-23-at-20.51.25.jpeg\"><img loading=\"lazy\" decoding=\"async\" class=\"alignnone size-full wp-image-76167\" src=\"http:\/\/folhadosudeste.com\/site\/wp-content\/uploads\/2021\/07\/WhatsApp-Image-2021-07-23-at-20.51.25.jpeg\" alt=\"\" width=\"1600\" height=\"1200\" srcset=\"https:\/\/folhadosudeste.com\/site\/wp-content\/uploads\/2021\/07\/WhatsApp-Image-2021-07-23-at-20.51.25.jpeg 1600w, https:\/\/folhadosudeste.com\/site\/wp-content\/uploads\/2021\/07\/WhatsApp-Image-2021-07-23-at-20.51.25-300x225.jpeg 300w, https:\/\/folhadosudeste.com\/site\/wp-content\/uploads\/2021\/07\/WhatsApp-Image-2021-07-23-at-20.51.25-768x576.jpeg 768w, https:\/\/folhadosudeste.com\/site\/wp-content\/uploads\/2021\/07\/WhatsApp-Image-2021-07-23-at-20.51.25-1024x768.jpeg 1024w\" sizes=\"auto, (max-width: 1600px) 100vw, 1600px\" \/><\/a> <a href=\"http:\/\/folhadosudeste.com\/site\/wp-content\/uploads\/2021\/07\/WhatsApp-Image-2021-07-23-at-20.51.29.jpeg\"><img loading=\"lazy\" decoding=\"async\" class=\"alignnone size-full wp-image-76168\" src=\"http:\/\/folhadosudeste.com\/site\/wp-content\/uploads\/2021\/07\/WhatsApp-Image-2021-07-23-at-20.51.29.jpeg\" alt=\"\" width=\"774\" height=\"1032\" srcset=\"https:\/\/folhadosudeste.com\/site\/wp-content\/uploads\/2021\/07\/WhatsApp-Image-2021-07-23-at-20.51.29.jpeg 774w, https:\/\/folhadosudeste.com\/site\/wp-content\/uploads\/2021\/07\/WhatsApp-Image-2021-07-23-at-20.51.29-225x300.jpeg 225w, https:\/\/folhadosudeste.com\/site\/wp-content\/uploads\/2021\/07\/WhatsApp-Image-2021-07-23-at-20.51.29-768x1024.jpeg 768w\" sizes=\"auto, (max-width: 774px) 100vw, 774px\" \/><\/a> <a href=\"http:\/\/folhadosudeste.com\/site\/wp-content\/uploads\/2021\/07\/WhatsApp-Image-2021-07-23-at-20.51.30.jpeg\"><img loading=\"lazy\" decoding=\"async\" class=\"alignnone size-full wp-image-76169\" src=\"http:\/\/folhadosudeste.com\/site\/wp-content\/uploads\/2021\/07\/WhatsApp-Image-2021-07-23-at-20.51.30.jpeg\" alt=\"\" width=\"774\" height=\"1032\" srcset=\"https:\/\/folhadosudeste.com\/site\/wp-content\/uploads\/2021\/07\/WhatsApp-Image-2021-07-23-at-20.51.30.jpeg 774w, https:\/\/folhadosudeste.com\/site\/wp-content\/uploads\/2021\/07\/WhatsApp-Image-2021-07-23-at-20.51.30-225x300.jpeg 225w, https:\/\/folhadosudeste.com\/site\/wp-content\/uploads\/2021\/07\/WhatsApp-Image-2021-07-23-at-20.51.30-768x1024.jpeg 768w\" sizes=\"auto, (max-width: 774px) 100vw, 774px\" \/><\/a> <a href=\"http:\/\/folhadosudeste.com\/site\/wp-content\/uploads\/2021\/07\/WhatsApp-Image-2021-07-23-at-20.51.31.jpeg\"><img loading=\"lazy\" decoding=\"async\" class=\"alignnone size-full wp-image-76170\" src=\"http:\/\/folhadosudeste.com\/site\/wp-content\/uploads\/2021\/07\/WhatsApp-Image-2021-07-23-at-20.51.31.jpeg\" alt=\"\" width=\"774\" height=\"1032\" srcset=\"https:\/\/folhadosudeste.com\/site\/wp-content\/uploads\/2021\/07\/WhatsApp-Image-2021-07-23-at-20.51.31.jpeg 774w, https:\/\/folhadosudeste.com\/site\/wp-content\/uploads\/2021\/07\/WhatsApp-Image-2021-07-23-at-20.51.31-225x300.jpeg 225w, https:\/\/folhadosudeste.com\/site\/wp-content\/uploads\/2021\/07\/WhatsApp-Image-2021-07-23-at-20.51.31-768x1024.jpeg 768w\" sizes=\"auto, (max-width: 774px) 100vw, 774px\" \/><\/a> <a href=\"http:\/\/folhadosudeste.com\/site\/wp-content\/uploads\/2021\/07\/WhatsApp-Image-2021-07-23-at-20.51.31-1.jpeg\"><img loading=\"lazy\" decoding=\"async\" class=\"alignnone size-full wp-image-76171\" src=\"http:\/\/folhadosudeste.com\/site\/wp-content\/uploads\/2021\/07\/WhatsApp-Image-2021-07-23-at-20.51.31-1.jpeg\" alt=\"\" width=\"774\" height=\"1032\" srcset=\"https:\/\/folhadosudeste.com\/site\/wp-content\/uploads\/2021\/07\/WhatsApp-Image-2021-07-23-at-20.51.31-1.jpeg 774w, https:\/\/folhadosudeste.com\/site\/wp-content\/uploads\/2021\/07\/WhatsApp-Image-2021-07-23-at-20.51.31-1-225x300.jpeg 225w, https:\/\/folhadosudeste.com\/site\/wp-content\/uploads\/2021\/07\/WhatsApp-Image-2021-07-23-at-20.51.31-1-768x1024.jpeg 768w\" sizes=\"auto, (max-width: 774px) 100vw, 774px\" \/><\/a> <a href=\"http:\/\/folhadosudeste.com\/site\/wp-content\/uploads\/2021\/07\/WhatsApp-Image-2021-07-23-at-20.51.33.jpeg\"><img loading=\"lazy\" decoding=\"async\" class=\"alignnone size-full wp-image-76172\" src=\"http:\/\/folhadosudeste.com\/site\/wp-content\/uploads\/2021\/07\/WhatsApp-Image-2021-07-23-at-20.51.33.jpeg\" alt=\"\" width=\"774\" height=\"1032\" srcset=\"https:\/\/folhadosudeste.com\/site\/wp-content\/uploads\/2021\/07\/WhatsApp-Image-2021-07-23-at-20.51.33.jpeg 774w, https:\/\/folhadosudeste.com\/site\/wp-content\/uploads\/2021\/07\/WhatsApp-Image-2021-07-23-at-20.51.33-225x300.jpeg 225w, https:\/\/folhadosudeste.com\/site\/wp-content\/uploads\/2021\/07\/WhatsApp-Image-2021-07-23-at-20.51.33-768x1024.jpeg 768w\" sizes=\"auto, (max-width: 774px) 100vw, 774px\" \/><\/a> <a href=\"http:\/\/folhadosudeste.com\/site\/wp-content\/uploads\/2021\/07\/WhatsApp-Image-2021-07-23-at-20.51.34.jpeg\"><img loading=\"lazy\" decoding=\"async\" class=\"alignnone size-full wp-image-76173\" src=\"http:\/\/folhadosudeste.com\/site\/wp-content\/uploads\/2021\/07\/WhatsApp-Image-2021-07-23-at-20.51.34.jpeg\" alt=\"\" width=\"774\" height=\"1032\" srcset=\"https:\/\/folhadosudeste.com\/site\/wp-content\/uploads\/2021\/07\/WhatsApp-Image-2021-07-23-at-20.51.34.jpeg 774w, https:\/\/folhadosudeste.com\/site\/wp-content\/uploads\/2021\/07\/WhatsApp-Image-2021-07-23-at-20.51.34-225x300.jpeg 225w, https:\/\/folhadosudeste.com\/site\/wp-content\/uploads\/2021\/07\/WhatsApp-Image-2021-07-23-at-20.51.34-768x1024.jpeg 768w\" sizes=\"auto, (max-width: 774px) 100vw, 774px\" \/><\/a><\/p>\n","protected":false},"excerpt":{"rendered":"<p>Clube Ornitol\u00f3gico dos Criadores de P\u00e1ssaros de Muria\u00e9 est\u00e1 se preparando para dar in\u00edcio \u00e0 sua nova fase de torneios do per\u00edodo 2021\/2022. No \u00faltimo domingo (18), a organiza\u00e7\u00e3o promoveu o evento de pr\u00e9-temporada na quadra do antigo SESC. J\u00e1 no domingo (25), ser\u00e3o entregues os pr\u00eamios da temporada passada e no primeiro domingo de [&hellip;]<\/p>\n","protected":false},"author":6,"featured_media":0,"comment_status":"open","ping_status":"closed","sticky":false,"template":"","format":"standard","meta":{"_joinchat":[],"footnotes":""},"categories":[1],"tags":[],"class_list":["post-76165","post","type-post","status-publish","format-standard","hentry","category-sem-categoria"],"_links":{"self":[{"href":"https:\/\/folhadosudeste.com\/site\/index.php?rest_route=\/wp\/v2\/posts\/76165","targetHints":{"allow":["GET"]}}],"collection":[{"href":"https:\/\/folhadosudeste.com\/site\/index.php?rest_route=\/wp\/v2\/posts"}],"about":[{"href":"https:\/\/folhadosudeste.com\/site\/index.php?rest_route=\/wp\/v2\/types\/post"}],"author":[{"embeddable":true,"href":"https:\/\/folhadosudeste.com\/site\/index.php?rest_route=\/wp\/v2\/users\/6"}],"replies":[{"embeddable":true,"href":"https:\/\/folhadosudeste.com\/site\/index.php?rest_route=%2Fwp%2Fv2%2Fcomments&post=76165"}],"version-history":[{"count":1,"href":"https:\/\/folhadosudeste.com\/site\/index.php?rest_route=\/wp\/v2\/posts\/76165\/revisions"}],"predecessor-version":[{"id":76174,"href":"https:\/\/folhadosudeste.com\/site\/index.php?rest_route=\/wp\/v2\/posts\/76165\/revisions\/76174"}],"wp:attachment":[{"href":"https:\/\/folhadosudeste.com\/site\/index.php?rest_route=%2Fwp%2Fv2%2Fmedia&parent=76165"}],"wp:term":[{"taxonomy":"category","embeddable":true,"href":"https:\/\/folhadosudeste.com\/site\/index.php?rest_route=%2Fwp%2Fv2%2Fcategories&post=76165"},{"taxonomy":"post_tag","embeddable":true,"href":"https:\/\/folhadosudeste.com\/site\/index.php?rest_route=%2Fwp%2Fv2%2Ftags&post=76165"}],"curies":[{"name":"wp","href":"https:\/\/api.w.org\/{rel}","templated":true}]}}