{"id":76199,"date":"2021-07-26T16:38:17","date_gmt":"2021-07-26T16:38:17","guid":{"rendered":"http:\/\/folhadosudeste.com\/site\/?p=76199"},"modified":"2021-07-26T16:38:17","modified_gmt":"2021-07-26T16:38:17","slug":"carreta-solta-o-eixo-sobre-o-tunel-dornelas","status":"publish","type":"post","link":"https:\/\/folhadosudeste.com\/site\/?p=76199","title":{"rendered":"Carreta solta o eixo sobre o T\u00fanel Dornelas"},"content":{"rendered":"<p><a href=\"http:\/\/folhadosudeste.com\/site\/wp-content\/uploads\/2021\/07\/carreta-2_707x450-707x405.jpg\"><img loading=\"lazy\" decoding=\"async\" class=\"alignnone size-full wp-image-76200\" src=\"http:\/\/folhadosudeste.com\/site\/wp-content\/uploads\/2021\/07\/carreta-2_707x450-707x405.jpg\" alt=\"\" width=\"707\" height=\"405\" srcset=\"https:\/\/folhadosudeste.com\/site\/wp-content\/uploads\/2021\/07\/carreta-2_707x450-707x405.jpg 707w, https:\/\/folhadosudeste.com\/site\/wp-content\/uploads\/2021\/07\/carreta-2_707x450-707x405-300x172.jpg 300w\" sizes=\"auto, (max-width: 707px) 100vw, 707px\" \/><\/a><\/p>\n<p style=\"text-align: justify;\">Um fato pouco comum foi registrado na manh\u00e3 desta segunda-feira (26), na BR-116, na altura do T\u00fanel Dornelas, em Muria\u00e9. Uma carreta, que seguia sentido Norte, acabou soltando o \u00faltimo eixo e toda a parte traseira da carroceria ficou apoiada no asfalto. N\u00e3o foi informado registro de outros danos.<\/p>\n<p><!--more--><\/p>\n<p><a href=\"http:\/\/folhadosudeste.com\/site\/wp-content\/uploads\/2021\/07\/carreta_707x513.jpg\"><img loading=\"lazy\" decoding=\"async\" class=\"alignnone size-full wp-image-76201\" src=\"http:\/\/folhadosudeste.com\/site\/wp-content\/uploads\/2021\/07\/carreta_707x513.jpg\" alt=\"\" width=\"707\" height=\"513\" srcset=\"https:\/\/folhadosudeste.com\/site\/wp-content\/uploads\/2021\/07\/carreta_707x513.jpg 707w, https:\/\/folhadosudeste.com\/site\/wp-content\/uploads\/2021\/07\/carreta_707x513-300x218.jpg 300w\" sizes=\"auto, (max-width: 707px) 100vw, 707px\" \/><\/a> <a href=\"http:\/\/folhadosudeste.com\/site\/wp-content\/uploads\/2021\/07\/WhatsApp-Image-2021-07-26-at-08.14.13-768x768.jpeg\"><img loading=\"lazy\" decoding=\"async\" class=\"alignnone size-full wp-image-76202\" src=\"http:\/\/folhadosudeste.com\/site\/wp-content\/uploads\/2021\/07\/WhatsApp-Image-2021-07-26-at-08.14.13-768x768.jpeg\" alt=\"\" width=\"768\" height=\"768\" srcset=\"https:\/\/folhadosudeste.com\/site\/wp-content\/uploads\/2021\/07\/WhatsApp-Image-2021-07-26-at-08.14.13-768x768.jpeg 768w, https:\/\/folhadosudeste.com\/site\/wp-content\/uploads\/2021\/07\/WhatsApp-Image-2021-07-26-at-08.14.13-768x768-150x150.jpeg 150w, https:\/\/folhadosudeste.com\/site\/wp-content\/uploads\/2021\/07\/WhatsApp-Image-2021-07-26-at-08.14.13-768x768-300x300.jpeg 300w\" sizes=\"auto, (max-width: 768px) 100vw, 768px\" \/><\/a> <a href=\"http:\/\/folhadosudeste.com\/site\/wp-content\/uploads\/2021\/07\/DSC00374_707x530.jpg\"><img loading=\"lazy\" decoding=\"async\" class=\"alignnone size-full wp-image-76203\" src=\"http:\/\/folhadosudeste.com\/site\/wp-content\/uploads\/2021\/07\/DSC00374_707x530.jpg\" alt=\"\" width=\"707\" height=\"530\" srcset=\"https:\/\/folhadosudeste.com\/site\/wp-content\/uploads\/2021\/07\/DSC00374_707x530.jpg 707w, https:\/\/folhadosudeste.com\/site\/wp-content\/uploads\/2021\/07\/DSC00374_707x530-300x225.jpg 300w\" sizes=\"auto, (max-width: 707px) 100vw, 707px\" \/><\/a><\/p>\n<p>Fonte texto e fotos: Silvan Alves<\/p>\n","protected":false},"excerpt":{"rendered":"<p>Um fato pouco comum foi registrado na manh\u00e3 desta segunda-feira (26), na BR-116, na altura do T\u00fanel Dornelas, em Muria\u00e9. Uma carreta, que seguia sentido Norte, acabou soltando o \u00faltimo eixo e toda a parte traseira da carroceria ficou apoiada no asfalto. N\u00e3o foi informado registro de outros danos.<\/p>\n","protected":false},"author":6,"featured_media":0,"comment_status":"open","ping_status":"closed","sticky":false,"template":"","format":"standard","meta":{"_joinchat":[],"footnotes":""},"categories":[1],"tags":[],"class_list":["post-76199","post","type-post","status-publish","format-standard","hentry","category-sem-categoria"],"_links":{"self":[{"href":"https:\/\/folhadosudeste.com\/site\/index.php?rest_route=\/wp\/v2\/posts\/76199","targetHints":{"allow":["GET"]}}],"collection":[{"href":"https:\/\/folhadosudeste.com\/site\/index.php?rest_route=\/wp\/v2\/posts"}],"about":[{"href":"https:\/\/folhadosudeste.com\/site\/index.php?rest_route=\/wp\/v2\/types\/post"}],"author":[{"embeddable":true,"href":"https:\/\/folhadosudeste.com\/site\/index.php?rest_route=\/wp\/v2\/users\/6"}],"replies":[{"embeddable":true,"href":"https:\/\/folhadosudeste.com\/site\/index.php?rest_route=%2Fwp%2Fv2%2Fcomments&post=76199"}],"version-history":[{"count":1,"href":"https:\/\/folhadosudeste.com\/site\/index.php?rest_route=\/wp\/v2\/posts\/76199\/revisions"}],"predecessor-version":[{"id":76204,"href":"https:\/\/folhadosudeste.com\/site\/index.php?rest_route=\/wp\/v2\/posts\/76199\/revisions\/76204"}],"wp:attachment":[{"href":"https:\/\/folhadosudeste.com\/site\/index.php?rest_route=%2Fwp%2Fv2%2Fmedia&parent=76199"}],"wp:term":[{"taxonomy":"category","embeddable":true,"href":"https:\/\/folhadosudeste.com\/site\/index.php?rest_route=%2Fwp%2Fv2%2Fcategories&post=76199"},{"taxonomy":"post_tag","embeddable":true,"href":"https:\/\/folhadosudeste.com\/site\/index.php?rest_route=%2Fwp%2Fv2%2Ftags&post=76199"}],"curies":[{"name":"wp","href":"https:\/\/api.w.org\/{rel}","templated":true}]}}