{"id":76209,"date":"2021-07-26T21:20:39","date_gmt":"2021-07-26T21:20:39","guid":{"rendered":"http:\/\/folhadosudeste.com\/site\/?p=76209"},"modified":"2021-07-26T21:20:39","modified_gmt":"2021-07-26T21:20:39","slug":"a-covid-19-provocou-a-morte-de-mais-uma-pessoa-em-muriae-2","status":"publish","type":"post","link":"https:\/\/folhadosudeste.com\/site\/?p=76209","title":{"rendered":"A covid-19 provocou a morte de mais uma pessoa em Muria\u00e9"},"content":{"rendered":"<div id=\":137\" class=\"ii gt\">\n<div id=\":136\" class=\"a3s aiL \">\n<div>\n<div>\n<div>\n<div><a href=\"http:\/\/folhadosudeste.com\/site\/wp-content\/uploads\/2021\/07\/26072021.jpeg\"><img loading=\"lazy\" decoding=\"async\" class=\"alignnone size-full wp-image-76210\" src=\"http:\/\/folhadosudeste.com\/site\/wp-content\/uploads\/2021\/07\/26072021.jpeg\" alt=\"\" width=\"1080\" height=\"1080\" srcset=\"https:\/\/folhadosudeste.com\/site\/wp-content\/uploads\/2021\/07\/26072021.jpeg 1080w, https:\/\/folhadosudeste.com\/site\/wp-content\/uploads\/2021\/07\/26072021-150x150.jpeg 150w, https:\/\/folhadosudeste.com\/site\/wp-content\/uploads\/2021\/07\/26072021-300x300.jpeg 300w, https:\/\/folhadosudeste.com\/site\/wp-content\/uploads\/2021\/07\/26072021-768x768.jpeg 768w, https:\/\/folhadosudeste.com\/site\/wp-content\/uploads\/2021\/07\/26072021-1024x1024.jpeg 1024w\" sizes=\"auto, (max-width: 1080px) 100vw, 1080px\" \/><\/a><\/div>\n<div style=\"text-align: justify;\">O \u00f3bito registrado no boletim desta segunda-feira aconteceu no \u00faltimo dia 23 de julho e refere-se a um homem de 56 anos que tamb\u00e9m sofria de doen\u00e7a renal.<\/div>\n<div style=\"text-align: justify;\">&nbsp;<\/div>\n<div style=\"text-align: justify;\">O boletim de hoje tamb\u00e9m trouxe a confirma\u00e7\u00e3o de 43 novas infec\u00e7\u00f5es em Muria\u00e9. A faixa et\u00e1ria mais atingida foi a de 40 a 49 anos, com 14 registros.<\/div>\n<div style=\"text-align: justify;\">&nbsp;<\/div>\n<div style=\"text-align: justify;\">A m\u00e9dia m\u00f3vel atual, considerando dados das \u00faltimas duas semanas, \u00e9 de 22,57 casos por dia. O \u00edndice \u00e9 6,41% mais alto que o de 14 dias atr\u00e1s &#8211; a varia\u00e7\u00e3o est\u00e1 dentro do patamar de estabilidade quando \u00e9 de at\u00e9 15% (tanto para mais quanto para menos).<\/div>\n<\/div>\n<div style=\"text-align: justify;\">&nbsp;<\/div>\n<\/div>\n<\/div>\n<\/div>\n<\/div>\n<p style=\"text-align: justify;\"><!--more--><\/p>\n<div id=\":136\" class=\"a3s aiL \" style=\"text-align: justify;\">\n<div>\n<div>\n<div>\n<div>Vacina\u00e7\u00e3o &#8211; Na ter\u00e7a-feira, ser\u00e1 a vez das pessoas de 31 anos receberem a primeira dose de vacina contra covid-19. A vacina\u00e7\u00e3o acontece das 8h \u00e0s 11h, nas unidades b\u00e1sicas de sa\u00fade dos bairros Dornelas, Padre Tiago, Planalto, Primavera e S\u00e3o Francisco. \u00c9 necess\u00e1rio apresentar CPF e comprovante de resid\u00eancia atual em Muria\u00e9.<\/div>\n<div>&nbsp;<\/div>\n<div>Segunda dose &#8211; A dose complementar da Astrazeneca est\u00e1 dispon\u00edvel para aplica\u00e7\u00e3o nas UBSs Dornelas, Padre Tiago, Planalto, Primavera e S\u00e3o Francisco. J\u00e1 a Coronavac tamb\u00e9m est\u00e1 com segunda dose dispon\u00edvel, por\u00e9m somente na UBS Dornelas.<\/div>\n<div>&nbsp;<\/div>\n<div>Portanto, basta olhar a data agendada para segunda dose no cart\u00e3o de vacinas. Quem j\u00e1 estiver no dia de receb\u00ea-la (ou estiver em atraso) deve procurar a UBS o mais rapidamente poss\u00edvel para concluir a imuniza\u00e7\u00e3o contra a covid-19.<\/div>\n<div>&nbsp;<\/div>\n<div>O atendimento \u00e9 tamb\u00e9m das 8h \u00e0s 11h. \u00c9 necess\u00e1rio apresentar o CPF e a carteira de vacinas com comprova\u00e7\u00e3o da primeira dose.<\/div>\n<div>&nbsp;<\/div>\n<div>Veja os n\u00fameros completos de hoje (26\/07\/2021):<\/div>\n<div>&nbsp;<\/div>\n<div>VACINA\u00c7\u00c3O<\/div>\n<div>Vacinados com uma dose: 60.518 (55,32% da popula\u00e7\u00e3o total)<\/div>\n<div>Vacinados com duas doses ou dose \u00fanica: 26.416 (24,15% da popula\u00e7\u00e3o total)<\/div>\n<div>&nbsp;<\/div>\n<div>PACIENTES<\/div>\n<div>Total de casos confirmados: 10.961 (+43)<\/div>\n<div>Pacientes ativos: 259<\/div>\n<div>Pacientes curados: 10.418<\/div>\n<div>\u00d3bitos: 284 (+1)<\/div>\n<div>Investigados \/ Monitorados: 101<\/div>\n<div>Negativos: 12.125<\/div>\n<\/div>\n<\/div>\n<\/div>\n<\/div>\n<div id=\":14w\" class=\"hq gt\" style=\"text-align: justify;\"><a href=\"http:\/\/folhadosudeste.com\/site\/wp-content\/uploads\/2021\/07\/CASOS-DE-COVID-19-EM-MURIA\u00c9-POR-FAIXA-ET\u00c1RIA-26_07_2021.png\"><img loading=\"lazy\" decoding=\"async\" class=\"alignnone size-full wp-image-76211\" src=\"http:\/\/folhadosudeste.com\/site\/wp-content\/uploads\/2021\/07\/CASOS-DE-COVID-19-EM-MURIA\u00c9-POR-FAIXA-ET\u00c1RIA-26_07_2021.png\" alt=\"\" width=\"1044\" height=\"739\" srcset=\"https:\/\/folhadosudeste.com\/site\/wp-content\/uploads\/2021\/07\/CASOS-DE-COVID-19-EM-MURIA\u00c9-POR-FAIXA-ET\u00c1RIA-26_07_2021.png 1044w, https:\/\/folhadosudeste.com\/site\/wp-content\/uploads\/2021\/07\/CASOS-DE-COVID-19-EM-MURIA\u00c9-POR-FAIXA-ET\u00c1RIA-26_07_2021-300x212.png 300w, https:\/\/folhadosudeste.com\/site\/wp-content\/uploads\/2021\/07\/CASOS-DE-COVID-19-EM-MURIA\u00c9-POR-FAIXA-ET\u00c1RIA-26_07_2021-768x544.png 768w, https:\/\/folhadosudeste.com\/site\/wp-content\/uploads\/2021\/07\/CASOS-DE-COVID-19-EM-MURIA\u00c9-POR-FAIXA-ET\u00c1RIA-26_07_2021-1024x725.png 1024w\" sizes=\"auto, (max-width: 1044px) 100vw, 1044px\" \/><\/a> <a href=\"http:\/\/folhadosudeste.com\/site\/wp-content\/uploads\/2021\/07\/M\u00c9DIA-M\u00d3VEL-DE-CASOS-E-\u00d3BITOS-\u00daLTIMOS-14-DIAS.png\"><img loading=\"lazy\" decoding=\"async\" class=\"alignnone size-full wp-image-76212\" src=\"http:\/\/folhadosudeste.com\/site\/wp-content\/uploads\/2021\/07\/M\u00c9DIA-M\u00d3VEL-DE-CASOS-E-\u00d3BITOS-\u00daLTIMOS-14-DIAS.png\" alt=\"\" width=\"1020\" height=\"631\" srcset=\"https:\/\/folhadosudeste.com\/site\/wp-content\/uploads\/2021\/07\/M\u00c9DIA-M\u00d3VEL-DE-CASOS-E-\u00d3BITOS-\u00daLTIMOS-14-DIAS.png 1020w, https:\/\/folhadosudeste.com\/site\/wp-content\/uploads\/2021\/07\/M\u00c9DIA-M\u00d3VEL-DE-CASOS-E-\u00d3BITOS-\u00daLTIMOS-14-DIAS-300x186.png 300w, https:\/\/folhadosudeste.com\/site\/wp-content\/uploads\/2021\/07\/M\u00c9DIA-M\u00d3VEL-DE-CASOS-E-\u00d3BITOS-\u00daLTIMOS-14-DIAS-768x475.png 768w\" sizes=\"auto, (max-width: 1020px) 100vw, 1020px\" \/><\/a><\/div>\n","protected":false},"excerpt":{"rendered":"<p>O \u00f3bito registrado no boletim desta segunda-feira aconteceu no \u00faltimo dia 23 de julho e refere-se a um homem de 56 anos que tamb\u00e9m sofria de doen\u00e7a renal. &nbsp; O boletim de hoje tamb\u00e9m trouxe a confirma\u00e7\u00e3o de 43 novas infec\u00e7\u00f5es em Muria\u00e9. A faixa et\u00e1ria mais atingida foi a de 40 a 49 anos, [&hellip;]<\/p>\n","protected":false},"author":6,"featured_media":0,"comment_status":"open","ping_status":"closed","sticky":false,"template":"","format":"standard","meta":{"_joinchat":[],"footnotes":""},"categories":[1],"tags":[],"class_list":["post-76209","post","type-post","status-publish","format-standard","hentry","category-sem-categoria"],"_links":{"self":[{"href":"https:\/\/folhadosudeste.com\/site\/index.php?rest_route=\/wp\/v2\/posts\/76209","targetHints":{"allow":["GET"]}}],"collection":[{"href":"https:\/\/folhadosudeste.com\/site\/index.php?rest_route=\/wp\/v2\/posts"}],"about":[{"href":"https:\/\/folhadosudeste.com\/site\/index.php?rest_route=\/wp\/v2\/types\/post"}],"author":[{"embeddable":true,"href":"https:\/\/folhadosudeste.com\/site\/index.php?rest_route=\/wp\/v2\/users\/6"}],"replies":[{"embeddable":true,"href":"https:\/\/folhadosudeste.com\/site\/index.php?rest_route=%2Fwp%2Fv2%2Fcomments&post=76209"}],"version-history":[{"count":1,"href":"https:\/\/folhadosudeste.com\/site\/index.php?rest_route=\/wp\/v2\/posts\/76209\/revisions"}],"predecessor-version":[{"id":76213,"href":"https:\/\/folhadosudeste.com\/site\/index.php?rest_route=\/wp\/v2\/posts\/76209\/revisions\/76213"}],"wp:attachment":[{"href":"https:\/\/folhadosudeste.com\/site\/index.php?rest_route=%2Fwp%2Fv2%2Fmedia&parent=76209"}],"wp:term":[{"taxonomy":"category","embeddable":true,"href":"https:\/\/folhadosudeste.com\/site\/index.php?rest_route=%2Fwp%2Fv2%2Fcategories&post=76209"},{"taxonomy":"post_tag","embeddable":true,"href":"https:\/\/folhadosudeste.com\/site\/index.php?rest_route=%2Fwp%2Fv2%2Ftags&post=76209"}],"curies":[{"name":"wp","href":"https:\/\/api.w.org\/{rel}","templated":true}]}}