{"id":76214,"date":"2021-07-26T22:41:57","date_gmt":"2021-07-26T22:41:57","guid":{"rendered":"http:\/\/folhadosudeste.com\/site\/?p=76214"},"modified":"2021-07-26T22:41:57","modified_gmt":"2021-07-26T22:41:57","slug":"nota-oficial-da-camara-de-muriae-sobre-fake-news-envolvendo-projeto-de-lei-168","status":"publish","type":"post","link":"https:\/\/folhadosudeste.com\/site\/?p=76214","title":{"rendered":"NOTA OFICIAL DA C\u00c2MARA DE MURIA\u00c9 SOBRE FAKE NEWS ENVOLVENDO PROJETO DE LEI 168"},"content":{"rendered":"<p><a href=\"http:\/\/folhadosudeste.com\/site\/wp-content\/uploads\/2021\/07\/Nota-Oficial.jpeg\"><img loading=\"lazy\" decoding=\"async\" class=\"alignnone size-full wp-image-76215\" src=\"http:\/\/folhadosudeste.com\/site\/wp-content\/uploads\/2021\/07\/Nota-Oficial.jpeg\" alt=\"\" width=\"1080\" height=\"1080\" srcset=\"https:\/\/folhadosudeste.com\/site\/wp-content\/uploads\/2021\/07\/Nota-Oficial.jpeg 1080w, https:\/\/folhadosudeste.com\/site\/wp-content\/uploads\/2021\/07\/Nota-Oficial-150x150.jpeg 150w, https:\/\/folhadosudeste.com\/site\/wp-content\/uploads\/2021\/07\/Nota-Oficial-300x300.jpeg 300w, https:\/\/folhadosudeste.com\/site\/wp-content\/uploads\/2021\/07\/Nota-Oficial-768x768.jpeg 768w, https:\/\/folhadosudeste.com\/site\/wp-content\/uploads\/2021\/07\/Nota-Oficial-1024x1024.jpeg 1024w\" sizes=\"auto, (max-width: 1080px) 100vw, 1080px\" \/><\/a><\/p>\n<p>A C\u00e2mara de Muria\u00e9 esclarece que, diferentemente do que se propagou em redes sociais, a aprova\u00e7\u00e3o do Projeto de Lei 168\/2021 n\u00e3o vai gerar custos adicionais aos cofres p\u00fablicos nem aumentar o \u201csal\u00e1rio\u201d dos vereadores. Portanto, a informa\u00e7\u00e3o disseminada \u00e9 FALSA.<\/p>\n<p>A t\u00edtulo de conhecimento, vereador n\u00e3o recebe sal\u00e1rio, mas subs\u00eddio, ao qual n\u00e3o incide qualquer tipo de gratifica\u00e7\u00e3o ou valor extra.<\/p>\n<p>O PL 168, aprovado por maioria de vereadores em plen\u00e1rio, apenas altera o anexo V da Lei Municipal 5.348, que disp\u00f5e sobre o Plano de Cargos, Carreira, Vencimentos e Estrutura Organizacional dos Servidores da C\u00e2mara de Muria\u00e9. Tal Lei \u00e9 de 2016, ou seja, anterior \u00e0 Lei Complementar 173, que pro\u00edbe o aumento de vencimentos ou cria\u00e7\u00e3o de cargos em institui\u00e7\u00f5es p\u00fablicas.<\/p>\n<p><!--more--><\/p>\n<p>Com o PL 168, a Casa pretende gerar economia em at\u00e9 20% com a folha de pagamento de seus servidores, ao permitir que servidores comissionados possam atuar nas comiss\u00f5es internas. Os servidores comissionados contam com sal\u00e1rios menores em compara\u00e7\u00e3o aos servidores efetivos, portanto, o valor pago pela gratifica\u00e7\u00e3o em caso de participa\u00e7\u00e3o nas comiss\u00f5es tamb\u00e9m ser\u00e1 menor.<\/p>\n<p>Atualmente, a Casa possui apenas 10 servidores efetivos &#8211; sendo que, no momento, 2 est\u00e3o licenciados por motivo de sa\u00fade &#8211; e 8 comiss\u00f5es internas, que precisam, cada uma, da participa\u00e7\u00e3o de 3 servidores. Ou seja, o quadro de servidores de carreira (vale lembrar, o total de 10) n\u00e3o \u00e9 suficiente para suprir a demanda de 24 servidores.<\/p>\n<p>A C\u00e2mara esclarece, ainda, que o rito de entrada e tramita\u00e7\u00e3o do projeto cumpriu RIGOROSAMENTE o que determina o artigo 166 do Regimento Interno. N\u00e3o houve, ent\u00e3o, nenhuma ilegalidade no ato. Al\u00e9m disso, o PL foi colocado para aprecia\u00e7\u00e3o do plen\u00e1rio, que \u00e9 soberano, de acordo com o que prev\u00ea o Art. 110, \u00a72\u00ba do Regimento Interno, e, por maioria, o projeto foi aprovado.<\/p>\n<p>Por fim, a C\u00e2mara destaca que \u00e9 totalmente contr\u00e1ria \u00e0 dissemina\u00e7\u00e3o de fake news, j\u00e1 que not\u00edcias falsas confundem e geram um desservi\u00e7o \u00e0 popula\u00e7\u00e3o.<\/p>\n<p><a href=\"http:\/\/folhadosudeste.com\/site\/wp-content\/uploads\/2021\/07\/arte.jpeg\"><img loading=\"lazy\" decoding=\"async\" class=\"alignnone size-full wp-image-76216\" src=\"http:\/\/folhadosudeste.com\/site\/wp-content\/uploads\/2021\/07\/arte.jpeg\" alt=\"\" width=\"1255\" height=\"1255\" srcset=\"https:\/\/folhadosudeste.com\/site\/wp-content\/uploads\/2021\/07\/arte.jpeg 1255w, https:\/\/folhadosudeste.com\/site\/wp-content\/uploads\/2021\/07\/arte-150x150.jpeg 150w, https:\/\/folhadosudeste.com\/site\/wp-content\/uploads\/2021\/07\/arte-300x300.jpeg 300w, https:\/\/folhadosudeste.com\/site\/wp-content\/uploads\/2021\/07\/arte-768x768.jpeg 768w, https:\/\/folhadosudeste.com\/site\/wp-content\/uploads\/2021\/07\/arte-1024x1024.jpeg 1024w\" sizes=\"auto, (max-width: 1255px) 100vw, 1255px\" \/><\/a><\/p>\n","protected":false},"excerpt":{"rendered":"<p>A C\u00e2mara de Muria\u00e9 esclarece que, diferentemente do que se propagou em redes sociais, a aprova\u00e7\u00e3o do Projeto de Lei 168\/2021 n\u00e3o vai gerar custos adicionais aos cofres p\u00fablicos nem aumentar o \u201csal\u00e1rio\u201d dos vereadores. Portanto, a informa\u00e7\u00e3o disseminada \u00e9 FALSA. A t\u00edtulo de conhecimento, vereador n\u00e3o recebe sal\u00e1rio, mas subs\u00eddio, ao qual n\u00e3o incide [&hellip;]<\/p>\n","protected":false},"author":6,"featured_media":0,"comment_status":"open","ping_status":"closed","sticky":false,"template":"","format":"standard","meta":{"_joinchat":[],"footnotes":""},"categories":[1],"tags":[],"class_list":["post-76214","post","type-post","status-publish","format-standard","hentry","category-sem-categoria"],"_links":{"self":[{"href":"https:\/\/folhadosudeste.com\/site\/index.php?rest_route=\/wp\/v2\/posts\/76214","targetHints":{"allow":["GET"]}}],"collection":[{"href":"https:\/\/folhadosudeste.com\/site\/index.php?rest_route=\/wp\/v2\/posts"}],"about":[{"href":"https:\/\/folhadosudeste.com\/site\/index.php?rest_route=\/wp\/v2\/types\/post"}],"author":[{"embeddable":true,"href":"https:\/\/folhadosudeste.com\/site\/index.php?rest_route=\/wp\/v2\/users\/6"}],"replies":[{"embeddable":true,"href":"https:\/\/folhadosudeste.com\/site\/index.php?rest_route=%2Fwp%2Fv2%2Fcomments&post=76214"}],"version-history":[{"count":1,"href":"https:\/\/folhadosudeste.com\/site\/index.php?rest_route=\/wp\/v2\/posts\/76214\/revisions"}],"predecessor-version":[{"id":76217,"href":"https:\/\/folhadosudeste.com\/site\/index.php?rest_route=\/wp\/v2\/posts\/76214\/revisions\/76217"}],"wp:attachment":[{"href":"https:\/\/folhadosudeste.com\/site\/index.php?rest_route=%2Fwp%2Fv2%2Fmedia&parent=76214"}],"wp:term":[{"taxonomy":"category","embeddable":true,"href":"https:\/\/folhadosudeste.com\/site\/index.php?rest_route=%2Fwp%2Fv2%2Fcategories&post=76214"},{"taxonomy":"post_tag","embeddable":true,"href":"https:\/\/folhadosudeste.com\/site\/index.php?rest_route=%2Fwp%2Fv2%2Ftags&post=76214"}],"curies":[{"name":"wp","href":"https:\/\/api.w.org\/{rel}","templated":true}]}}