{"id":76223,"date":"2021-07-27T14:02:09","date_gmt":"2021-07-27T14:02:09","guid":{"rendered":"http:\/\/folhadosudeste.com\/site\/?p=76223"},"modified":"2021-07-27T17:13:59","modified_gmt":"2021-07-27T17:13:59","slug":"frio-intenso-chega-ao-brasil-na-quarta","status":"publish","type":"post","link":"https:\/\/folhadosudeste.com\/site\/?p=76223","title":{"rendered":"Frio intenso chega ao Brasil na quarta"},"content":{"rendered":"<p><a href=\"http:\/\/folhadosudeste.com\/site\/wp-content\/uploads\/2021\/07\/clima-sp-frio-age20180710013-dario-oliveira-estadao-conteudo.jpg\"><img loading=\"lazy\" decoding=\"async\" class=\"alignnone size-full wp-image-76224\" src=\"http:\/\/folhadosudeste.com\/site\/wp-content\/uploads\/2021\/07\/clima-sp-frio-age20180710013-dario-oliveira-estadao-conteudo.jpg\" alt=\"\" width=\"1000\" height=\"667\" srcset=\"https:\/\/folhadosudeste.com\/site\/wp-content\/uploads\/2021\/07\/clima-sp-frio-age20180710013-dario-oliveira-estadao-conteudo.jpg 1000w, https:\/\/folhadosudeste.com\/site\/wp-content\/uploads\/2021\/07\/clima-sp-frio-age20180710013-dario-oliveira-estadao-conteudo-300x200.jpg 300w, https:\/\/folhadosudeste.com\/site\/wp-content\/uploads\/2021\/07\/clima-sp-frio-age20180710013-dario-oliveira-estadao-conteudo-768x512.jpg 768w, https:\/\/folhadosudeste.com\/site\/wp-content\/uploads\/2021\/07\/clima-sp-frio-age20180710013-dario-oliveira-estadao-conteudo-120x80.jpg 120w, https:\/\/folhadosudeste.com\/site\/wp-content\/uploads\/2021\/07\/clima-sp-frio-age20180710013-dario-oliveira-estadao-conteudo-345x230.jpg 345w\" sizes=\"auto, (max-width: 1000px) 100vw, 1000px\" \/><\/a><\/p>\n<div>\n<p><strong>Massa polar atinge as Regi\u00f5es Sul, Sudeste, Centro-Oeste e sul da Regi\u00e3o Norte do Brasil.<\/strong><\/p>\n<p>A \u00faltima semana do m\u00eas de julho ser\u00e1 marcada pela onda de frio mais intensa e duradoura do inverno. A massa de ar frio polar que chegar\u00e1 ao pa\u00eds a partir desta quarta (28) ir\u00e1 baixar as temperaturas no Sul, Sudeste, Centro-Oeste e at\u00e9 mesmo na regi\u00e3o Norte do pa\u00eds. Na serra ga\u00facha, a sensa\u00e7\u00e3o t\u00e9rmica poder\u00e1 chegar a -25\u00b0C.<\/p>\n<p>Segundo o Instituto Nacional de Metereologia (Inmet), a previs\u00e3o de frio ir\u00e1 se prolongar entre os dias 28 de julho e 1\u00b0 de agosto, provocando decl\u00ednios de temperaturas entre 6\u00baC e 4\u00baC, especialmente nas \u00e1reas de maior altitude.<\/p>\n<\/div>\n<p><!--more--><\/p>\n<div>\n<p>Segundo a Climatempo, o risco de geada no final da semana \u00e9 alto no Rio Grande do Sul, Santa Catarina, Paran\u00e1, e em \u00e1reas de S\u00e3o Paulo, Mato Grosso do Sul, sul de Minas e extremo sul do Rio de Janeiro.<\/p>\n<p>Um novo recorde de frio poder\u00e1 ser registrado na serra catarinense. Segundo a Climatempo, a temperatura na regi\u00e3o ser\u00e1 de -8\u00b0C e -10\u00b0C.<\/p>\n<p>Devido a a\u00e7\u00e3o dos ventos, a sensa\u00e7\u00e3o t\u00e9rmica ser\u00e1 de muito mais frio. Em \u00e1reas altas de serra, especialmente entre os estado do Rio Grande do Sul e Santa Catarina, a sensa\u00e7\u00e3o de frio pode chegar a -25\u00baC.<\/p>\n<p>No Sudeste, as menores temperaturas est\u00e3o previstas para quinta (29) e sexta-feira (30). Na serra da Mantiqueira, divisa entre S\u00e3o Paulo e Minas Gerais, as temperaturas m\u00ednimas devem ficar entre -2\u00b0C e -5\u00b0C e a m\u00e1xima abaixo dos 15\u00b0C.<\/p>\n<p>Na quinta (29), segundo o Inmet, h\u00e1 previs\u00e3o de geada em quase toda a Regi\u00e3o Sul, sul do Mato Grosso do Sul e sudeste de S\u00e3o Paulo (com intensidade variando de moderada a forte). Na sexta (30, tamb\u00e9m poder\u00e1 ocorrer geada no sul de Goi\u00e1s.<\/p>\n<p>Fonte: https:\/\/g1.globo.com<br \/>\nFotos: Dario Oliveira\/Estad\u00e3o Conte\u00fado<\/p>\n<\/div>\n","protected":false},"excerpt":{"rendered":"<p>Massa polar atinge as Regi\u00f5es Sul, Sudeste, Centro-Oeste e sul da Regi\u00e3o Norte do Brasil. A \u00faltima semana do m\u00eas de julho ser\u00e1 marcada pela onda de frio mais intensa e duradoura do inverno. A massa de ar frio polar que chegar\u00e1 ao pa\u00eds a partir desta quarta (28) ir\u00e1 baixar as temperaturas no Sul, [&hellip;]<\/p>\n","protected":false},"author":6,"featured_media":0,"comment_status":"open","ping_status":"closed","sticky":false,"template":"","format":"standard","meta":{"_joinchat":[],"footnotes":""},"categories":[1],"tags":[],"class_list":["post-76223","post","type-post","status-publish","format-standard","hentry","category-sem-categoria"],"_links":{"self":[{"href":"https:\/\/folhadosudeste.com\/site\/index.php?rest_route=\/wp\/v2\/posts\/76223","targetHints":{"allow":["GET"]}}],"collection":[{"href":"https:\/\/folhadosudeste.com\/site\/index.php?rest_route=\/wp\/v2\/posts"}],"about":[{"href":"https:\/\/folhadosudeste.com\/site\/index.php?rest_route=\/wp\/v2\/types\/post"}],"author":[{"embeddable":true,"href":"https:\/\/folhadosudeste.com\/site\/index.php?rest_route=\/wp\/v2\/users\/6"}],"replies":[{"embeddable":true,"href":"https:\/\/folhadosudeste.com\/site\/index.php?rest_route=%2Fwp%2Fv2%2Fcomments&post=76223"}],"version-history":[{"count":2,"href":"https:\/\/folhadosudeste.com\/site\/index.php?rest_route=\/wp\/v2\/posts\/76223\/revisions"}],"predecessor-version":[{"id":76236,"href":"https:\/\/folhadosudeste.com\/site\/index.php?rest_route=\/wp\/v2\/posts\/76223\/revisions\/76236"}],"wp:attachment":[{"href":"https:\/\/folhadosudeste.com\/site\/index.php?rest_route=%2Fwp%2Fv2%2Fmedia&parent=76223"}],"wp:term":[{"taxonomy":"category","embeddable":true,"href":"https:\/\/folhadosudeste.com\/site\/index.php?rest_route=%2Fwp%2Fv2%2Fcategories&post=76223"},{"taxonomy":"post_tag","embeddable":true,"href":"https:\/\/folhadosudeste.com\/site\/index.php?rest_route=%2Fwp%2Fv2%2Ftags&post=76223"}],"curies":[{"name":"wp","href":"https:\/\/api.w.org\/{rel}","templated":true}]}}