{"id":76245,"date":"2021-07-27T22:23:19","date_gmt":"2021-07-27T22:23:19","guid":{"rendered":"http:\/\/folhadosudeste.com\/site\/?p=76245"},"modified":"2021-07-27T22:23:19","modified_gmt":"2021-07-27T22:23:19","slug":"16-novas-infeccoes-em-muriae","status":"publish","type":"post","link":"https:\/\/folhadosudeste.com\/site\/?p=76245","title":{"rendered":"16 novas infec\u00e7\u00f5es em Muria\u00e9"},"content":{"rendered":"<div><a href=\"http:\/\/folhadosudeste.com\/site\/wp-content\/uploads\/2021\/07\/27072021.jpeg\"><img loading=\"lazy\" decoding=\"async\" class=\"alignnone size-full wp-image-76246\" src=\"http:\/\/folhadosudeste.com\/site\/wp-content\/uploads\/2021\/07\/27072021.jpeg\" alt=\"\" width=\"1080\" height=\"1080\" srcset=\"https:\/\/folhadosudeste.com\/site\/wp-content\/uploads\/2021\/07\/27072021.jpeg 1080w, https:\/\/folhadosudeste.com\/site\/wp-content\/uploads\/2021\/07\/27072021-150x150.jpeg 150w, https:\/\/folhadosudeste.com\/site\/wp-content\/uploads\/2021\/07\/27072021-300x300.jpeg 300w, https:\/\/folhadosudeste.com\/site\/wp-content\/uploads\/2021\/07\/27072021-768x768.jpeg 768w, https:\/\/folhadosudeste.com\/site\/wp-content\/uploads\/2021\/07\/27072021-1024x1024.jpeg 1024w\" sizes=\"auto, (max-width: 1080px) 100vw, 1080px\" \/><\/a><\/div>\n<div style=\"text-align: justify;\">O boletim desta ter\u00e7a-feira trouxe a confirma\u00e7\u00e3o de 16 novas infec\u00e7\u00f5es em Muria\u00e9. As faixas et\u00e1rias mais atingidas foram as de 40 a 49 e de 60 a 69 anos, cada uma com quatro registros.<\/div>\n<div style=\"text-align: justify;\">&nbsp;<\/div>\n<div style=\"text-align: justify;\">A m\u00e9dia m\u00f3vel atual, considerando dados das \u00faltimas duas semanas, \u00e9 de 22,21 casos por dia. O \u00edndice \u00e9 9,9% mais alto que o de 14 dias atr\u00e1s, o que ainda est\u00e1 dentro do patamar de estabilidade. A varia\u00e7\u00e3o \u00e9 considerada est\u00e1vel quando \u00e9 de at\u00e9 15%, tanto para mais quanto para menos.<\/div>\n<p style=\"text-align: justify;\"><!--more--><\/p>\n<div style=\"text-align: justify;\"><strong>Interna\u00e7\u00f5es &#8211;<\/strong>&nbsp;De acordo com o censo hospitalar de hoje, Muria\u00e9 est\u00e1 com 29 pessoas internadas em UTIs, das quais apenas uma respira normalmente sem a necessidade de aparelhos ou procedimentos.<\/div>\n<div style=\"text-align: justify;\">&nbsp;<\/div>\n<div style=\"text-align: justify;\">Dentre os demais pacientes, 14 est\u00e3o intubados; cinco precisaram de traqueostomia; um utiliza m\u00e1scara do tipo VNI; e oito fazem uso de cateter de oxig\u00eanio.<\/div>\n<div style=\"text-align: justify;\">&nbsp;<\/div>\n<div style=\"text-align: justify;\">As UTIs credenciadas ao SUS est\u00e3o com 91% de ocupa\u00e7\u00e3o.<\/div>\n<div style=\"text-align: justify;\">&nbsp;<\/div>\n<div style=\"text-align: justify;\"><strong>Vacina\u00e7\u00e3o &#8211;<\/strong>&nbsp;Na quarta-feira, a vacina\u00e7\u00e3o em Muria\u00e9 ser\u00e1 somente para aplica\u00e7\u00e3o de segunda dose.<\/div>\n<div style=\"text-align: justify;\">&nbsp;<\/div>\n<div style=\"text-align: justify;\">O imunizante da Astrazeneca estar\u00e1 dispon\u00edvel nas UBSs Dornelas, Padre Tiago, Planalto, Primavera e S\u00e3o Francisco. J\u00e1 a Coronavac estar\u00e1 somente na UBS Dornelas.<\/div>\n<div style=\"text-align: justify;\">&nbsp;<\/div>\n<div style=\"text-align: justify;\">Quem j\u00e1 estiver no dia agendado para receber a segunda dose (ou estiver em atraso) deve procurar a UBS o mais rapidamente poss\u00edvel para concluir o processo de imuniza\u00e7\u00e3o contra a covid-19.<\/div>\n<div style=\"text-align: justify;\">&nbsp;<\/div>\n<div style=\"text-align: justify;\">O atendimento \u00e9 das 8h \u00e0s 11h. \u00c9 necess\u00e1rio apresentar o CPF e a carteira de vacinas com comprova\u00e7\u00e3o da primeira dose.<\/div>\n<div style=\"text-align: justify;\">&nbsp;<\/div>\n<div style=\"text-align: justify;\"><strong>N\u00fameros completos de hoje (27\/07\/2021):<\/strong><\/div>\n<div style=\"text-align: justify;\">&nbsp;<\/div>\n<div style=\"text-align: justify;\">VACINA\u00c7\u00c3O<\/div>\n<div style=\"text-align: justify;\">Vacinados com uma dose: 61.445 (56,17% da popula\u00e7\u00e3o total)<\/div>\n<div style=\"text-align: justify;\">Vacinados com duas doses ou dose \u00fanica: 26.522 (24,25% da popula\u00e7\u00e3o total)<\/div>\n<div style=\"text-align: justify;\">&nbsp;<\/div>\n<div style=\"text-align: justify;\">PACIENTES<\/div>\n<div style=\"text-align: justify;\">Total de casos confirmados: 10.977 (+16)<\/div>\n<div style=\"text-align: justify;\">Pacientes ativos: 242<\/div>\n<div style=\"text-align: justify;\">Pacientes curados: 10.451<\/div>\n<div style=\"text-align: justify;\">\u00d3bitos: 284<\/div>\n<div style=\"text-align: justify;\">Investigados \/ Monitorados: 60<\/div>\n<div style=\"text-align: justify;\">Negativos: 12.161<\/div>\n<div><a href=\"http:\/\/folhadosudeste.com\/site\/wp-content\/uploads\/2021\/07\/CASOS-DE-COVID-19-EM-MURIA\u00c9-POR-FAIXA-ET\u00c1RIA-27_07_2021.png\"><img loading=\"lazy\" decoding=\"async\" class=\"alignnone size-full wp-image-76247\" src=\"http:\/\/folhadosudeste.com\/site\/wp-content\/uploads\/2021\/07\/CASOS-DE-COVID-19-EM-MURIA\u00c9-POR-FAIXA-ET\u00c1RIA-27_07_2021.png\" alt=\"\" width=\"1044\" height=\"739\" srcset=\"https:\/\/folhadosudeste.com\/site\/wp-content\/uploads\/2021\/07\/CASOS-DE-COVID-19-EM-MURIA\u00c9-POR-FAIXA-ET\u00c1RIA-27_07_2021.png 1044w, https:\/\/folhadosudeste.com\/site\/wp-content\/uploads\/2021\/07\/CASOS-DE-COVID-19-EM-MURIA\u00c9-POR-FAIXA-ET\u00c1RIA-27_07_2021-300x212.png 300w, https:\/\/folhadosudeste.com\/site\/wp-content\/uploads\/2021\/07\/CASOS-DE-COVID-19-EM-MURIA\u00c9-POR-FAIXA-ET\u00c1RIA-27_07_2021-768x544.png 768w, https:\/\/folhadosudeste.com\/site\/wp-content\/uploads\/2021\/07\/CASOS-DE-COVID-19-EM-MURIA\u00c9-POR-FAIXA-ET\u00c1RIA-27_07_2021-1024x725.png 1024w\" sizes=\"auto, (max-width: 1044px) 100vw, 1044px\" \/><\/a> <a href=\"http:\/\/folhadosudeste.com\/site\/wp-content\/uploads\/2021\/07\/COVID-19_-M\u00c9DIA-M\u00d3VEL-DE-CASOS-E-\u00d3BITOS-\u00daLTIMOS-14-DIAS-27072021.png\"><img loading=\"lazy\" decoding=\"async\" class=\"alignnone size-full wp-image-76248\" src=\"http:\/\/folhadosudeste.com\/site\/wp-content\/uploads\/2021\/07\/COVID-19_-M\u00c9DIA-M\u00d3VEL-DE-CASOS-E-\u00d3BITOS-\u00daLTIMOS-14-DIAS-27072021.png\" alt=\"\" width=\"1206\" height=\"746\" srcset=\"https:\/\/folhadosudeste.com\/site\/wp-content\/uploads\/2021\/07\/COVID-19_-M\u00c9DIA-M\u00d3VEL-DE-CASOS-E-\u00d3BITOS-\u00daLTIMOS-14-DIAS-27072021.png 1206w, https:\/\/folhadosudeste.com\/site\/wp-content\/uploads\/2021\/07\/COVID-19_-M\u00c9DIA-M\u00d3VEL-DE-CASOS-E-\u00d3BITOS-\u00daLTIMOS-14-DIAS-27072021-300x186.png 300w, https:\/\/folhadosudeste.com\/site\/wp-content\/uploads\/2021\/07\/COVID-19_-M\u00c9DIA-M\u00d3VEL-DE-CASOS-E-\u00d3BITOS-\u00daLTIMOS-14-DIAS-27072021-768x475.png 768w, https:\/\/folhadosudeste.com\/site\/wp-content\/uploads\/2021\/07\/COVID-19_-M\u00c9DIA-M\u00d3VEL-DE-CASOS-E-\u00d3BITOS-\u00daLTIMOS-14-DIAS-27072021-1024x633.png 1024w\" sizes=\"auto, (max-width: 1206px) 100vw, 1206px\" \/><\/a><\/div>\n","protected":false},"excerpt":{"rendered":"<p>O boletim desta ter\u00e7a-feira trouxe a confirma\u00e7\u00e3o de 16 novas infec\u00e7\u00f5es em Muria\u00e9. As faixas et\u00e1rias mais atingidas foram as de 40 a 49 e de 60 a 69 anos, cada uma com quatro registros. &nbsp; A m\u00e9dia m\u00f3vel atual, considerando dados das \u00faltimas duas semanas, \u00e9 de 22,21 casos por dia. O \u00edndice \u00e9 [&hellip;]<\/p>\n","protected":false},"author":6,"featured_media":0,"comment_status":"open","ping_status":"closed","sticky":false,"template":"","format":"standard","meta":{"_joinchat":[],"footnotes":""},"categories":[1],"tags":[],"class_list":["post-76245","post","type-post","status-publish","format-standard","hentry","category-sem-categoria"],"_links":{"self":[{"href":"https:\/\/folhadosudeste.com\/site\/index.php?rest_route=\/wp\/v2\/posts\/76245","targetHints":{"allow":["GET"]}}],"collection":[{"href":"https:\/\/folhadosudeste.com\/site\/index.php?rest_route=\/wp\/v2\/posts"}],"about":[{"href":"https:\/\/folhadosudeste.com\/site\/index.php?rest_route=\/wp\/v2\/types\/post"}],"author":[{"embeddable":true,"href":"https:\/\/folhadosudeste.com\/site\/index.php?rest_route=\/wp\/v2\/users\/6"}],"replies":[{"embeddable":true,"href":"https:\/\/folhadosudeste.com\/site\/index.php?rest_route=%2Fwp%2Fv2%2Fcomments&post=76245"}],"version-history":[{"count":1,"href":"https:\/\/folhadosudeste.com\/site\/index.php?rest_route=\/wp\/v2\/posts\/76245\/revisions"}],"predecessor-version":[{"id":76249,"href":"https:\/\/folhadosudeste.com\/site\/index.php?rest_route=\/wp\/v2\/posts\/76245\/revisions\/76249"}],"wp:attachment":[{"href":"https:\/\/folhadosudeste.com\/site\/index.php?rest_route=%2Fwp%2Fv2%2Fmedia&parent=76245"}],"wp:term":[{"taxonomy":"category","embeddable":true,"href":"https:\/\/folhadosudeste.com\/site\/index.php?rest_route=%2Fwp%2Fv2%2Fcategories&post=76245"},{"taxonomy":"post_tag","embeddable":true,"href":"https:\/\/folhadosudeste.com\/site\/index.php?rest_route=%2Fwp%2Fv2%2Ftags&post=76245"}],"curies":[{"name":"wp","href":"https:\/\/api.w.org\/{rel}","templated":true}]}}