{"id":76250,"date":"2021-07-28T12:30:28","date_gmt":"2021-07-28T12:30:28","guid":{"rendered":"http:\/\/folhadosudeste.com\/site\/?p=76250"},"modified":"2021-07-28T12:30:28","modified_gmt":"2021-07-28T12:30:28","slug":"camara-aprova-projeto-que-autoriza-melhorias-na-iluminacao-publica","status":"publish","type":"post","link":"https:\/\/folhadosudeste.com\/site\/?p=76250","title":{"rendered":"C\u00e2mara aprova projeto que autoriza melhorias na ilumina\u00e7\u00e3o p\u00fablica"},"content":{"rendered":"<p><a href=\"http:\/\/folhadosudeste.com\/site\/wp-content\/uploads\/2021\/07\/DSC_3945.jpeg\"><img loading=\"lazy\" decoding=\"async\" class=\"alignnone size-full wp-image-76251\" src=\"http:\/\/folhadosudeste.com\/site\/wp-content\/uploads\/2021\/07\/DSC_3945.jpeg\" alt=\"\" width=\"1000\" height=\"690\" srcset=\"https:\/\/folhadosudeste.com\/site\/wp-content\/uploads\/2021\/07\/DSC_3945.jpeg 1000w, https:\/\/folhadosudeste.com\/site\/wp-content\/uploads\/2021\/07\/DSC_3945-300x207.jpeg 300w, https:\/\/folhadosudeste.com\/site\/wp-content\/uploads\/2021\/07\/DSC_3945-768x530.jpeg 768w\" sizes=\"auto, (max-width: 1000px) 100vw, 1000px\" \/><\/a><\/p>\n<p><strong><i>A\u00e7\u00e3o vai gerar economia de at\u00e9 70% aos cofres p\u00fablicos municipais<\/i><\/strong><\/p>\n<p>A C\u00e2mara de Muria\u00e9 aprovou em sess\u00e3o extraordin\u00e1ria realizada na \u00faltima quinta-feira, dia 22, o Projeto de Lei que autoriza o munic\u00edpio a adquirir equipamentos para melhoria da ilumina\u00e7\u00e3o p\u00fablica do munic\u00edpio. De autoria do Executivo municipal, o PL 119\/2021 foi aprovado por unanimidade pelos vereadores presentes na sess\u00e3o.<\/p>\n<p>Mais econ\u00f4micas, as lumin\u00e1rias de LED t\u00eam maior durabilidade e alcance luminoso, se comparadas \u00e0s de vapor de s\u00f3dio e vapor met\u00e1lico, proporcionado, com isso, maior sensa\u00e7\u00e3o de seguran\u00e7a e melhor visibilidade nos espa\u00e7os p\u00fablicos.<\/p>\n<p><!--more--><\/p>\n<p>A estimativa \u00e9 de que a medida gere economia de at\u00e9 70% nas tarifas de energia p\u00fablica que s\u00e3o pagas hoje pela administra\u00e7\u00e3o municipal, al\u00e9m de diminui\u00e7\u00e3o significativa da manuten\u00e7\u00e3o di\u00e1ria de troca de l\u00e2mpadas.<\/p>\n<p>De acordo com o texto aprovado pelos vereadores, somente com a quantia economizada nas contas de luz mensais, o munic\u00edpio poder\u00e1 custear, por exemplo, toda a troca de postes e das l\u00e2mpadas.<\/p>\n<p>Ap\u00f3s aprova\u00e7\u00e3o em plen\u00e1rio, o PL seguiu para san\u00e7\u00e3o ou veto do Executivo.<\/p>\n<p><a href=\"http:\/\/folhadosudeste.com\/site\/wp-content\/uploads\/2021\/07\/DSC_3649-1-1.jpg\"><img loading=\"lazy\" decoding=\"async\" class=\"alignnone size-full wp-image-76252\" src=\"http:\/\/folhadosudeste.com\/site\/wp-content\/uploads\/2021\/07\/DSC_3649-1-1.jpg\" alt=\"\" width=\"1000\" height=\"655\" srcset=\"https:\/\/folhadosudeste.com\/site\/wp-content\/uploads\/2021\/07\/DSC_3649-1-1.jpg 1000w, https:\/\/folhadosudeste.com\/site\/wp-content\/uploads\/2021\/07\/DSC_3649-1-1-300x197.jpg 300w, https:\/\/folhadosudeste.com\/site\/wp-content\/uploads\/2021\/07\/DSC_3649-1-1-768x503.jpg 768w, https:\/\/folhadosudeste.com\/site\/wp-content\/uploads\/2021\/07\/DSC_3649-1-1-120x80.jpg 120w\" sizes=\"auto, (max-width: 1000px) 100vw, 1000px\" \/><\/a> <a href=\"http:\/\/folhadosudeste.com\/site\/wp-content\/uploads\/2021\/07\/DSC_3691-1.jpg\"><img loading=\"lazy\" decoding=\"async\" class=\"alignnone size-full wp-image-76253\" src=\"http:\/\/folhadosudeste.com\/site\/wp-content\/uploads\/2021\/07\/DSC_3691-1.jpg\" alt=\"\" width=\"1000\" height=\"695\" srcset=\"https:\/\/folhadosudeste.com\/site\/wp-content\/uploads\/2021\/07\/DSC_3691-1.jpg 1000w, https:\/\/folhadosudeste.com\/site\/wp-content\/uploads\/2021\/07\/DSC_3691-1-300x209.jpg 300w, https:\/\/folhadosudeste.com\/site\/wp-content\/uploads\/2021\/07\/DSC_3691-1-768x534.jpg 768w\" sizes=\"auto, (max-width: 1000px) 100vw, 1000px\" \/><\/a><\/p>\n<p><em>Fotos: Sess\u00e3o extraordin\u00e1ria de 22 de julho\/Arquivo C\u00e2mara de Muria\u00e9<\/em><\/p>\n","protected":false},"excerpt":{"rendered":"<p>A\u00e7\u00e3o vai gerar economia de at\u00e9 70% aos cofres p\u00fablicos municipais A C\u00e2mara de Muria\u00e9 aprovou em sess\u00e3o extraordin\u00e1ria realizada na \u00faltima quinta-feira, dia 22, o Projeto de Lei que autoriza o munic\u00edpio a adquirir equipamentos para melhoria da ilumina\u00e7\u00e3o p\u00fablica do munic\u00edpio. De autoria do Executivo municipal, o PL 119\/2021 foi aprovado por unanimidade [&hellip;]<\/p>\n","protected":false},"author":6,"featured_media":0,"comment_status":"open","ping_status":"closed","sticky":false,"template":"","format":"standard","meta":{"_joinchat":[],"footnotes":""},"categories":[1],"tags":[],"class_list":["post-76250","post","type-post","status-publish","format-standard","hentry","category-sem-categoria"],"_links":{"self":[{"href":"https:\/\/folhadosudeste.com\/site\/index.php?rest_route=\/wp\/v2\/posts\/76250","targetHints":{"allow":["GET"]}}],"collection":[{"href":"https:\/\/folhadosudeste.com\/site\/index.php?rest_route=\/wp\/v2\/posts"}],"about":[{"href":"https:\/\/folhadosudeste.com\/site\/index.php?rest_route=\/wp\/v2\/types\/post"}],"author":[{"embeddable":true,"href":"https:\/\/folhadosudeste.com\/site\/index.php?rest_route=\/wp\/v2\/users\/6"}],"replies":[{"embeddable":true,"href":"https:\/\/folhadosudeste.com\/site\/index.php?rest_route=%2Fwp%2Fv2%2Fcomments&post=76250"}],"version-history":[{"count":1,"href":"https:\/\/folhadosudeste.com\/site\/index.php?rest_route=\/wp\/v2\/posts\/76250\/revisions"}],"predecessor-version":[{"id":76254,"href":"https:\/\/folhadosudeste.com\/site\/index.php?rest_route=\/wp\/v2\/posts\/76250\/revisions\/76254"}],"wp:attachment":[{"href":"https:\/\/folhadosudeste.com\/site\/index.php?rest_route=%2Fwp%2Fv2%2Fmedia&parent=76250"}],"wp:term":[{"taxonomy":"category","embeddable":true,"href":"https:\/\/folhadosudeste.com\/site\/index.php?rest_route=%2Fwp%2Fv2%2Fcategories&post=76250"},{"taxonomy":"post_tag","embeddable":true,"href":"https:\/\/folhadosudeste.com\/site\/index.php?rest_route=%2Fwp%2Fv2%2Ftags&post=76250"}],"curies":[{"name":"wp","href":"https:\/\/api.w.org\/{rel}","templated":true}]}}