{"id":76258,"date":"2021-07-28T16:50:51","date_gmt":"2021-07-28T16:50:51","guid":{"rendered":"http:\/\/folhadosudeste.com\/site\/?p=76258"},"modified":"2021-07-28T16:50:51","modified_gmt":"2021-07-28T16:50:51","slug":"almg-decreta-luto-pelas-50-mil-mortes-por-covid-19-em-minas","status":"publish","type":"post","link":"https:\/\/folhadosudeste.com\/site\/?p=76258","title":{"rendered":"ALMG decreta luto pelas 50 mil mortes por Covid-19 em Minas"},"content":{"rendered":"<p align=\"justify\"><a href=\"http:\/\/folhadosudeste.com\/site\/wp-content\/uploads\/2021\/07\/Design-sem-nome-25.jpg\"><img loading=\"lazy\" decoding=\"async\" class=\"alignnone size-full wp-image-76259\" src=\"http:\/\/folhadosudeste.com\/site\/wp-content\/uploads\/2021\/07\/Design-sem-nome-25.jpg\" alt=\"\" width=\"1080\" height=\"1080\" srcset=\"https:\/\/folhadosudeste.com\/site\/wp-content\/uploads\/2021\/07\/Design-sem-nome-25.jpg 1080w, https:\/\/folhadosudeste.com\/site\/wp-content\/uploads\/2021\/07\/Design-sem-nome-25-150x150.jpg 150w, https:\/\/folhadosudeste.com\/site\/wp-content\/uploads\/2021\/07\/Design-sem-nome-25-300x300.jpg 300w, https:\/\/folhadosudeste.com\/site\/wp-content\/uploads\/2021\/07\/Design-sem-nome-25-768x768.jpg 768w, https:\/\/folhadosudeste.com\/site\/wp-content\/uploads\/2021\/07\/Design-sem-nome-25-1024x1024.jpg 1024w\" sizes=\"auto, (max-width: 1080px) 100vw, 1080px\" \/><\/a><\/p>\n<p align=\"justify\"><em><strong>Em raz\u00e3o da medida, ficam vedadas comemora\u00e7\u00f5es de qualquer natureza no \u00e2mbito da Assembleia, durante tr\u00eas dias.<\/strong><\/em><\/p>\n<p align=\"justify\">O presidente da Assembleia Legislativa de Minas Gerais (ALMG), deputado Agostinho Patrus (PV), decretou&nbsp;<strong>luto oficial de tr\u00eas dias<\/strong>&nbsp;no \u00e2mbito do Parlamento Mineiro, em raz\u00e3o das mais de&nbsp;<strong>50 mil mortes provocadas pela Covid-19 em Minas<\/strong>&nbsp;Gerais. O decreto passa a vigorar a partir desta quarta-feira (28\/7\/21).<\/p>\n<p align=\"justify\">Durante o per\u00edodo de luto oficial, ficam proibidas comemora\u00e7\u00f5es de qualquer natureza na ALMG. As bandeiras de Minas Gerais e de Belo Horizonte ficar\u00e3o hasteadas a meio-mastro no Hall das Bandeiras da Assembleia, em mem\u00f3ria e respeito \u00e0s v\u00edtimas da doen\u00e7a.<\/p>\n<p align=\"justify\"><!--more--><\/p>\n<p align=\"justify\">\u201cMinas atingiu a terr\u00edvel marca de 50 mil vidas perdidas pela Covid-19. \u00c9 uma dor nunca antes imaginada. Minha solidariedade e meus sentimentos \u00e0s fam\u00edlias das v\u00edtimas. Estamos em luto, mas a luta pela vida do povo mineiro jamais cessar\u00e1\u201d, afirmou Agostinho Patrus.&nbsp;<\/p>\n<p align=\"justify\">\u201cA pandemia n\u00e3o acabou e precisamos manter as medidas de preven\u00e7\u00e3o. Cuidem-se mesmo que estejam vacinados e, se chegou a sua vez, n\u00e3o importa a marca: vacina boa \u00e9 aquela que est\u00e1 no bra\u00e7o e salva vidas\u201d, acrescentou o presidente da Assembleia Legislativa.<\/p>\n<p align=\"justify\">O Boletim Epidemiol\u00f3gico divulgado nesta quarta-feira pela Secretaria de Estado de Sa\u00fade registra 50.059 mortes por Covid-19 e 1.948.753 casos confirmados da doen\u00e7a.<\/p>\n","protected":false},"excerpt":{"rendered":"<p>Em raz\u00e3o da medida, ficam vedadas comemora\u00e7\u00f5es de qualquer natureza no \u00e2mbito da Assembleia, durante tr\u00eas dias. O presidente da Assembleia Legislativa de Minas Gerais (ALMG), deputado Agostinho Patrus (PV), decretou&nbsp;luto oficial de tr\u00eas dias&nbsp;no \u00e2mbito do Parlamento Mineiro, em raz\u00e3o das mais de&nbsp;50 mil mortes provocadas pela Covid-19 em Minas&nbsp;Gerais. O decreto passa a [&hellip;]<\/p>\n","protected":false},"author":6,"featured_media":0,"comment_status":"open","ping_status":"closed","sticky":false,"template":"","format":"standard","meta":{"_joinchat":[],"footnotes":""},"categories":[1],"tags":[],"class_list":["post-76258","post","type-post","status-publish","format-standard","hentry","category-sem-categoria"],"_links":{"self":[{"href":"https:\/\/folhadosudeste.com\/site\/index.php?rest_route=\/wp\/v2\/posts\/76258","targetHints":{"allow":["GET"]}}],"collection":[{"href":"https:\/\/folhadosudeste.com\/site\/index.php?rest_route=\/wp\/v2\/posts"}],"about":[{"href":"https:\/\/folhadosudeste.com\/site\/index.php?rest_route=\/wp\/v2\/types\/post"}],"author":[{"embeddable":true,"href":"https:\/\/folhadosudeste.com\/site\/index.php?rest_route=\/wp\/v2\/users\/6"}],"replies":[{"embeddable":true,"href":"https:\/\/folhadosudeste.com\/site\/index.php?rest_route=%2Fwp%2Fv2%2Fcomments&post=76258"}],"version-history":[{"count":1,"href":"https:\/\/folhadosudeste.com\/site\/index.php?rest_route=\/wp\/v2\/posts\/76258\/revisions"}],"predecessor-version":[{"id":76260,"href":"https:\/\/folhadosudeste.com\/site\/index.php?rest_route=\/wp\/v2\/posts\/76258\/revisions\/76260"}],"wp:attachment":[{"href":"https:\/\/folhadosudeste.com\/site\/index.php?rest_route=%2Fwp%2Fv2%2Fmedia&parent=76258"}],"wp:term":[{"taxonomy":"category","embeddable":true,"href":"https:\/\/folhadosudeste.com\/site\/index.php?rest_route=%2Fwp%2Fv2%2Fcategories&post=76258"},{"taxonomy":"post_tag","embeddable":true,"href":"https:\/\/folhadosudeste.com\/site\/index.php?rest_route=%2Fwp%2Fv2%2Ftags&post=76258"}],"curies":[{"name":"wp","href":"https:\/\/api.w.org\/{rel}","templated":true}]}}