{"id":76291,"date":"2021-07-28T20:45:23","date_gmt":"2021-07-28T20:45:23","guid":{"rendered":"http:\/\/folhadosudeste.com\/site\/?p=76291"},"modified":"2021-07-28T20:45:23","modified_gmt":"2021-07-28T20:45:23","slug":"julho-termina-com-frio-intenso-em-muriae","status":"publish","type":"post","link":"https:\/\/folhadosudeste.com\/site\/?p=76291","title":{"rendered":"JULHO TERMINA COM FRIO INTENSO EM MURIA\u00c9"},"content":{"rendered":"<p style=\"text-align: justify;\"><a href=\"http:\/\/folhadosudeste.com\/site\/wp-content\/uploads\/2021\/07\/WhatsApp-Image-2021-07-28-at-17.40.28.jpeg\"><img loading=\"lazy\" decoding=\"async\" class=\"alignnone size-full wp-image-76292\" src=\"http:\/\/folhadosudeste.com\/site\/wp-content\/uploads\/2021\/07\/WhatsApp-Image-2021-07-28-at-17.40.28.jpeg\" alt=\"\" width=\"1242\" height=\"916\" srcset=\"https:\/\/folhadosudeste.com\/site\/wp-content\/uploads\/2021\/07\/WhatsApp-Image-2021-07-28-at-17.40.28.jpeg 1242w, https:\/\/folhadosudeste.com\/site\/wp-content\/uploads\/2021\/07\/WhatsApp-Image-2021-07-28-at-17.40.28-300x221.jpeg 300w, https:\/\/folhadosudeste.com\/site\/wp-content\/uploads\/2021\/07\/WhatsApp-Image-2021-07-28-at-17.40.28-768x566.jpeg 768w, https:\/\/folhadosudeste.com\/site\/wp-content\/uploads\/2021\/07\/WhatsApp-Image-2021-07-28-at-17.40.28-1024x755.jpeg 1024w\" sizes=\"auto, (max-width: 1242px) 100vw, 1242px\" \/><\/a><\/p>\n<p style=\"text-align: justify;\">De acordo com os principais institutos de meteorologia e climatologia do pa\u00eds, uma grande e forte frente fria, associada a uma massa de ar frio de origem polar muito forte (possivelmente a mais forte do ano at\u00e9 o momento) ir\u00e3o ocasionar quedas bruscas na temperatura em nossa regi\u00e3o.<br \/>\nDurante os dias 28 (quarta) e 29 (quinta), a frente fria avan\u00e7a pelo sudeste podendo, em \u00e1reas isoladas, ocorrer pequenas precipita\u00e7\u00f5es.<\/p>\n<p style=\"text-align: justify;\"><!--more--><br \/>\nPor\u00e9m, ser\u00e1 a sensa\u00e7\u00e3o t\u00e9rmica a mais sentida pela popula\u00e7\u00e3o, principalmente entre os dias 29 (quinta), 30 (sexta) e 31 (s\u00e1bado) de julho, com temperaturas de min\u00edmia podendo atingir at\u00e9 8\u00b0C em nossa regi\u00e3o.<br \/>\nA sequ\u00eancia de dias gelados poder\u00e1 causar, direta e indiretamente, riscos as pessoas em situa\u00e7\u00e3o de vulnerabilidade, principalmente a moradores de rua, pessoas idosas e crian\u00e7as.<\/p>\n<p style=\"text-align: justify;\">Fonte: PMM<\/p>\n","protected":false},"excerpt":{"rendered":"<p>De acordo com os principais institutos de meteorologia e climatologia do pa\u00eds, uma grande e forte frente fria, associada a uma massa de ar frio de origem polar muito forte (possivelmente a mais forte do ano at\u00e9 o momento) ir\u00e3o ocasionar quedas bruscas na temperatura em nossa regi\u00e3o. Durante os dias 28 (quarta) e 29 [&hellip;]<\/p>\n","protected":false},"author":6,"featured_media":0,"comment_status":"open","ping_status":"closed","sticky":false,"template":"","format":"standard","meta":{"_joinchat":[],"footnotes":""},"categories":[1],"tags":[],"class_list":["post-76291","post","type-post","status-publish","format-standard","hentry","category-sem-categoria"],"_links":{"self":[{"href":"https:\/\/folhadosudeste.com\/site\/index.php?rest_route=\/wp\/v2\/posts\/76291","targetHints":{"allow":["GET"]}}],"collection":[{"href":"https:\/\/folhadosudeste.com\/site\/index.php?rest_route=\/wp\/v2\/posts"}],"about":[{"href":"https:\/\/folhadosudeste.com\/site\/index.php?rest_route=\/wp\/v2\/types\/post"}],"author":[{"embeddable":true,"href":"https:\/\/folhadosudeste.com\/site\/index.php?rest_route=\/wp\/v2\/users\/6"}],"replies":[{"embeddable":true,"href":"https:\/\/folhadosudeste.com\/site\/index.php?rest_route=%2Fwp%2Fv2%2Fcomments&post=76291"}],"version-history":[{"count":1,"href":"https:\/\/folhadosudeste.com\/site\/index.php?rest_route=\/wp\/v2\/posts\/76291\/revisions"}],"predecessor-version":[{"id":76293,"href":"https:\/\/folhadosudeste.com\/site\/index.php?rest_route=\/wp\/v2\/posts\/76291\/revisions\/76293"}],"wp:attachment":[{"href":"https:\/\/folhadosudeste.com\/site\/index.php?rest_route=%2Fwp%2Fv2%2Fmedia&parent=76291"}],"wp:term":[{"taxonomy":"category","embeddable":true,"href":"https:\/\/folhadosudeste.com\/site\/index.php?rest_route=%2Fwp%2Fv2%2Fcategories&post=76291"},{"taxonomy":"post_tag","embeddable":true,"href":"https:\/\/folhadosudeste.com\/site\/index.php?rest_route=%2Fwp%2Fv2%2Ftags&post=76291"}],"curies":[{"name":"wp","href":"https:\/\/api.w.org\/{rel}","templated":true}]}}