{"id":76294,"date":"2021-07-29T00:48:09","date_gmt":"2021-07-29T00:48:09","guid":{"rendered":"http:\/\/folhadosudeste.com\/site\/?p=76294"},"modified":"2021-07-29T00:48:09","modified_gmt":"2021-07-29T00:48:09","slug":"carreta-cegonha-cai-em-ribanceira-e-mata-motorista-na-serra-da-vileta-em-leopoldina","status":"publish","type":"post","link":"https:\/\/folhadosudeste.com\/site\/?p=76294","title":{"rendered":"Carreta cegonha cai em ribanceira e mata motorista na Serra da Vileta em Leopoldina"},"content":{"rendered":"<p><a href=\"http:\/\/folhadosudeste.com\/site\/wp-content\/uploads\/2021\/07\/Design-sem-nome-35.jpg\"><img loading=\"lazy\" decoding=\"async\" class=\"alignnone size-full wp-image-76295\" src=\"http:\/\/folhadosudeste.com\/site\/wp-content\/uploads\/2021\/07\/Design-sem-nome-35.jpg\" alt=\"\" width=\"1080\" height=\"1080\" srcset=\"https:\/\/folhadosudeste.com\/site\/wp-content\/uploads\/2021\/07\/Design-sem-nome-35.jpg 1080w, https:\/\/folhadosudeste.com\/site\/wp-content\/uploads\/2021\/07\/Design-sem-nome-35-150x150.jpg 150w, https:\/\/folhadosudeste.com\/site\/wp-content\/uploads\/2021\/07\/Design-sem-nome-35-300x300.jpg 300w, https:\/\/folhadosudeste.com\/site\/wp-content\/uploads\/2021\/07\/Design-sem-nome-35-768x768.jpg 768w, https:\/\/folhadosudeste.com\/site\/wp-content\/uploads\/2021\/07\/Design-sem-nome-35-1024x1024.jpg 1024w\" sizes=\"auto, (max-width: 1080px) 100vw, 1080px\" \/><\/a><\/p>\n<p style=\"text-align: justify;\"><strong><em>Acidente ocorreu no in\u00edcio da tarde desta quarta-feira (28).<\/em><\/strong><\/p>\n<p style=\"text-align: justify;\">Um motorista de carreta morreu no in\u00edcio da tarde desta quarta-feira, 28 de julho, na BR-116 em Leopoldina.<\/p>\n<p style=\"text-align: justify;\">Ele conduzia uma Scania R450 carregada com aproximadamente 10 ve\u00edculos quando o conjunto saiu da pista e caiu em uma ribanceira na altura do Km 774 na Serra da Vileta.<\/p>\n<p style=\"text-align: justify;\">Conforme as informa\u00e7\u00f5es apuradas pelo jornal O Vigilante Online, o motorista, natural de Jacare\u00ed, S\u00e3o Paulo, ficou preso \u00e0s ferragens e n\u00e3o resistiu aos ferimentos. O Corpo de Bombeiros de Leopoldina foi acionado e atrav\u00e9s dos militares Sargento Peixoto, Sargento Fabrini, Soldado Pereira, Soldado Pedro Augusto e Soldado realizaram a retirada do corpo da v\u00edtima. Toda a a\u00e7\u00e3o foi supervisionada pessoalmente pelo comandante do 7\u00ba Pelot\u00e3o BM de Leopoldina, Tenente Guilherme Cantelle.<\/p>\n<p style=\"text-align: justify;\"><!--more--><\/p>\n<p style=\"text-align: justify;\">A Pol\u00edcia Rodovi\u00e1ria Federal e a Per\u00edcia T\u00e9cnica da Pol\u00edcia Civil foram para o local para apurar as causas do acidente. Ap\u00f3s os trabalhos de praxe o corpo do caminhoneiro foi encaminhado ao Instituto M\u00e9dico Legal (IML) de Leopoldina.<\/p>\n<p style=\"text-align: justify;\">Alguns ve\u00edculos que eram transportados na carreta cegonha foram danificados com o impacto do acidente, entre eles viaturas da PRF.<\/p>\n<p style=\"text-align: justify;\">O tr\u00e2nsito no local n\u00e3o precisou ser interditado devido ao fato da carreta ter ca\u00eddo fora da pista.<\/p>\n<p><a href=\"http:\/\/folhadosudeste.com\/site\/wp-content\/uploads\/2021\/07\/Design-sem-nome-34.jpg\"><img loading=\"lazy\" decoding=\"async\" class=\"alignnone size-full wp-image-76296\" src=\"http:\/\/folhadosudeste.com\/site\/wp-content\/uploads\/2021\/07\/Design-sem-nome-34.jpg\" alt=\"\" width=\"1080\" height=\"1080\" srcset=\"https:\/\/folhadosudeste.com\/site\/wp-content\/uploads\/2021\/07\/Design-sem-nome-34.jpg 1080w, https:\/\/folhadosudeste.com\/site\/wp-content\/uploads\/2021\/07\/Design-sem-nome-34-150x150.jpg 150w, https:\/\/folhadosudeste.com\/site\/wp-content\/uploads\/2021\/07\/Design-sem-nome-34-300x300.jpg 300w, https:\/\/folhadosudeste.com\/site\/wp-content\/uploads\/2021\/07\/Design-sem-nome-34-768x768.jpg 768w, https:\/\/folhadosudeste.com\/site\/wp-content\/uploads\/2021\/07\/Design-sem-nome-34-1024x1024.jpg 1024w\" sizes=\"auto, (max-width: 1080px) 100vw, 1080px\" \/><\/a> <a href=\"http:\/\/folhadosudeste.com\/site\/wp-content\/uploads\/2021\/07\/Design-sem-nome-33.jpg\"><img loading=\"lazy\" decoding=\"async\" class=\"alignnone size-full wp-image-76297\" src=\"http:\/\/folhadosudeste.com\/site\/wp-content\/uploads\/2021\/07\/Design-sem-nome-33.jpg\" alt=\"\" width=\"1080\" height=\"1080\" srcset=\"https:\/\/folhadosudeste.com\/site\/wp-content\/uploads\/2021\/07\/Design-sem-nome-33.jpg 1080w, https:\/\/folhadosudeste.com\/site\/wp-content\/uploads\/2021\/07\/Design-sem-nome-33-150x150.jpg 150w, https:\/\/folhadosudeste.com\/site\/wp-content\/uploads\/2021\/07\/Design-sem-nome-33-300x300.jpg 300w, https:\/\/folhadosudeste.com\/site\/wp-content\/uploads\/2021\/07\/Design-sem-nome-33-768x768.jpg 768w, https:\/\/folhadosudeste.com\/site\/wp-content\/uploads\/2021\/07\/Design-sem-nome-33-1024x1024.jpg 1024w\" sizes=\"auto, (max-width: 1080px) 100vw, 1080px\" \/><\/a> <a href=\"http:\/\/folhadosudeste.com\/site\/wp-content\/uploads\/2021\/07\/Design-sem-nome-36.jpg\"><img loading=\"lazy\" decoding=\"async\" class=\"alignnone size-full wp-image-76298\" src=\"http:\/\/folhadosudeste.com\/site\/wp-content\/uploads\/2021\/07\/Design-sem-nome-36.jpg\" alt=\"\" width=\"1080\" height=\"1080\" srcset=\"https:\/\/folhadosudeste.com\/site\/wp-content\/uploads\/2021\/07\/Design-sem-nome-36.jpg 1080w, https:\/\/folhadosudeste.com\/site\/wp-content\/uploads\/2021\/07\/Design-sem-nome-36-150x150.jpg 150w, https:\/\/folhadosudeste.com\/site\/wp-content\/uploads\/2021\/07\/Design-sem-nome-36-300x300.jpg 300w, https:\/\/folhadosudeste.com\/site\/wp-content\/uploads\/2021\/07\/Design-sem-nome-36-768x768.jpg 768w, https:\/\/folhadosudeste.com\/site\/wp-content\/uploads\/2021\/07\/Design-sem-nome-36-1024x1024.jpg 1024w\" sizes=\"auto, (max-width: 1080px) 100vw, 1080px\" \/><\/a><\/p>\n<p>Fonte texto e fotos: O Vigilante Online<\/p>\n","protected":false},"excerpt":{"rendered":"<p>Acidente ocorreu no in\u00edcio da tarde desta quarta-feira (28). Um motorista de carreta morreu no in\u00edcio da tarde desta quarta-feira, 28 de julho, na BR-116 em Leopoldina. Ele conduzia uma Scania R450 carregada com aproximadamente 10 ve\u00edculos quando o conjunto saiu da pista e caiu em uma ribanceira na altura do Km 774 na Serra [&hellip;]<\/p>\n","protected":false},"author":6,"featured_media":0,"comment_status":"open","ping_status":"closed","sticky":false,"template":"","format":"standard","meta":{"_joinchat":[],"footnotes":""},"categories":[1],"tags":[],"class_list":["post-76294","post","type-post","status-publish","format-standard","hentry","category-sem-categoria"],"_links":{"self":[{"href":"https:\/\/folhadosudeste.com\/site\/index.php?rest_route=\/wp\/v2\/posts\/76294","targetHints":{"allow":["GET"]}}],"collection":[{"href":"https:\/\/folhadosudeste.com\/site\/index.php?rest_route=\/wp\/v2\/posts"}],"about":[{"href":"https:\/\/folhadosudeste.com\/site\/index.php?rest_route=\/wp\/v2\/types\/post"}],"author":[{"embeddable":true,"href":"https:\/\/folhadosudeste.com\/site\/index.php?rest_route=\/wp\/v2\/users\/6"}],"replies":[{"embeddable":true,"href":"https:\/\/folhadosudeste.com\/site\/index.php?rest_route=%2Fwp%2Fv2%2Fcomments&post=76294"}],"version-history":[{"count":1,"href":"https:\/\/folhadosudeste.com\/site\/index.php?rest_route=\/wp\/v2\/posts\/76294\/revisions"}],"predecessor-version":[{"id":76299,"href":"https:\/\/folhadosudeste.com\/site\/index.php?rest_route=\/wp\/v2\/posts\/76294\/revisions\/76299"}],"wp:attachment":[{"href":"https:\/\/folhadosudeste.com\/site\/index.php?rest_route=%2Fwp%2Fv2%2Fmedia&parent=76294"}],"wp:term":[{"taxonomy":"category","embeddable":true,"href":"https:\/\/folhadosudeste.com\/site\/index.php?rest_route=%2Fwp%2Fv2%2Fcategories&post=76294"},{"taxonomy":"post_tag","embeddable":true,"href":"https:\/\/folhadosudeste.com\/site\/index.php?rest_route=%2Fwp%2Fv2%2Ftags&post=76294"}],"curies":[{"name":"wp","href":"https:\/\/api.w.org\/{rel}","templated":true}]}}