{"id":76305,"date":"2021-07-29T11:49:04","date_gmt":"2021-07-29T11:49:04","guid":{"rendered":"http:\/\/folhadosudeste.com\/site\/?p=76305"},"modified":"2021-07-29T11:49:04","modified_gmt":"2021-07-29T11:49:04","slug":"rayssa-leal-a-fadinha-fatura-prata-no-skate-street-em-toquio-2020","status":"publish","type":"post","link":"https:\/\/folhadosudeste.com\/site\/?p=76305","title":{"rendered":"Rayssa Leal, a Fadinha, fatura prata no skate street em T\u00f3quio 2020"},"content":{"rendered":"<h5><a href=\"http:\/\/folhadosudeste.com\/site\/wp-content\/uploads\/2021\/07\/rayssa_leal_skate_toquio_0.jpg\"><img loading=\"lazy\" decoding=\"async\" class=\"alignnone size-full wp-image-76307\" src=\"http:\/\/folhadosudeste.com\/site\/wp-content\/uploads\/2021\/07\/rayssa_leal_skate_toquio_0.jpg\" alt=\"\" width=\"1170\" height=\"700\" srcset=\"https:\/\/folhadosudeste.com\/site\/wp-content\/uploads\/2021\/07\/rayssa_leal_skate_toquio_0.jpg 1170w, https:\/\/folhadosudeste.com\/site\/wp-content\/uploads\/2021\/07\/rayssa_leal_skate_toquio_0-300x179.jpg 300w, https:\/\/folhadosudeste.com\/site\/wp-content\/uploads\/2021\/07\/rayssa_leal_skate_toquio_0-768x459.jpg 768w, https:\/\/folhadosudeste.com\/site\/wp-content\/uploads\/2021\/07\/rayssa_leal_skate_toquio_0-1024x613.jpg 1024w\" sizes=\"auto, (max-width: 1170px) 100vw, 1170px\" \/><\/a><\/h5>\n<h5 style=\"text-align: justify;\">Atleta \u00e9 a mais jovem na hist\u00f3ria a conquistar uma medalha para o pa\u00eds<\/h5>\n<p style=\"text-align: justify;\">maranhense Rayssa Leal, a Fadinha, de 13 anos, conquistou a prata na madrugada desta segunda-feira (26) no skate&nbsp;<em>street<\/em>&nbsp;na Olimp\u00edada de T\u00f3quio (Jap\u00e3o), se tornando a medalhista mais jovem do pa\u00eds&nbsp;na hist\u00f3ria da participa\u00e7\u00e3o brasileira nos Jogos. Natural de Imperatriz (MA), a atleta marcou 14,64 na somat\u00f3ria, e s\u00f3 foi superada pela dona da casa Nishiya Momiji (15.26), tamb\u00e9m de 13 anos. Outra japonesa, Funa Nakayama, de 16 anos, levou o bronze (14.49). As disputas ocorreram no Parque de Esportes Urbano de Ariake.<\/p>\n<p style=\"text-align: justify;\">Fadinha encantou nas manobras e na descontra\u00e7\u00e3o: sorridente ele chegou a dan\u00e7ar algumas vezes, sem se deixar abater pela press\u00e3o da decis\u00e3o por medalha. Estrat\u00e9gia que lhe garantiu a prata, a segunda do Brasil no skate&nbsp;<em>street<\/em>&nbsp;\u2013 no s\u00e1bado (25) Kelvin Hofler conquistou a primeira.<\/p>\n<p style=\"text-align: justify;\"><!--more--><\/p>\n<p style=\"text-align: justify;\">\u201c Eu estou muito feliz, esse dia vai ser marcado na hist\u00f3ria. Eu tento ao m\u00e1ximo me divertir porque eu tenho certeza de se divertindo as coisas fluem, deixa acontecer naturalmente, se divertindo\u201d, disse a skatista ao site do Comit\u00ea Ol\u00edmpico do Brasil (COB).<\/p>\n<p style=\"text-align: justify;\">Sensa\u00e7\u00e3o nos Jogos de T\u00f3quio, Fadinha chegou nos \u00faltimos dias a mais de dois milh\u00f5es de seguidores nas redes sociais. Agora medalhista ol\u00edmpica, ela acredita que poder\u00e1 influenciar mais meninas a praticarem a modalidade.&nbsp;<\/p>\n<p style=\"text-align: justify;\">\u201cSaber que muitas meninas j\u00e1 me mandaram mensagem no Instagram falando que come\u00e7aram a andar de skate ou os pais deixaram andar de skate por causa de um v\u00eddeo meu, eu fico muito feliz porque foi a mesma coisa comigo. Minha hist\u00f3ria e a hist\u00f3ria de muitas outras skatistas que quebraram todo esse preconceito, toda essa barreira de que o skate era s\u00f3 para menino, para homem, e saber que estou aqui e posso segurar uma medalha ol\u00edmpica, \u00e9 muito importante para mim\u201d, concluiu.<\/p>\n<h2 style=\"text-align: justify;\">Ficaram pelo caminho<\/h2>\n<p style=\"text-align: justify;\">Outras duas brasileiras competiram na primeira fase, mas n\u00e3o se classificaram entre as oitos primeiras colocadas que avan\u00e7aram \u00e0 final. P\u00e2mela Rosa, l\u00edder do ranking mundial no street, foi a primeira brasileira a se apresentar, na terceira bateria. A atleta ficou em d\u00e9cimo lugar, com total de 10.06 pontos. Momentos depois da disputa, P\u00e2mela postou em rede social uma foto do tornozelo esquerdo, muito inchado e com hematomas. A atleta explicou que sofreu uma les\u00e3o na reta final da prepara\u00e7\u00e3o e agradeceu o apoio da torcida brasileira. &nbsp;<\/p>\n<p style=\"text-align: justify;\">J\u00e1 a experiente Let\u00edcia Bufoni, n\u00famero 4 do ranking, se apresentou com Rayssa Leal na quarta e \u00faltima bateria, mas tamb\u00e9m n\u00e3o conseguiu nota suficiente para ir \u00e0 final: totalizou 10.91 pontos, ficando em nono lugar.<\/p>\n<p><a href=\"http:\/\/folhadosudeste.com\/site\/wp-content\/uploads\/2021\/07\/E7Mh2BgWUAMrDQM.jpg\"><img loading=\"lazy\" decoding=\"async\" class=\"alignnone size-full wp-image-76308\" src=\"http:\/\/folhadosudeste.com\/site\/wp-content\/uploads\/2021\/07\/E7Mh2BgWUAMrDQM.jpg\" alt=\"\" width=\"680\" height=\"453\" srcset=\"https:\/\/folhadosudeste.com\/site\/wp-content\/uploads\/2021\/07\/E7Mh2BgWUAMrDQM.jpg 680w, https:\/\/folhadosudeste.com\/site\/wp-content\/uploads\/2021\/07\/E7Mh2BgWUAMrDQM-300x200.jpg 300w, https:\/\/folhadosudeste.com\/site\/wp-content\/uploads\/2021\/07\/E7Mh2BgWUAMrDQM-120x80.jpg 120w, https:\/\/folhadosudeste.com\/site\/wp-content\/uploads\/2021\/07\/E7Mh2BgWUAMrDQM-345x230.jpg 345w\" sizes=\"auto, (max-width: 680px) 100vw, 680px\" \/><\/a> <a href=\"http:\/\/folhadosudeste.com\/site\/wp-content\/uploads\/2021\/07\/E7MQzqnXoAEtgPJ.jpg\"><img loading=\"lazy\" decoding=\"async\" class=\"alignnone size-full wp-image-76309\" src=\"http:\/\/folhadosudeste.com\/site\/wp-content\/uploads\/2021\/07\/E7MQzqnXoAEtgPJ.jpg\" alt=\"\" width=\"680\" height=\"680\" srcset=\"https:\/\/folhadosudeste.com\/site\/wp-content\/uploads\/2021\/07\/E7MQzqnXoAEtgPJ.jpg 680w, https:\/\/folhadosudeste.com\/site\/wp-content\/uploads\/2021\/07\/E7MQzqnXoAEtgPJ-150x150.jpg 150w, https:\/\/folhadosudeste.com\/site\/wp-content\/uploads\/2021\/07\/E7MQzqnXoAEtgPJ-300x300.jpg 300w\" sizes=\"auto, (max-width: 680px) 100vw, 680px\" \/><\/a><\/p>\n<p>Fonte: Fronteira da paz<\/p>\n","protected":false},"excerpt":{"rendered":"<p>Atleta \u00e9 a mais jovem na hist\u00f3ria a conquistar uma medalha para o pa\u00eds maranhense Rayssa Leal, a Fadinha, de 13 anos, conquistou a prata na madrugada desta segunda-feira (26) no skate&nbsp;street&nbsp;na Olimp\u00edada de T\u00f3quio (Jap\u00e3o), se tornando a medalhista mais jovem do pa\u00eds&nbsp;na hist\u00f3ria da participa\u00e7\u00e3o brasileira nos Jogos. Natural de Imperatriz (MA), a [&hellip;]<\/p>\n","protected":false},"author":6,"featured_media":0,"comment_status":"open","ping_status":"closed","sticky":false,"template":"","format":"standard","meta":{"_joinchat":[],"footnotes":""},"categories":[1],"tags":[],"class_list":["post-76305","post","type-post","status-publish","format-standard","hentry","category-sem-categoria"],"_links":{"self":[{"href":"https:\/\/folhadosudeste.com\/site\/index.php?rest_route=\/wp\/v2\/posts\/76305","targetHints":{"allow":["GET"]}}],"collection":[{"href":"https:\/\/folhadosudeste.com\/site\/index.php?rest_route=\/wp\/v2\/posts"}],"about":[{"href":"https:\/\/folhadosudeste.com\/site\/index.php?rest_route=\/wp\/v2\/types\/post"}],"author":[{"embeddable":true,"href":"https:\/\/folhadosudeste.com\/site\/index.php?rest_route=\/wp\/v2\/users\/6"}],"replies":[{"embeddable":true,"href":"https:\/\/folhadosudeste.com\/site\/index.php?rest_route=%2Fwp%2Fv2%2Fcomments&post=76305"}],"version-history":[{"count":1,"href":"https:\/\/folhadosudeste.com\/site\/index.php?rest_route=\/wp\/v2\/posts\/76305\/revisions"}],"predecessor-version":[{"id":76310,"href":"https:\/\/folhadosudeste.com\/site\/index.php?rest_route=\/wp\/v2\/posts\/76305\/revisions\/76310"}],"wp:attachment":[{"href":"https:\/\/folhadosudeste.com\/site\/index.php?rest_route=%2Fwp%2Fv2%2Fmedia&parent=76305"}],"wp:term":[{"taxonomy":"category","embeddable":true,"href":"https:\/\/folhadosudeste.com\/site\/index.php?rest_route=%2Fwp%2Fv2%2Fcategories&post=76305"},{"taxonomy":"post_tag","embeddable":true,"href":"https:\/\/folhadosudeste.com\/site\/index.php?rest_route=%2Fwp%2Fv2%2Ftags&post=76305"}],"curies":[{"name":"wp","href":"https:\/\/api.w.org\/{rel}","templated":true}]}}