{"id":76316,"date":"2021-07-29T19:53:06","date_gmt":"2021-07-29T19:53:06","guid":{"rendered":"http:\/\/folhadosudeste.com\/site\/?p=76316"},"modified":"2021-07-29T19:53:06","modified_gmt":"2021-07-29T19:53:06","slug":"muriae-esta-nos-planos-da-fmv-para-integrar-circuito-estadual-de-volei","status":"publish","type":"post","link":"https:\/\/folhadosudeste.com\/site\/?p=76316","title":{"rendered":"Muria\u00e9 est\u00e1 nos planos da FMV para integrar circuito estadual de v\u00f4lei"},"content":{"rendered":"<div style=\"text-align: justify;\"><a href=\"http:\/\/folhadosudeste.com\/site\/wp-content\/uploads\/2021\/07\/IMG_2704.jpg\"><img loading=\"lazy\" decoding=\"async\" class=\"alignnone size-full wp-image-76317\" src=\"http:\/\/folhadosudeste.com\/site\/wp-content\/uploads\/2021\/07\/IMG_2704.jpg\" alt=\"\" width=\"2048\" height=\"1365\" srcset=\"https:\/\/folhadosudeste.com\/site\/wp-content\/uploads\/2021\/07\/IMG_2704.jpg 2048w, https:\/\/folhadosudeste.com\/site\/wp-content\/uploads\/2021\/07\/IMG_2704-300x200.jpg 300w, https:\/\/folhadosudeste.com\/site\/wp-content\/uploads\/2021\/07\/IMG_2704-768x512.jpg 768w, https:\/\/folhadosudeste.com\/site\/wp-content\/uploads\/2021\/07\/IMG_2704-1024x683.jpg 1024w, https:\/\/folhadosudeste.com\/site\/wp-content\/uploads\/2021\/07\/IMG_2704-120x80.jpg 120w, https:\/\/folhadosudeste.com\/site\/wp-content\/uploads\/2021\/07\/IMG_2704-345x230.jpg 345w\" sizes=\"auto, (max-width: 2048px) 100vw, 2048px\" \/><\/a><\/div>\n<div style=\"text-align: justify;\">O prefeito Jos\u00e9 Braz recebeu nesta manh\u00e3 de quinta-feira, 29 de julho, no Centro Administrativo, o presidente da Federa\u00e7\u00e3o Mineira de Voleibol (FMV), Tom\u00e1s Perdig\u00e3o Mendes.<\/div>\n<div style=\"text-align: justify;\">&nbsp;<\/div>\n<div style=\"text-align: justify;\">O objetivo da visita foi apresentar ao prefeito o trabalho que a Federa\u00e7\u00e3o Mineira de V\u00f4lei pretende fazer na Zona da Mata, incluindo Muria\u00e9 como uma das principais sedes e fomentadoras do esporte na regi\u00e3o.<\/div>\n<div style=\"text-align: justify;\">&nbsp;<\/div>\n<div style=\"text-align: justify;\">Perdig\u00e3o vem percorrendo as regionais da FMV para conhecer a estrutura das cidades e o trabalho que vem sendo desenvolvido. Quando a pandemia diminuir e a reabertura do pa\u00eds ocorrer, ser\u00e3o elaborados calend\u00e1rios para retomada das atividades.<\/div>\n<p style=\"text-align: justify;\"><!--more--><\/p>\n<div style=\"text-align: justify;\">Desta maneira, a Federa\u00e7\u00e3o pretende criar torneios e descobrir novos talentos no esporte.<\/div>\n<div style=\"text-align: justify;\">&nbsp;<\/div>\n<div style=\"text-align: justify;\">\u201cMuria\u00e9 vem recuperando quadras poliesportivas, renovando seus espa\u00e7os p\u00fablicos e tem uma \u00f3tima estrutura. Poderemos sediar na cidade torneios, fazer com que turistas venham acompanhar os jogos e contribuir na movimenta\u00e7\u00e3o esportiva e recupera\u00e7\u00e3o das cidades com estas atividades. Jogos nacionais e estaduais poder\u00e3o ser realizados aqui\u201d, disse o presidente.<\/div>\n<div style=\"text-align: justify;\">&nbsp;<\/div>\n<div style=\"text-align: justify;\">A visita teve tamb\u00e9m a participa\u00e7\u00e3o do coordenador t\u00e9cnico da FMV, Robson Roberto de Sousa Fonseca, e pelo assessor da Regional Zona da Mata, Roberto dos Santos Elias.<\/div>\n<div style=\"text-align: justify;\">&nbsp;A diretora da Fundarte, Gilca Napier, a exemplo do coordenador de Esportes e da chefe de Fomento, Ana Tereza Oliveira, tamb\u00e9m participaram do encontro com o prefeito Jos\u00e9 Braz.<\/div>\n<div>&nbsp;<\/div>\n<div><a href=\"http:\/\/folhadosudeste.com\/site\/wp-content\/uploads\/2021\/07\/IMG_2677.jpg\"><img loading=\"lazy\" decoding=\"async\" class=\"alignnone size-full wp-image-76318\" src=\"http:\/\/folhadosudeste.com\/site\/wp-content\/uploads\/2021\/07\/IMG_2677.jpg\" alt=\"\" width=\"2048\" height=\"1366\" srcset=\"https:\/\/folhadosudeste.com\/site\/wp-content\/uploads\/2021\/07\/IMG_2677.jpg 2048w, https:\/\/folhadosudeste.com\/site\/wp-content\/uploads\/2021\/07\/IMG_2677-300x200.jpg 300w, https:\/\/folhadosudeste.com\/site\/wp-content\/uploads\/2021\/07\/IMG_2677-768x512.jpg 768w, https:\/\/folhadosudeste.com\/site\/wp-content\/uploads\/2021\/07\/IMG_2677-1024x683.jpg 1024w, https:\/\/folhadosudeste.com\/site\/wp-content\/uploads\/2021\/07\/IMG_2677-120x80.jpg 120w, https:\/\/folhadosudeste.com\/site\/wp-content\/uploads\/2021\/07\/IMG_2677-345x230.jpg 345w\" sizes=\"auto, (max-width: 2048px) 100vw, 2048px\" \/><\/a> <a href=\"http:\/\/folhadosudeste.com\/site\/wp-content\/uploads\/2021\/07\/IMG_2589.jpg\"><img loading=\"lazy\" decoding=\"async\" class=\"alignnone size-full wp-image-76319\" src=\"http:\/\/folhadosudeste.com\/site\/wp-content\/uploads\/2021\/07\/IMG_2589.jpg\" alt=\"\" width=\"2048\" height=\"1365\" srcset=\"https:\/\/folhadosudeste.com\/site\/wp-content\/uploads\/2021\/07\/IMG_2589.jpg 2048w, https:\/\/folhadosudeste.com\/site\/wp-content\/uploads\/2021\/07\/IMG_2589-300x200.jpg 300w, https:\/\/folhadosudeste.com\/site\/wp-content\/uploads\/2021\/07\/IMG_2589-768x512.jpg 768w, https:\/\/folhadosudeste.com\/site\/wp-content\/uploads\/2021\/07\/IMG_2589-1024x683.jpg 1024w, https:\/\/folhadosudeste.com\/site\/wp-content\/uploads\/2021\/07\/IMG_2589-120x80.jpg 120w, https:\/\/folhadosudeste.com\/site\/wp-content\/uploads\/2021\/07\/IMG_2589-345x230.jpg 345w\" sizes=\"auto, (max-width: 2048px) 100vw, 2048px\" \/><\/a><\/div>\n","protected":false},"excerpt":{"rendered":"<p>O prefeito Jos\u00e9 Braz recebeu nesta manh\u00e3 de quinta-feira, 29 de julho, no Centro Administrativo, o presidente da Federa\u00e7\u00e3o Mineira de Voleibol (FMV), Tom\u00e1s Perdig\u00e3o Mendes. &nbsp; O objetivo da visita foi apresentar ao prefeito o trabalho que a Federa\u00e7\u00e3o Mineira de V\u00f4lei pretende fazer na Zona da Mata, incluindo Muria\u00e9 como uma das principais [&hellip;]<\/p>\n","protected":false},"author":6,"featured_media":0,"comment_status":"open","ping_status":"closed","sticky":false,"template":"","format":"standard","meta":{"_joinchat":[],"footnotes":""},"categories":[1],"tags":[],"class_list":["post-76316","post","type-post","status-publish","format-standard","hentry","category-sem-categoria"],"_links":{"self":[{"href":"https:\/\/folhadosudeste.com\/site\/index.php?rest_route=\/wp\/v2\/posts\/76316","targetHints":{"allow":["GET"]}}],"collection":[{"href":"https:\/\/folhadosudeste.com\/site\/index.php?rest_route=\/wp\/v2\/posts"}],"about":[{"href":"https:\/\/folhadosudeste.com\/site\/index.php?rest_route=\/wp\/v2\/types\/post"}],"author":[{"embeddable":true,"href":"https:\/\/folhadosudeste.com\/site\/index.php?rest_route=\/wp\/v2\/users\/6"}],"replies":[{"embeddable":true,"href":"https:\/\/folhadosudeste.com\/site\/index.php?rest_route=%2Fwp%2Fv2%2Fcomments&post=76316"}],"version-history":[{"count":1,"href":"https:\/\/folhadosudeste.com\/site\/index.php?rest_route=\/wp\/v2\/posts\/76316\/revisions"}],"predecessor-version":[{"id":76320,"href":"https:\/\/folhadosudeste.com\/site\/index.php?rest_route=\/wp\/v2\/posts\/76316\/revisions\/76320"}],"wp:attachment":[{"href":"https:\/\/folhadosudeste.com\/site\/index.php?rest_route=%2Fwp%2Fv2%2Fmedia&parent=76316"}],"wp:term":[{"taxonomy":"category","embeddable":true,"href":"https:\/\/folhadosudeste.com\/site\/index.php?rest_route=%2Fwp%2Fv2%2Fcategories&post=76316"},{"taxonomy":"post_tag","embeddable":true,"href":"https:\/\/folhadosudeste.com\/site\/index.php?rest_route=%2Fwp%2Fv2%2Ftags&post=76316"}],"curies":[{"name":"wp","href":"https:\/\/api.w.org\/{rel}","templated":true}]}}