{"id":76321,"date":"2021-07-29T19:57:55","date_gmt":"2021-07-29T19:57:55","guid":{"rendered":"http:\/\/folhadosudeste.com\/site\/?p=76321"},"modified":"2021-07-29T19:57:55","modified_gmt":"2021-07-29T19:57:55","slug":"muriae-registra-mais-duas-mortes-por-covid-19","status":"publish","type":"post","link":"https:\/\/folhadosudeste.com\/site\/?p=76321","title":{"rendered":"Muria\u00e9 registra mais duas mortes por COVID-19"},"content":{"rendered":"<div><a href=\"http:\/\/folhadosudeste.com\/site\/wp-content\/uploads\/2021\/07\/29072021.jpeg\"><img loading=\"lazy\" decoding=\"async\" class=\"alignnone size-full wp-image-76322\" src=\"http:\/\/folhadosudeste.com\/site\/wp-content\/uploads\/2021\/07\/29072021.jpeg\" alt=\"\" width=\"1080\" height=\"1080\" srcset=\"https:\/\/folhadosudeste.com\/site\/wp-content\/uploads\/2021\/07\/29072021.jpeg 1080w, https:\/\/folhadosudeste.com\/site\/wp-content\/uploads\/2021\/07\/29072021-150x150.jpeg 150w, https:\/\/folhadosudeste.com\/site\/wp-content\/uploads\/2021\/07\/29072021-300x300.jpeg 300w, https:\/\/folhadosudeste.com\/site\/wp-content\/uploads\/2021\/07\/29072021-768x768.jpeg 768w, https:\/\/folhadosudeste.com\/site\/wp-content\/uploads\/2021\/07\/29072021-1024x1024.jpeg 1024w\" sizes=\"auto, (max-width: 1080px) 100vw, 1080px\" \/><\/a><\/div>\n<div style=\"text-align: justify;\">Mais duas mortes provocadas pela covid-19 foram registradas no boletim desta quarta-feira. Elas referem-se aos seguintes casos:<\/div>\n<div style=\"text-align: justify;\">&nbsp;<\/div>\n<div style=\"text-align: justify;\">&#8211; Homem | 82 anos | Hipertens\u00e3o | \u00d3bito em 27\/07<\/div>\n<div style=\"text-align: justify;\">&#8211; Mulher | 66 anos | Doen\u00e7a cardiovascular | \u00d3bito em 28\/07<\/div>\n<div style=\"text-align: justify;\">&nbsp;<\/div>\n<div style=\"text-align: justify;\">Tamb\u00e9m foram confirmadas 32 novas infec\u00e7\u00f5es. A faixa et\u00e1ria mais atingida foi a de 40-49 anos, com oito registros, seguida das de 30-39 e de 50-59.<\/div>\n<div style=\"text-align: justify;\">&nbsp;<\/div>\n<div style=\"text-align: justify;\">A m\u00e9dia m\u00f3vel atual, considerando dados das \u00faltimas duas semanas, \u00e9 de 24 casos por dia. O \u00edndice \u00e9 25,9% superior ao de 14 dias atr\u00e1s, o que mostra que a doen\u00e7a segue com tend\u00eancia de aumento na cidade.<\/div>\n<div style=\"text-align: justify;\">&nbsp;<\/div>\n<p style=\"text-align: justify;\"><!--more--><\/p>\n<div style=\"text-align: justify;\">&nbsp;<\/div>\n<div style=\"text-align: justify;\">N\u00fameros completos de hoje (29\/07\/2021):<\/div>\n<div style=\"text-align: justify;\">&nbsp;<\/div>\n<div style=\"text-align: justify;\">VACINA\u00c7\u00c3O<\/div>\n<div style=\"text-align: justify;\">Vacinados com uma dose: 61.963 (56,64% da popula\u00e7\u00e3o total)<\/div>\n<div style=\"text-align: justify;\">Vacinados com duas doses ou dose \u00fanica: 26.593 (24,31% da popula\u00e7\u00e3o total)<\/div>\n<div style=\"text-align: justify;\">&nbsp;<\/div>\n<div style=\"text-align: justify;\">PACIENTES<\/div>\n<div style=\"text-align: justify;\">Total de casos confirmados: 11.065 (+32)<\/div>\n<div style=\"text-align: justify;\">Pacientes ativos: 284<\/div>\n<div style=\"text-align: justify;\">Pacientes curados: 10.492<\/div>\n<div style=\"text-align: justify;\">\u00d3bitos: 289 (+2)<\/div>\n<div style=\"text-align: justify;\">Investigados \/ Monitorados: 112<\/div>\n<div style=\"text-align: justify;\">Negativos: 12.309<\/div>\n<div>&nbsp;<\/div>\n<div><a href=\"http:\/\/folhadosudeste.com\/site\/wp-content\/uploads\/2021\/07\/COVID-19_-M\u00c9DIA-M\u00d3VEL-DE-CASOS-E-\u00d3BITOS-\u00daLTIMOS-14-DIAS.png\"><img loading=\"lazy\" decoding=\"async\" class=\"alignnone size-full wp-image-76323\" src=\"http:\/\/folhadosudeste.com\/site\/wp-content\/uploads\/2021\/07\/COVID-19_-M\u00c9DIA-M\u00d3VEL-DE-CASOS-E-\u00d3BITOS-\u00daLTIMOS-14-DIAS.png\" alt=\"\" width=\"1206\" height=\"746\" srcset=\"https:\/\/folhadosudeste.com\/site\/wp-content\/uploads\/2021\/07\/COVID-19_-M\u00c9DIA-M\u00d3VEL-DE-CASOS-E-\u00d3BITOS-\u00daLTIMOS-14-DIAS.png 1206w, https:\/\/folhadosudeste.com\/site\/wp-content\/uploads\/2021\/07\/COVID-19_-M\u00c9DIA-M\u00d3VEL-DE-CASOS-E-\u00d3BITOS-\u00daLTIMOS-14-DIAS-300x186.png 300w, https:\/\/folhadosudeste.com\/site\/wp-content\/uploads\/2021\/07\/COVID-19_-M\u00c9DIA-M\u00d3VEL-DE-CASOS-E-\u00d3BITOS-\u00daLTIMOS-14-DIAS-768x475.png 768w, https:\/\/folhadosudeste.com\/site\/wp-content\/uploads\/2021\/07\/COVID-19_-M\u00c9DIA-M\u00d3VEL-DE-CASOS-E-\u00d3BITOS-\u00daLTIMOS-14-DIAS-1024x633.png 1024w\" sizes=\"auto, (max-width: 1206px) 100vw, 1206px\" \/><\/a> <a href=\"http:\/\/folhadosudeste.com\/site\/wp-content\/uploads\/2021\/07\/CASOS-DE-COVID-19-EM-MURIA\u00c9-POR-FAIXA-ET\u00c1RIA-29_07_2021.png\"><img loading=\"lazy\" decoding=\"async\" class=\"alignnone size-full wp-image-76324\" src=\"http:\/\/folhadosudeste.com\/site\/wp-content\/uploads\/2021\/07\/CASOS-DE-COVID-19-EM-MURIA\u00c9-POR-FAIXA-ET\u00c1RIA-29_07_2021.png\" alt=\"\" width=\"1044\" height=\"739\" srcset=\"https:\/\/folhadosudeste.com\/site\/wp-content\/uploads\/2021\/07\/CASOS-DE-COVID-19-EM-MURIA\u00c9-POR-FAIXA-ET\u00c1RIA-29_07_2021.png 1044w, https:\/\/folhadosudeste.com\/site\/wp-content\/uploads\/2021\/07\/CASOS-DE-COVID-19-EM-MURIA\u00c9-POR-FAIXA-ET\u00c1RIA-29_07_2021-300x212.png 300w, https:\/\/folhadosudeste.com\/site\/wp-content\/uploads\/2021\/07\/CASOS-DE-COVID-19-EM-MURIA\u00c9-POR-FAIXA-ET\u00c1RIA-29_07_2021-768x544.png 768w, https:\/\/folhadosudeste.com\/site\/wp-content\/uploads\/2021\/07\/CASOS-DE-COVID-19-EM-MURIA\u00c9-POR-FAIXA-ET\u00c1RIA-29_07_2021-1024x725.png 1024w\" sizes=\"auto, (max-width: 1044px) 100vw, 1044px\" \/><\/a><\/div>\n","protected":false},"excerpt":{"rendered":"<p>Mais duas mortes provocadas pela covid-19 foram registradas no boletim desta quarta-feira. Elas referem-se aos seguintes casos: &nbsp; &#8211; Homem | 82 anos | Hipertens\u00e3o | \u00d3bito em 27\/07 &#8211; Mulher | 66 anos | Doen\u00e7a cardiovascular | \u00d3bito em 28\/07 &nbsp; Tamb\u00e9m foram confirmadas 32 novas infec\u00e7\u00f5es. A faixa et\u00e1ria mais atingida foi a [&hellip;]<\/p>\n","protected":false},"author":6,"featured_media":0,"comment_status":"open","ping_status":"closed","sticky":false,"template":"","format":"standard","meta":{"_joinchat":[],"footnotes":""},"categories":[1],"tags":[],"class_list":["post-76321","post","type-post","status-publish","format-standard","hentry","category-sem-categoria"],"_links":{"self":[{"href":"https:\/\/folhadosudeste.com\/site\/index.php?rest_route=\/wp\/v2\/posts\/76321","targetHints":{"allow":["GET"]}}],"collection":[{"href":"https:\/\/folhadosudeste.com\/site\/index.php?rest_route=\/wp\/v2\/posts"}],"about":[{"href":"https:\/\/folhadosudeste.com\/site\/index.php?rest_route=\/wp\/v2\/types\/post"}],"author":[{"embeddable":true,"href":"https:\/\/folhadosudeste.com\/site\/index.php?rest_route=\/wp\/v2\/users\/6"}],"replies":[{"embeddable":true,"href":"https:\/\/folhadosudeste.com\/site\/index.php?rest_route=%2Fwp%2Fv2%2Fcomments&post=76321"}],"version-history":[{"count":1,"href":"https:\/\/folhadosudeste.com\/site\/index.php?rest_route=\/wp\/v2\/posts\/76321\/revisions"}],"predecessor-version":[{"id":76325,"href":"https:\/\/folhadosudeste.com\/site\/index.php?rest_route=\/wp\/v2\/posts\/76321\/revisions\/76325"}],"wp:attachment":[{"href":"https:\/\/folhadosudeste.com\/site\/index.php?rest_route=%2Fwp%2Fv2%2Fmedia&parent=76321"}],"wp:term":[{"taxonomy":"category","embeddable":true,"href":"https:\/\/folhadosudeste.com\/site\/index.php?rest_route=%2Fwp%2Fv2%2Fcategories&post=76321"},{"taxonomy":"post_tag","embeddable":true,"href":"https:\/\/folhadosudeste.com\/site\/index.php?rest_route=%2Fwp%2Fv2%2Ftags&post=76321"}],"curies":[{"name":"wp","href":"https:\/\/api.w.org\/{rel}","templated":true}]}}