{"id":76368,"date":"2021-07-30T12:51:48","date_gmt":"2021-07-30T12:51:48","guid":{"rendered":"http:\/\/folhadosudeste.com\/site\/?p=76368"},"modified":"2021-07-30T12:51:48","modified_gmt":"2021-07-30T12:51:48","slug":"integrantes-do-procon-de-muriae-fazem-visita-tecnica-a-unidade-de-jf","status":"publish","type":"post","link":"https:\/\/folhadosudeste.com\/site\/?p=76368","title":{"rendered":"Integrantes do Procon de Muria\u00e9 fazem visita t\u00e9cnica a unidade de JF"},"content":{"rendered":"<div><a href=\"http:\/\/folhadosudeste.com\/site\/wp-content\/uploads\/2021\/07\/procon1-1.jpeg\"><img loading=\"lazy\" decoding=\"async\" class=\"alignnone size-full wp-image-76369\" src=\"http:\/\/folhadosudeste.com\/site\/wp-content\/uploads\/2021\/07\/procon1-1.jpeg\" alt=\"\" width=\"1469\" height=\"979\" srcset=\"https:\/\/folhadosudeste.com\/site\/wp-content\/uploads\/2021\/07\/procon1-1.jpeg 1469w, https:\/\/folhadosudeste.com\/site\/wp-content\/uploads\/2021\/07\/procon1-1-300x200.jpeg 300w, https:\/\/folhadosudeste.com\/site\/wp-content\/uploads\/2021\/07\/procon1-1-768x512.jpeg 768w, https:\/\/folhadosudeste.com\/site\/wp-content\/uploads\/2021\/07\/procon1-1-1024x682.jpeg 1024w, https:\/\/folhadosudeste.com\/site\/wp-content\/uploads\/2021\/07\/procon1-1-120x80.jpeg 120w, https:\/\/folhadosudeste.com\/site\/wp-content\/uploads\/2021\/07\/procon1-1-345x230.jpeg 345w\" sizes=\"auto, (max-width: 1469px) 100vw, 1469px\" \/><\/a><\/div>\n<div>&nbsp;<\/div>\n<div style=\"text-align: justify;\">O coordenador do Procon de Muria\u00e9, Cristiano de Assis, e a fiscal Carolina Benini estiveram no in\u00edcio da semana em Juiz de Fora, em visita t\u00e9cnica ao \u00f3rg\u00e3o local de defesa do consumidor.<\/div>\n<div style=\"text-align: justify;\">&nbsp;<\/div>\n<div style=\"text-align: justify;\">Eles foram recebidos pelo gerente de atendimento da institui\u00e7\u00e3o, Magno Alexandre dos Santos, e conheceram as funcionalidades do Sistema Nacional de Informa\u00e7\u00f5es de Defesa do Consumidor (Sindec). A plataforma, desenvolvida pelo Minist\u00e9rio da Justi\u00e7a, tem o objetivo de uniformizar as a\u00e7\u00f5es dos Procons em todo o pa\u00eds.<\/div>\n<p><!--more--><\/p>\n<div style=\"text-align: justify;\">Assis explicou que o Sindec \u00e9 importante para acelerar a resolu\u00e7\u00e3o das demandas apresentadas pelos consumidores.<\/div>\n<div style=\"text-align: justify;\">&nbsp;<\/div>\n<div style=\"text-align: justify;\">\u201cEm Muria\u00e9, o Procon est\u00e1 em fase em integra\u00e7\u00e3o ao sistema e acreditamos que em breve conseguiremos reduzir consideravelmente o tempo de resolu\u00e7\u00e3o das quest\u00f5es que chegam a n\u00f3s\u201d, pontua o coordenador.<\/div>\n<div style=\"text-align: justify;\">&nbsp;<\/div>\n<div style=\"text-align: justify;\">Durante a visita t\u00e9cnica, os representantes de Muria\u00e9 tamb\u00e9m conheceram as instala\u00e7\u00f5es do Procon JF e acompanharam o funcionamento de programas educativos, sistemas de atendimento desenvolvidos pela unidade, inclusive com a atua\u00e7\u00e3o de estagi\u00e1rios de Direito.<\/div>\n<div>&nbsp;<\/div>\n<div><a href=\"http:\/\/folhadosudeste.com\/site\/wp-content\/uploads\/2021\/07\/procon2-1.jpeg\"><img loading=\"lazy\" decoding=\"async\" class=\"alignnone size-full wp-image-76370\" src=\"http:\/\/folhadosudeste.com\/site\/wp-content\/uploads\/2021\/07\/procon2-1.jpeg\" alt=\"\" width=\"1159\" height=\"777\" srcset=\"https:\/\/folhadosudeste.com\/site\/wp-content\/uploads\/2021\/07\/procon2-1.jpeg 1159w, https:\/\/folhadosudeste.com\/site\/wp-content\/uploads\/2021\/07\/procon2-1-300x201.jpeg 300w, https:\/\/folhadosudeste.com\/site\/wp-content\/uploads\/2021\/07\/procon2-1-768x515.jpeg 768w, https:\/\/folhadosudeste.com\/site\/wp-content\/uploads\/2021\/07\/procon2-1-1024x686.jpeg 1024w, https:\/\/folhadosudeste.com\/site\/wp-content\/uploads\/2021\/07\/procon2-1-120x80.jpeg 120w, https:\/\/folhadosudeste.com\/site\/wp-content\/uploads\/2021\/07\/procon2-1-345x230.jpeg 345w\" sizes=\"auto, (max-width: 1159px) 100vw, 1159px\" \/><\/a><\/div>\n","protected":false},"excerpt":{"rendered":"<p>&nbsp; O coordenador do Procon de Muria\u00e9, Cristiano de Assis, e a fiscal Carolina Benini estiveram no in\u00edcio da semana em Juiz de Fora, em visita t\u00e9cnica ao \u00f3rg\u00e3o local de defesa do consumidor. &nbsp; Eles foram recebidos pelo gerente de atendimento da institui\u00e7\u00e3o, Magno Alexandre dos Santos, e conheceram as funcionalidades do Sistema Nacional [&hellip;]<\/p>\n","protected":false},"author":6,"featured_media":0,"comment_status":"open","ping_status":"closed","sticky":false,"template":"","format":"standard","meta":{"_joinchat":[],"footnotes":""},"categories":[1],"tags":[],"class_list":["post-76368","post","type-post","status-publish","format-standard","hentry","category-sem-categoria"],"_links":{"self":[{"href":"https:\/\/folhadosudeste.com\/site\/index.php?rest_route=\/wp\/v2\/posts\/76368","targetHints":{"allow":["GET"]}}],"collection":[{"href":"https:\/\/folhadosudeste.com\/site\/index.php?rest_route=\/wp\/v2\/posts"}],"about":[{"href":"https:\/\/folhadosudeste.com\/site\/index.php?rest_route=\/wp\/v2\/types\/post"}],"author":[{"embeddable":true,"href":"https:\/\/folhadosudeste.com\/site\/index.php?rest_route=\/wp\/v2\/users\/6"}],"replies":[{"embeddable":true,"href":"https:\/\/folhadosudeste.com\/site\/index.php?rest_route=%2Fwp%2Fv2%2Fcomments&post=76368"}],"version-history":[{"count":1,"href":"https:\/\/folhadosudeste.com\/site\/index.php?rest_route=\/wp\/v2\/posts\/76368\/revisions"}],"predecessor-version":[{"id":76371,"href":"https:\/\/folhadosudeste.com\/site\/index.php?rest_route=\/wp\/v2\/posts\/76368\/revisions\/76371"}],"wp:attachment":[{"href":"https:\/\/folhadosudeste.com\/site\/index.php?rest_route=%2Fwp%2Fv2%2Fmedia&parent=76368"}],"wp:term":[{"taxonomy":"category","embeddable":true,"href":"https:\/\/folhadosudeste.com\/site\/index.php?rest_route=%2Fwp%2Fv2%2Fcategories&post=76368"},{"taxonomy":"post_tag","embeddable":true,"href":"https:\/\/folhadosudeste.com\/site\/index.php?rest_route=%2Fwp%2Fv2%2Ftags&post=76368"}],"curies":[{"name":"wp","href":"https:\/\/api.w.org\/{rel}","templated":true}]}}