{"id":76372,"date":"2021-07-30T13:46:41","date_gmt":"2021-07-30T13:46:41","guid":{"rendered":"http:\/\/folhadosudeste.com\/site\/?p=76372"},"modified":"2021-07-30T13:46:41","modified_gmt":"2021-07-30T13:46:41","slug":"setor-de-juventude-reunira-trabalhos-artisticos-e-expresssionistas-em-praca-publica","status":"publish","type":"post","link":"https:\/\/folhadosudeste.com\/site\/?p=76372","title":{"rendered":"Setor de juventude reunir\u00e1 trabalhos artisticos e expresssionistas em pra\u00e7a p\u00fablica"},"content":{"rendered":"<p align=\"justify\"><a href=\"http:\/\/folhadosudeste.com\/site\/wp-content\/uploads\/2021\/07\/Encontro-juventude.agosto.jpg\"><img loading=\"lazy\" decoding=\"async\" class=\"alignnone size-full wp-image-76373\" src=\"http:\/\/folhadosudeste.com\/site\/wp-content\/uploads\/2021\/07\/Encontro-juventude.agosto.jpg\" alt=\"\" width=\"1080\" height=\"1080\" srcset=\"https:\/\/folhadosudeste.com\/site\/wp-content\/uploads\/2021\/07\/Encontro-juventude.agosto.jpg 1080w, https:\/\/folhadosudeste.com\/site\/wp-content\/uploads\/2021\/07\/Encontro-juventude.agosto-150x150.jpg 150w, https:\/\/folhadosudeste.com\/site\/wp-content\/uploads\/2021\/07\/Encontro-juventude.agosto-300x300.jpg 300w, https:\/\/folhadosudeste.com\/site\/wp-content\/uploads\/2021\/07\/Encontro-juventude.agosto-768x768.jpg 768w, https:\/\/folhadosudeste.com\/site\/wp-content\/uploads\/2021\/07\/Encontro-juventude.agosto-1024x1024.jpg 1024w\" sizes=\"auto, (max-width: 1080px) 100vw, 1080px\" \/><\/a><\/p>\n<p align=\"justify\">O \u2018Dia Internacional da Juventude\u2019 ser\u00e1 comemorado pela Prefeitura de Muria\u00e9 e Setor de Juventude da Fundarte entre 12 e 13 de agosto, na Pra\u00e7a Coronel Pacheco de Medeiros (antiga Pra\u00e7a da Prefeitura), no hor\u00e1rio entre 7h e 16h30.<\/p>\n<p align=\"justify\">Todas as institui\u00e7\u00f5es religiosas, ONG\u2019s, associa\u00e7\u00f5es e movimentos sociais ligados aos jovens com idades entre 15 e 29 anos poder\u00e3o enviar trabalhos e atividades de seus grupos juvenis para que sejam expostos na \u201cPrimeira Feira da Juventude\u201d.<\/p>\n<p align=\"justify\"><!--more--><\/p>\n<p align=\"justify\">O material poder\u00e1 ser entregue at\u00e9 05 de agosto, no Setor de Juventude da Fundarte, localizada na Avenida Constantino Pinto, 400 &#8211; Centro. \u201cConvidamos aos movimentos sociais ligados a juventude para participarem do evento. Os interessados podem trazer as suas mais variadas formas de express\u00f5es visuais, fotografias e projetos sociais realizados em bairros, impressos em folhas de jornal ou de outras maneiras. Esperamos contar com diferenciados segmentos para mostrarmos a nossa regi\u00e3o que existe uma juventude que luta por seus sonhos, por seus direitos e ideais\u201d, disse o coordenador do setor, Evandro Silva.<\/p>\n<p align=\"justify\">Um imenso legado de expres\u00f5es dever\u00e1 estar exposto em pra\u00e7a p\u00fablica para dar vida ao mundo de emo\u00e7\u00f5es que borbulha na juventude.<\/p>\n<p align=\"justify\"><a href=\"http:\/\/folhadosudeste.com\/site\/wp-content\/uploads\/2021\/07\/Jovens.2.jpg\"><img loading=\"lazy\" decoding=\"async\" class=\"alignnone size-full wp-image-76374\" src=\"http:\/\/folhadosudeste.com\/site\/wp-content\/uploads\/2021\/07\/Jovens.2.jpg\" alt=\"\" width=\"930\" height=\"580\" srcset=\"https:\/\/folhadosudeste.com\/site\/wp-content\/uploads\/2021\/07\/Jovens.2.jpg 930w, https:\/\/folhadosudeste.com\/site\/wp-content\/uploads\/2021\/07\/Jovens.2-300x187.jpg 300w, https:\/\/folhadosudeste.com\/site\/wp-content\/uploads\/2021\/07\/Jovens.2-768x479.jpg 768w\" sizes=\"auto, (max-width: 930px) 100vw, 930px\" \/><\/a><\/p>\n","protected":false},"excerpt":{"rendered":"<p>O \u2018Dia Internacional da Juventude\u2019 ser\u00e1 comemorado pela Prefeitura de Muria\u00e9 e Setor de Juventude da Fundarte entre 12 e 13 de agosto, na Pra\u00e7a Coronel Pacheco de Medeiros (antiga Pra\u00e7a da Prefeitura), no hor\u00e1rio entre 7h e 16h30. Todas as institui\u00e7\u00f5es religiosas, ONG\u2019s, associa\u00e7\u00f5es e movimentos sociais ligados aos jovens com idades entre 15 [&hellip;]<\/p>\n","protected":false},"author":6,"featured_media":0,"comment_status":"open","ping_status":"closed","sticky":false,"template":"","format":"standard","meta":{"_joinchat":[],"footnotes":""},"categories":[1],"tags":[],"class_list":["post-76372","post","type-post","status-publish","format-standard","hentry","category-sem-categoria"],"_links":{"self":[{"href":"https:\/\/folhadosudeste.com\/site\/index.php?rest_route=\/wp\/v2\/posts\/76372","targetHints":{"allow":["GET"]}}],"collection":[{"href":"https:\/\/folhadosudeste.com\/site\/index.php?rest_route=\/wp\/v2\/posts"}],"about":[{"href":"https:\/\/folhadosudeste.com\/site\/index.php?rest_route=\/wp\/v2\/types\/post"}],"author":[{"embeddable":true,"href":"https:\/\/folhadosudeste.com\/site\/index.php?rest_route=\/wp\/v2\/users\/6"}],"replies":[{"embeddable":true,"href":"https:\/\/folhadosudeste.com\/site\/index.php?rest_route=%2Fwp%2Fv2%2Fcomments&post=76372"}],"version-history":[{"count":1,"href":"https:\/\/folhadosudeste.com\/site\/index.php?rest_route=\/wp\/v2\/posts\/76372\/revisions"}],"predecessor-version":[{"id":76375,"href":"https:\/\/folhadosudeste.com\/site\/index.php?rest_route=\/wp\/v2\/posts\/76372\/revisions\/76375"}],"wp:attachment":[{"href":"https:\/\/folhadosudeste.com\/site\/index.php?rest_route=%2Fwp%2Fv2%2Fmedia&parent=76372"}],"wp:term":[{"taxonomy":"category","embeddable":true,"href":"https:\/\/folhadosudeste.com\/site\/index.php?rest_route=%2Fwp%2Fv2%2Fcategories&post=76372"},{"taxonomy":"post_tag","embeddable":true,"href":"https:\/\/folhadosudeste.com\/site\/index.php?rest_route=%2Fwp%2Fv2%2Ftags&post=76372"}],"curies":[{"name":"wp","href":"https:\/\/api.w.org\/{rel}","templated":true}]}}