{"id":76378,"date":"2021-07-30T16:59:20","date_gmt":"2021-07-30T16:59:20","guid":{"rendered":"http:\/\/folhadosudeste.com\/site\/?p=76378"},"modified":"2021-07-30T16:59:20","modified_gmt":"2021-07-30T16:59:20","slug":"policia-civil-prende-novamente-foragido-da-justica-acusado-de-matar-motoboy-em-muriae","status":"publish","type":"post","link":"https:\/\/folhadosudeste.com\/site\/?p=76378","title":{"rendered":"Pol\u00edcia Civil prende novamente foragido da Justi\u00e7a acusado de matar motoboy em Muria\u00e9"},"content":{"rendered":"<p><a href=\"http:\/\/folhadosudeste.com\/site\/wp-content\/uploads\/2021\/07\/WhatsApp-Image-2021-07-29-at-16.26.45-1_707x529-707x405.jpeg\"><img loading=\"lazy\" decoding=\"async\" class=\"alignnone size-full wp-image-76379\" src=\"http:\/\/folhadosudeste.com\/site\/wp-content\/uploads\/2021\/07\/WhatsApp-Image-2021-07-29-at-16.26.45-1_707x529-707x405.jpeg\" alt=\"\" width=\"707\" height=\"405\" srcset=\"https:\/\/folhadosudeste.com\/site\/wp-content\/uploads\/2021\/07\/WhatsApp-Image-2021-07-29-at-16.26.45-1_707x529-707x405.jpeg 707w, https:\/\/folhadosudeste.com\/site\/wp-content\/uploads\/2021\/07\/WhatsApp-Image-2021-07-29-at-16.26.45-1_707x529-707x405-300x172.jpeg 300w\" sizes=\"auto, (max-width: 707px) 100vw, 707px\" \/><\/a><\/p>\n<p style=\"text-align: justify;\">\u201cEm a\u00e7\u00e3o realizada na tarde desta quinta-feira, 29.07, Policiais da DHPP e da AIP\/4a DRPC recapturaram, L. Z. S., de 29 anos, acusado pela morte do Motoboy,&nbsp;<strong>GEOVANE DIAS DA SILVA<\/strong>, executado com um disparo de arma de fogo em 10.02.2021.<\/p>\n<p style=\"text-align: justify;\">Ele j\u00e1 havia sido preso numa a\u00e7\u00e3o conjunta entre a Pol\u00edcia Civil Mineira com a do Esp\u00edrito Santo, mas acabou sendo posto em liberdade indevidamente.<\/p>\n<p style=\"text-align: justify;\"><!--more--><\/p>\n<p style=\"text-align: justify;\">Desde ent\u00e3o, os Agentes vem levantando informa\u00e7\u00f5es acerca do paradeiro do acusado e nesta data conseguiram rastrear sua movimenta\u00e7\u00e3o pela Cidade, onde estava a bordo de um ve\u00edculo VW Gol, de cor branca.<\/p>\n<p style=\"text-align: justify;\">Com ele, os policiais localizaram uma grande quantidade de maconha, dispostas em barras, o que implicou em mais uma pris\u00e3o, desta vez, em flagrante de tr\u00e1fico de drogas. De acordo com informa\u00e7\u00f5es levantadas pelos investigadores o acusado estava intensificando o com\u00e9rcio de drogas visando juntar dinheiro e fugir em definitivo da cidade\u201d, informa a Pol\u00edcia Civil de Muria\u00e9 nesta tarde de quinta-feira (29). A abordagem aconteceu no bairro da G\u00e1vea.<\/p>\n<p><a href=\"http:\/\/folhadosudeste.com\/site\/wp-content\/uploads\/2021\/07\/PRESOS.jpg\"><img loading=\"lazy\" decoding=\"async\" class=\"alignnone size-full wp-image-76380\" src=\"http:\/\/folhadosudeste.com\/site\/wp-content\/uploads\/2021\/07\/PRESOS.jpg\" alt=\"\" width=\"689\" height=\"733\" srcset=\"https:\/\/folhadosudeste.com\/site\/wp-content\/uploads\/2021\/07\/PRESOS.jpg 689w, https:\/\/folhadosudeste.com\/site\/wp-content\/uploads\/2021\/07\/PRESOS-282x300.jpg 282w\" sizes=\"auto, (max-width: 689px) 100vw, 689px\" \/><\/a> <a href=\"http:\/\/folhadosudeste.com\/site\/wp-content\/uploads\/2021\/07\/DROGAS.jpg\"><img loading=\"lazy\" decoding=\"async\" class=\"alignnone size-full wp-image-76381\" src=\"http:\/\/folhadosudeste.com\/site\/wp-content\/uploads\/2021\/07\/DROGAS.jpg\" alt=\"\" width=\"689\" height=\"531\" srcset=\"https:\/\/folhadosudeste.com\/site\/wp-content\/uploads\/2021\/07\/DROGAS.jpg 689w, https:\/\/folhadosudeste.com\/site\/wp-content\/uploads\/2021\/07\/DROGAS-300x231.jpg 300w\" sizes=\"auto, (max-width: 689px) 100vw, 689px\" \/><\/a><\/p>\n<p>Fonte texto e fotos: Silvan Alves<\/p>\n","protected":false},"excerpt":{"rendered":"<p>\u201cEm a\u00e7\u00e3o realizada na tarde desta quinta-feira, 29.07, Policiais da DHPP e da AIP\/4a DRPC recapturaram, L. Z. S., de 29 anos, acusado pela morte do Motoboy,&nbsp;GEOVANE DIAS DA SILVA, executado com um disparo de arma de fogo em 10.02.2021. Ele j\u00e1 havia sido preso numa a\u00e7\u00e3o conjunta entre a Pol\u00edcia Civil Mineira com a [&hellip;]<\/p>\n","protected":false},"author":6,"featured_media":0,"comment_status":"open","ping_status":"closed","sticky":false,"template":"","format":"standard","meta":{"_joinchat":[],"footnotes":""},"categories":[1],"tags":[],"class_list":["post-76378","post","type-post","status-publish","format-standard","hentry","category-sem-categoria"],"_links":{"self":[{"href":"https:\/\/folhadosudeste.com\/site\/index.php?rest_route=\/wp\/v2\/posts\/76378","targetHints":{"allow":["GET"]}}],"collection":[{"href":"https:\/\/folhadosudeste.com\/site\/index.php?rest_route=\/wp\/v2\/posts"}],"about":[{"href":"https:\/\/folhadosudeste.com\/site\/index.php?rest_route=\/wp\/v2\/types\/post"}],"author":[{"embeddable":true,"href":"https:\/\/folhadosudeste.com\/site\/index.php?rest_route=\/wp\/v2\/users\/6"}],"replies":[{"embeddable":true,"href":"https:\/\/folhadosudeste.com\/site\/index.php?rest_route=%2Fwp%2Fv2%2Fcomments&post=76378"}],"version-history":[{"count":1,"href":"https:\/\/folhadosudeste.com\/site\/index.php?rest_route=\/wp\/v2\/posts\/76378\/revisions"}],"predecessor-version":[{"id":76382,"href":"https:\/\/folhadosudeste.com\/site\/index.php?rest_route=\/wp\/v2\/posts\/76378\/revisions\/76382"}],"wp:attachment":[{"href":"https:\/\/folhadosudeste.com\/site\/index.php?rest_route=%2Fwp%2Fv2%2Fmedia&parent=76378"}],"wp:term":[{"taxonomy":"category","embeddable":true,"href":"https:\/\/folhadosudeste.com\/site\/index.php?rest_route=%2Fwp%2Fv2%2Fcategories&post=76378"},{"taxonomy":"post_tag","embeddable":true,"href":"https:\/\/folhadosudeste.com\/site\/index.php?rest_route=%2Fwp%2Fv2%2Ftags&post=76378"}],"curies":[{"name":"wp","href":"https:\/\/api.w.org\/{rel}","templated":true}]}}