{"id":76407,"date":"2021-08-02T12:23:44","date_gmt":"2021-08-02T12:23:44","guid":{"rendered":"http:\/\/folhadosudeste.com\/site\/?p=76407"},"modified":"2021-08-02T12:23:44","modified_gmt":"2021-08-02T12:23:44","slug":"prf-apreende-carro-roubado-no-estado-do-rj-e-que-ja-teria-sofrido-perda-total-em-acidente","status":"publish","type":"post","link":"https:\/\/folhadosudeste.com\/site\/?p=76407","title":{"rendered":"PRF apreende carro roubado no estado do RJ e que j\u00e1 teria sofrido perda total em acidente"},"content":{"rendered":"<p><a href=\"http:\/\/folhadosudeste.com\/site\/wp-content\/uploads\/2021\/08\/WhatsApp-Image-2021-07-30-at-19.04.58_707x344.jpeg\"><img loading=\"lazy\" decoding=\"async\" class=\"alignnone size-full wp-image-76408\" src=\"http:\/\/folhadosudeste.com\/site\/wp-content\/uploads\/2021\/08\/WhatsApp-Image-2021-07-30-at-19.04.58_707x344.jpeg\" alt=\"\" width=\"707\" height=\"344\" srcset=\"https:\/\/folhadosudeste.com\/site\/wp-content\/uploads\/2021\/08\/WhatsApp-Image-2021-07-30-at-19.04.58_707x344.jpeg 707w, https:\/\/folhadosudeste.com\/site\/wp-content\/uploads\/2021\/08\/WhatsApp-Image-2021-07-30-at-19.04.58_707x344-300x146.jpeg 300w\" sizes=\"auto, (max-width: 707px) 100vw, 707px\" \/><\/a><\/p>\n<p style=\"text-align: justify;\">A Pol\u00edcia Rodovi\u00e1ria Federal (PRF) de Muria\u00e9, enquanto realizava uma fiscaliza\u00e7\u00e3o de rotina no km 266 da BR 356, em Muria\u00e9, abordou um autom\u00f3vel GM\/Vectra Batch GT-X, com placas aparentes de Muria\u00e9-MG.<\/p>\n<p style=\"text-align: justify;\">\u201cO ve\u00edculo era conduzido por um homem de 24 anos de idade. Durante a fiscaliza\u00e7\u00e3o, os policiais verificaram que o ve\u00edculo possu\u00eda sinais de altera\u00e7\u00e3o em alguns elementos de identifica\u00e7\u00e3o. Tamb\u00e9m foi constatado que o autom\u00f3vel envolveu -se em um acidente no ano de 2012, no qual ele teve dano de grande monta (perda total), motivo pelo qual ele n\u00e3o poderia estar transitando.<\/p>\n<p><!--more--><\/p>\n<p style=\"text-align: justify;\">Por meio de uma vistoria minuciosa no ve\u00edculo, os agentes verificaram que ele foi roubado em Nova Friburgo\/RJ em 19\/03\/2012, mas portava a identifica\u00e7\u00e3o de um outro ve\u00edculo para ludibriar a fiscaliza\u00e7\u00e3o. Dessa forma, a ocorr\u00eancia foi encaminhada \u00e0 Delegacia de Pol\u00edcia Civil de Muria\u00e9\/MG. O ve\u00edculo foi recolhido ao p\u00e1tio credenciado pelo Detran\/MG\u201d informa a PRF de Muria\u00e9.<\/p>\n<p><a href=\"http:\/\/folhadosudeste.com\/site\/wp-content\/uploads\/2021\/08\/WhatsApp-Image-2021-07-30-at-19.05.03_593x530.jpeg\"><img loading=\"lazy\" decoding=\"async\" class=\"alignnone size-full wp-image-76409\" src=\"http:\/\/folhadosudeste.com\/site\/wp-content\/uploads\/2021\/08\/WhatsApp-Image-2021-07-30-at-19.05.03_593x530.jpeg\" alt=\"\" width=\"593\" height=\"530\" srcset=\"https:\/\/folhadosudeste.com\/site\/wp-content\/uploads\/2021\/08\/WhatsApp-Image-2021-07-30-at-19.05.03_593x530.jpeg 593w, https:\/\/folhadosudeste.com\/site\/wp-content\/uploads\/2021\/08\/WhatsApp-Image-2021-07-30-at-19.05.03_593x530-300x268.jpeg 300w\" sizes=\"auto, (max-width: 593px) 100vw, 593px\" \/><\/a> <a href=\"http:\/\/folhadosudeste.com\/site\/wp-content\/uploads\/2021\/08\/WhatsApp-Image-2021-07-30-at-19.08.19_707x344.jpeg\"><img loading=\"lazy\" decoding=\"async\" class=\"alignnone size-full wp-image-76410\" src=\"http:\/\/folhadosudeste.com\/site\/wp-content\/uploads\/2021\/08\/WhatsApp-Image-2021-07-30-at-19.08.19_707x344.jpeg\" alt=\"\" width=\"707\" height=\"344\" srcset=\"https:\/\/folhadosudeste.com\/site\/wp-content\/uploads\/2021\/08\/WhatsApp-Image-2021-07-30-at-19.08.19_707x344.jpeg 707w, https:\/\/folhadosudeste.com\/site\/wp-content\/uploads\/2021\/08\/WhatsApp-Image-2021-07-30-at-19.08.19_707x344-300x146.jpeg 300w\" sizes=\"auto, (max-width: 707px) 100vw, 707px\" \/><\/a><\/p>\n<p>Fonte: Silvan Alves<\/p>\n<p>Fotos: Silvan Alves<\/p>\n","protected":false},"excerpt":{"rendered":"<p>A Pol\u00edcia Rodovi\u00e1ria Federal (PRF) de Muria\u00e9, enquanto realizava uma fiscaliza\u00e7\u00e3o de rotina no km 266 da BR 356, em Muria\u00e9, abordou um autom\u00f3vel GM\/Vectra Batch GT-X, com placas aparentes de Muria\u00e9-MG. \u201cO ve\u00edculo era conduzido por um homem de 24 anos de idade. Durante a fiscaliza\u00e7\u00e3o, os policiais verificaram que o ve\u00edculo possu\u00eda sinais [&hellip;]<\/p>\n","protected":false},"author":6,"featured_media":0,"comment_status":"open","ping_status":"closed","sticky":false,"template":"","format":"standard","meta":{"_joinchat":[],"footnotes":""},"categories":[1],"tags":[],"class_list":["post-76407","post","type-post","status-publish","format-standard","hentry","category-sem-categoria"],"_links":{"self":[{"href":"https:\/\/folhadosudeste.com\/site\/index.php?rest_route=\/wp\/v2\/posts\/76407","targetHints":{"allow":["GET"]}}],"collection":[{"href":"https:\/\/folhadosudeste.com\/site\/index.php?rest_route=\/wp\/v2\/posts"}],"about":[{"href":"https:\/\/folhadosudeste.com\/site\/index.php?rest_route=\/wp\/v2\/types\/post"}],"author":[{"embeddable":true,"href":"https:\/\/folhadosudeste.com\/site\/index.php?rest_route=\/wp\/v2\/users\/6"}],"replies":[{"embeddable":true,"href":"https:\/\/folhadosudeste.com\/site\/index.php?rest_route=%2Fwp%2Fv2%2Fcomments&post=76407"}],"version-history":[{"count":1,"href":"https:\/\/folhadosudeste.com\/site\/index.php?rest_route=\/wp\/v2\/posts\/76407\/revisions"}],"predecessor-version":[{"id":76411,"href":"https:\/\/folhadosudeste.com\/site\/index.php?rest_route=\/wp\/v2\/posts\/76407\/revisions\/76411"}],"wp:attachment":[{"href":"https:\/\/folhadosudeste.com\/site\/index.php?rest_route=%2Fwp%2Fv2%2Fmedia&parent=76407"}],"wp:term":[{"taxonomy":"category","embeddable":true,"href":"https:\/\/folhadosudeste.com\/site\/index.php?rest_route=%2Fwp%2Fv2%2Fcategories&post=76407"},{"taxonomy":"post_tag","embeddable":true,"href":"https:\/\/folhadosudeste.com\/site\/index.php?rest_route=%2Fwp%2Fv2%2Ftags&post=76407"}],"curies":[{"name":"wp","href":"https:\/\/api.w.org\/{rel}","templated":true}]}}