{"id":76417,"date":"2021-08-02T12:40:27","date_gmt":"2021-08-02T12:40:27","guid":{"rendered":"http:\/\/folhadosudeste.com\/site\/?p=76417"},"modified":"2021-08-02T12:40:27","modified_gmt":"2021-08-02T12:40:27","slug":"acidente-na-br-356-regiao-do-sesc-deixa-dois-feridos-na-manha-desta-segunda-feira","status":"publish","type":"post","link":"https:\/\/folhadosudeste.com\/site\/?p=76417","title":{"rendered":"Acidente na BR-356, regi\u00e3o do SESC deixa dois feridos na manh\u00e3 desta segunda-feira"},"content":{"rendered":"<p style=\"text-align: justify;\"><a href=\"http:\/\/folhadosudeste.com\/site\/wp-content\/uploads\/2021\/08\/WhatsApp-Image-2021-08-02-at-07.41.58-1_707x530-707x405.jpeg\"><img loading=\"lazy\" decoding=\"async\" class=\"alignnone size-full wp-image-76418\" src=\"http:\/\/folhadosudeste.com\/site\/wp-content\/uploads\/2021\/08\/WhatsApp-Image-2021-08-02-at-07.41.58-1_707x530-707x405.jpeg\" alt=\"\" width=\"707\" height=\"405\" srcset=\"https:\/\/folhadosudeste.com\/site\/wp-content\/uploads\/2021\/08\/WhatsApp-Image-2021-08-02-at-07.41.58-1_707x530-707x405.jpeg 707w, https:\/\/folhadosudeste.com\/site\/wp-content\/uploads\/2021\/08\/WhatsApp-Image-2021-08-02-at-07.41.58-1_707x530-707x405-300x172.jpeg 300w\" sizes=\"auto, (max-width: 707px) 100vw, 707px\" \/><\/a><\/p>\n<p style=\"text-align: justify;\">Um acidente envolvendo um ve\u00edculo Fiat Siena, de Santo Ant\u00f4nio de P\u00e1dua-RJ e uma caminhonete Fiat Strada, de Muria\u00e9-MG, deixou dois feridos na manh\u00e3 desta segunda-feira (02). O acidente aconteceu na BR-356, regi\u00e3o do SESC e as primeiras informa\u00e7\u00f5es d\u00e3o conta de que o ve\u00edculo Siena transitava pela BR-356 em sentido a Muria\u00e9, trazia pacientes para a Funda\u00e7\u00e3o e a caminhonete estaria atravessando a pista no Trevo do SESC.<\/p>\n<p><!--more--><\/p>\n<p style=\"text-align: justify;\">Com o impacto um dos ve\u00edculos come\u00e7ou a pegar fogo que foi contido por populares. Os feridos tiveram apoio de funcion\u00e1rios da Prefeitura at\u00e9 a chegada do Corpo de Bombeiros e SAMU, inclusive providenciando cadeiras para dar mais conforto aos envolvidos no acidente. No Siena estavam tr\u00eas pessoas e na caminhonete estaria s\u00f3 o motorista. Aparentemente n\u00e3o houve feridos graves, mas foram conduzidos ao HSP para avalia\u00e7\u00e3o mais detalhada. A PRF fez o registro e far\u00e1 a apura\u00e7\u00e3o das causas do acidente ap\u00f3s ouvir as partes envolvidas.<\/p>\n<p>&nbsp;<\/p>\n<p><a href=\"http:\/\/folhadosudeste.com\/site\/wp-content\/uploads\/2021\/08\/WhatsApp-Image-2021-08-02-at-07.42.03_707x530.jpeg\"><img loading=\"lazy\" decoding=\"async\" class=\"alignnone size-full wp-image-76419\" src=\"http:\/\/folhadosudeste.com\/site\/wp-content\/uploads\/2021\/08\/WhatsApp-Image-2021-08-02-at-07.42.03_707x530.jpeg\" alt=\"\" width=\"707\" height=\"530\" srcset=\"https:\/\/folhadosudeste.com\/site\/wp-content\/uploads\/2021\/08\/WhatsApp-Image-2021-08-02-at-07.42.03_707x530.jpeg 707w, https:\/\/folhadosudeste.com\/site\/wp-content\/uploads\/2021\/08\/WhatsApp-Image-2021-08-02-at-07.42.03_707x530-300x225.jpeg 300w\" sizes=\"auto, (max-width: 707px) 100vw, 707px\" \/><\/a> <a href=\"http:\/\/folhadosudeste.com\/site\/wp-content\/uploads\/2021\/08\/WhatsApp-Image-2021-08-02-at-07.42.02_707x530.jpeg\"><img loading=\"lazy\" decoding=\"async\" class=\"alignnone size-full wp-image-76420\" src=\"http:\/\/folhadosudeste.com\/site\/wp-content\/uploads\/2021\/08\/WhatsApp-Image-2021-08-02-at-07.42.02_707x530.jpeg\" alt=\"\" width=\"707\" height=\"530\" srcset=\"https:\/\/folhadosudeste.com\/site\/wp-content\/uploads\/2021\/08\/WhatsApp-Image-2021-08-02-at-07.42.02_707x530.jpeg 707w, https:\/\/folhadosudeste.com\/site\/wp-content\/uploads\/2021\/08\/WhatsApp-Image-2021-08-02-at-07.42.02_707x530-300x225.jpeg 300w\" sizes=\"auto, (max-width: 707px) 100vw, 707px\" \/><\/a> <a href=\"http:\/\/folhadosudeste.com\/site\/wp-content\/uploads\/2021\/08\/WhatsApp-Image-2021-08-02-at-07.42.07_707x530.jpeg\"><img loading=\"lazy\" decoding=\"async\" class=\"alignnone size-full wp-image-76421\" src=\"http:\/\/folhadosudeste.com\/site\/wp-content\/uploads\/2021\/08\/WhatsApp-Image-2021-08-02-at-07.42.07_707x530.jpeg\" alt=\"\" width=\"707\" height=\"530\" srcset=\"https:\/\/folhadosudeste.com\/site\/wp-content\/uploads\/2021\/08\/WhatsApp-Image-2021-08-02-at-07.42.07_707x530.jpeg 707w, https:\/\/folhadosudeste.com\/site\/wp-content\/uploads\/2021\/08\/WhatsApp-Image-2021-08-02-at-07.42.07_707x530-300x225.jpeg 300w\" sizes=\"auto, (max-width: 707px) 100vw, 707px\" \/><\/a> <a href=\"http:\/\/folhadosudeste.com\/site\/wp-content\/uploads\/2021\/08\/WhatsApp-Image-2021-08-02-at-07.41.57_707x530.jpeg\"><img loading=\"lazy\" decoding=\"async\" class=\"alignnone size-full wp-image-76422\" src=\"http:\/\/folhadosudeste.com\/site\/wp-content\/uploads\/2021\/08\/WhatsApp-Image-2021-08-02-at-07.41.57_707x530.jpeg\" alt=\"\" width=\"707\" height=\"530\" srcset=\"https:\/\/folhadosudeste.com\/site\/wp-content\/uploads\/2021\/08\/WhatsApp-Image-2021-08-02-at-07.41.57_707x530.jpeg 707w, https:\/\/folhadosudeste.com\/site\/wp-content\/uploads\/2021\/08\/WhatsApp-Image-2021-08-02-at-07.41.57_707x530-300x225.jpeg 300w\" sizes=\"auto, (max-width: 707px) 100vw, 707px\" \/><\/a> <a href=\"http:\/\/folhadosudeste.com\/site\/wp-content\/uploads\/2021\/08\/WhatsApp-Image-2021-08-02-at-07.42.01_707x530.jpeg\"><img loading=\"lazy\" decoding=\"async\" class=\"alignnone size-full wp-image-76423\" src=\"http:\/\/folhadosudeste.com\/site\/wp-content\/uploads\/2021\/08\/WhatsApp-Image-2021-08-02-at-07.42.01_707x530.jpeg\" alt=\"\" width=\"707\" height=\"530\" srcset=\"https:\/\/folhadosudeste.com\/site\/wp-content\/uploads\/2021\/08\/WhatsApp-Image-2021-08-02-at-07.42.01_707x530.jpeg 707w, https:\/\/folhadosudeste.com\/site\/wp-content\/uploads\/2021\/08\/WhatsApp-Image-2021-08-02-at-07.42.01_707x530-300x225.jpeg 300w\" sizes=\"auto, (max-width: 707px) 100vw, 707px\" \/><\/a> <a href=\"http:\/\/folhadosudeste.com\/site\/wp-content\/uploads\/2021\/08\/WhatsApp-Image-2021-08-02-at-07.42.00_707x530.jpeg\"><img loading=\"lazy\" decoding=\"async\" class=\"alignnone size-full wp-image-76424\" src=\"http:\/\/folhadosudeste.com\/site\/wp-content\/uploads\/2021\/08\/WhatsApp-Image-2021-08-02-at-07.42.00_707x530.jpeg\" alt=\"\" width=\"707\" height=\"530\" srcset=\"https:\/\/folhadosudeste.com\/site\/wp-content\/uploads\/2021\/08\/WhatsApp-Image-2021-08-02-at-07.42.00_707x530.jpeg 707w, https:\/\/folhadosudeste.com\/site\/wp-content\/uploads\/2021\/08\/WhatsApp-Image-2021-08-02-at-07.42.00_707x530-300x225.jpeg 300w\" sizes=\"auto, (max-width: 707px) 100vw, 707px\" \/><\/a> <a href=\"http:\/\/folhadosudeste.com\/site\/wp-content\/uploads\/2021\/08\/WhatsApp-Image-2021-08-02-at-07.42.05-1_707x530.jpeg\"><img loading=\"lazy\" decoding=\"async\" class=\"alignnone size-full wp-image-76425\" src=\"http:\/\/folhadosudeste.com\/site\/wp-content\/uploads\/2021\/08\/WhatsApp-Image-2021-08-02-at-07.42.05-1_707x530.jpeg\" alt=\"\" width=\"707\" height=\"530\" srcset=\"https:\/\/folhadosudeste.com\/site\/wp-content\/uploads\/2021\/08\/WhatsApp-Image-2021-08-02-at-07.42.05-1_707x530.jpeg 707w, https:\/\/folhadosudeste.com\/site\/wp-content\/uploads\/2021\/08\/WhatsApp-Image-2021-08-02-at-07.42.05-1_707x530-300x225.jpeg 300w\" sizes=\"auto, (max-width: 707px) 100vw, 707px\" \/><\/a><\/p>\n<p>Fonte texto e fotos: Silvan Alves.<\/p>\n","protected":false},"excerpt":{"rendered":"<p>Um acidente envolvendo um ve\u00edculo Fiat Siena, de Santo Ant\u00f4nio de P\u00e1dua-RJ e uma caminhonete Fiat Strada, de Muria\u00e9-MG, deixou dois feridos na manh\u00e3 desta segunda-feira (02). O acidente aconteceu na BR-356, regi\u00e3o do SESC e as primeiras informa\u00e7\u00f5es d\u00e3o conta de que o ve\u00edculo Siena transitava pela BR-356 em sentido a Muria\u00e9, trazia pacientes [&hellip;]<\/p>\n","protected":false},"author":6,"featured_media":0,"comment_status":"open","ping_status":"closed","sticky":false,"template":"","format":"standard","meta":{"_joinchat":[],"footnotes":""},"categories":[1],"tags":[],"class_list":["post-76417","post","type-post","status-publish","format-standard","hentry","category-sem-categoria"],"_links":{"self":[{"href":"https:\/\/folhadosudeste.com\/site\/index.php?rest_route=\/wp\/v2\/posts\/76417","targetHints":{"allow":["GET"]}}],"collection":[{"href":"https:\/\/folhadosudeste.com\/site\/index.php?rest_route=\/wp\/v2\/posts"}],"about":[{"href":"https:\/\/folhadosudeste.com\/site\/index.php?rest_route=\/wp\/v2\/types\/post"}],"author":[{"embeddable":true,"href":"https:\/\/folhadosudeste.com\/site\/index.php?rest_route=\/wp\/v2\/users\/6"}],"replies":[{"embeddable":true,"href":"https:\/\/folhadosudeste.com\/site\/index.php?rest_route=%2Fwp%2Fv2%2Fcomments&post=76417"}],"version-history":[{"count":1,"href":"https:\/\/folhadosudeste.com\/site\/index.php?rest_route=\/wp\/v2\/posts\/76417\/revisions"}],"predecessor-version":[{"id":76426,"href":"https:\/\/folhadosudeste.com\/site\/index.php?rest_route=\/wp\/v2\/posts\/76417\/revisions\/76426"}],"wp:attachment":[{"href":"https:\/\/folhadosudeste.com\/site\/index.php?rest_route=%2Fwp%2Fv2%2Fmedia&parent=76417"}],"wp:term":[{"taxonomy":"category","embeddable":true,"href":"https:\/\/folhadosudeste.com\/site\/index.php?rest_route=%2Fwp%2Fv2%2Fcategories&post=76417"},{"taxonomy":"post_tag","embeddable":true,"href":"https:\/\/folhadosudeste.com\/site\/index.php?rest_route=%2Fwp%2Fv2%2Ftags&post=76417"}],"curies":[{"name":"wp","href":"https:\/\/api.w.org\/{rel}","templated":true}]}}