{"id":76431,"date":"2021-08-02T22:41:22","date_gmt":"2021-08-02T22:41:22","guid":{"rendered":"http:\/\/folhadosudeste.com\/site\/?p=76431"},"modified":"2021-08-02T22:41:22","modified_gmt":"2021-08-02T22:41:22","slug":"500-novos-soldados-para-o-corpo-de-bombeiros-de-mg-formatura-aconteceu-no-sabado","status":"publish","type":"post","link":"https:\/\/folhadosudeste.com\/site\/?p=76431","title":{"rendered":"500 novos soldados para o Corpo de Bombeiros de MG. Formatura aconteceu no s\u00e1bado"},"content":{"rendered":"<p><a href=\"http:\/\/folhadosudeste.com\/site\/wp-content\/uploads\/2021\/08\/DSC1198_707x471-707x405.jpg\"><img loading=\"lazy\" decoding=\"async\" class=\"alignnone size-full wp-image-76432\" src=\"http:\/\/folhadosudeste.com\/site\/wp-content\/uploads\/2021\/08\/DSC1198_707x471-707x405.jpg\" alt=\"\" width=\"707\" height=\"405\" srcset=\"https:\/\/folhadosudeste.com\/site\/wp-content\/uploads\/2021\/08\/DSC1198_707x471-707x405.jpg 707w, https:\/\/folhadosudeste.com\/site\/wp-content\/uploads\/2021\/08\/DSC1198_707x471-707x405-300x172.jpg 300w\" sizes=\"auto, (max-width: 707px) 100vw, 707px\" \/><\/a><\/p>\n<p style=\"text-align: justify;\">O governador Romeu Zema participou, neste s\u00e1bado (31\/7), da formatura de 500 novos soldados do Corpo de Bombeiros Militar de Minas Gerais (CBMMG). Os militares atuar\u00e3o nas diversas unidades no estado, dando continuidade ao plano de expans\u00e3o da corpora\u00e7\u00e3o em 14 novos munic\u00edpios at\u00e9 o final de 2021, contribuindo para a melhoria do atendimento em Minas Gerais.<\/p>\n<p style=\"text-align: justify;\">O refor\u00e7o no quadro de soldados da corpora\u00e7\u00e3o ocorre em momento de grande demanda por atendimento devido aos inc\u00eandios em vegeta\u00e7\u00e3o. Os meses de julho, agosto e setembro, historicamente, s\u00e3o os de maior atendimento desse tipo de ocorr\u00eancia pelos Bombeiros. At\u00e9 junho deste ano, foram atendidas 8.073 ocorr\u00eancias deste tipo no estado. Ao longo de 2020, foram quase 21 mil chamados.<\/p>\n<p style=\"text-align: justify;\"><!--more--><\/p>\n<p style=\"text-align: justify;\">O comandante-geral do CBMMG, coronel Edgard Estevo, reconheceu o esfor\u00e7o do governo estadual para a abertura das vagas para o concurso de soldados.<\/p>\n<p style=\"text-align: justify;\">A turma come\u00e7ou a forma\u00e7\u00e3o em novembro de 2020, com carga hor\u00e1ria de 1.412 horas. Anunciado em junho pelo governador, o novo concurso do CBMMG vai disponibilizar 145 vagas para o Curso de Forma\u00e7\u00e3o de Soldados (CFSd) e 21 vagas para o Curso de Forma\u00e7\u00e3o de Oficiais (CFO).<\/p>\n<p><a href=\"http:\/\/folhadosudeste.com\/site\/wp-content\/uploads\/2021\/08\/DSC1040_707x471.jpg\"><img loading=\"lazy\" decoding=\"async\" class=\"alignnone size-full wp-image-76434\" src=\"http:\/\/folhadosudeste.com\/site\/wp-content\/uploads\/2021\/08\/DSC1040_707x471.jpg\" alt=\"\" width=\"707\" height=\"471\" srcset=\"https:\/\/folhadosudeste.com\/site\/wp-content\/uploads\/2021\/08\/DSC1040_707x471.jpg 707w, https:\/\/folhadosudeste.com\/site\/wp-content\/uploads\/2021\/08\/DSC1040_707x471-300x200.jpg 300w, https:\/\/folhadosudeste.com\/site\/wp-content\/uploads\/2021\/08\/DSC1040_707x471-120x80.jpg 120w, https:\/\/folhadosudeste.com\/site\/wp-content\/uploads\/2021\/08\/DSC1040_707x471-345x230.jpg 345w\" sizes=\"auto, (max-width: 707px) 100vw, 707px\" \/><\/a> <a href=\"http:\/\/folhadosudeste.com\/site\/wp-content\/uploads\/2021\/08\/DSC1236_707x471.jpg\"><img loading=\"lazy\" decoding=\"async\" class=\"alignnone size-full wp-image-76435\" src=\"http:\/\/folhadosudeste.com\/site\/wp-content\/uploads\/2021\/08\/DSC1236_707x471.jpg\" alt=\"\" width=\"707\" height=\"471\" srcset=\"https:\/\/folhadosudeste.com\/site\/wp-content\/uploads\/2021\/08\/DSC1236_707x471.jpg 707w, https:\/\/folhadosudeste.com\/site\/wp-content\/uploads\/2021\/08\/DSC1236_707x471-300x200.jpg 300w, https:\/\/folhadosudeste.com\/site\/wp-content\/uploads\/2021\/08\/DSC1236_707x471-120x80.jpg 120w, https:\/\/folhadosudeste.com\/site\/wp-content\/uploads\/2021\/08\/DSC1236_707x471-345x230.jpg 345w\" sizes=\"auto, (max-width: 707px) 100vw, 707px\" \/><\/a><\/p>\n<p>Fonte: Silvan Alves<\/p>\n","protected":false},"excerpt":{"rendered":"<p>O governador Romeu Zema participou, neste s\u00e1bado (31\/7), da formatura de 500 novos soldados do Corpo de Bombeiros Militar de Minas Gerais (CBMMG). Os militares atuar\u00e3o nas diversas unidades no estado, dando continuidade ao plano de expans\u00e3o da corpora\u00e7\u00e3o em 14 novos munic\u00edpios at\u00e9 o final de 2021, contribuindo para a melhoria do atendimento em [&hellip;]<\/p>\n","protected":false},"author":6,"featured_media":0,"comment_status":"open","ping_status":"closed","sticky":false,"template":"","format":"standard","meta":{"_joinchat":[],"footnotes":""},"categories":[1],"tags":[],"class_list":["post-76431","post","type-post","status-publish","format-standard","hentry","category-sem-categoria"],"_links":{"self":[{"href":"https:\/\/folhadosudeste.com\/site\/index.php?rest_route=\/wp\/v2\/posts\/76431","targetHints":{"allow":["GET"]}}],"collection":[{"href":"https:\/\/folhadosudeste.com\/site\/index.php?rest_route=\/wp\/v2\/posts"}],"about":[{"href":"https:\/\/folhadosudeste.com\/site\/index.php?rest_route=\/wp\/v2\/types\/post"}],"author":[{"embeddable":true,"href":"https:\/\/folhadosudeste.com\/site\/index.php?rest_route=\/wp\/v2\/users\/6"}],"replies":[{"embeddable":true,"href":"https:\/\/folhadosudeste.com\/site\/index.php?rest_route=%2Fwp%2Fv2%2Fcomments&post=76431"}],"version-history":[{"count":1,"href":"https:\/\/folhadosudeste.com\/site\/index.php?rest_route=\/wp\/v2\/posts\/76431\/revisions"}],"predecessor-version":[{"id":76436,"href":"https:\/\/folhadosudeste.com\/site\/index.php?rest_route=\/wp\/v2\/posts\/76431\/revisions\/76436"}],"wp:attachment":[{"href":"https:\/\/folhadosudeste.com\/site\/index.php?rest_route=%2Fwp%2Fv2%2Fmedia&parent=76431"}],"wp:term":[{"taxonomy":"category","embeddable":true,"href":"https:\/\/folhadosudeste.com\/site\/index.php?rest_route=%2Fwp%2Fv2%2Fcategories&post=76431"},{"taxonomy":"post_tag","embeddable":true,"href":"https:\/\/folhadosudeste.com\/site\/index.php?rest_route=%2Fwp%2Fv2%2Ftags&post=76431"}],"curies":[{"name":"wp","href":"https:\/\/api.w.org\/{rel}","templated":true}]}}