{"id":76449,"date":"2021-08-03T21:11:10","date_gmt":"2021-08-03T21:11:10","guid":{"rendered":"http:\/\/folhadosudeste.com\/site\/?p=76449"},"modified":"2021-08-03T21:11:10","modified_gmt":"2021-08-03T21:11:10","slug":"mais-uma-morte-provocada-pela-covid-19-foi-confirmada-no-boletim-desta-terca-feira","status":"publish","type":"post","link":"https:\/\/folhadosudeste.com\/site\/?p=76449","title":{"rendered":"Mais uma morte provocada pela covid-19 foi confirmada  no boletim desta ter\u00e7a-feira"},"content":{"rendered":"<div><a href=\"http:\/\/folhadosudeste.com\/site\/wp-content\/uploads\/2021\/08\/03082021.jpeg\"><img loading=\"lazy\" decoding=\"async\" class=\"alignnone size-full wp-image-76450\" src=\"http:\/\/folhadosudeste.com\/site\/wp-content\/uploads\/2021\/08\/03082021.jpeg\" alt=\"\" width=\"1080\" height=\"1080\" srcset=\"https:\/\/folhadosudeste.com\/site\/wp-content\/uploads\/2021\/08\/03082021.jpeg 1080w, https:\/\/folhadosudeste.com\/site\/wp-content\/uploads\/2021\/08\/03082021-150x150.jpeg 150w, https:\/\/folhadosudeste.com\/site\/wp-content\/uploads\/2021\/08\/03082021-300x300.jpeg 300w, https:\/\/folhadosudeste.com\/site\/wp-content\/uploads\/2021\/08\/03082021-768x768.jpeg 768w, https:\/\/folhadosudeste.com\/site\/wp-content\/uploads\/2021\/08\/03082021-1024x1024.jpeg 1024w\" sizes=\"auto, (max-width: 1080px) 100vw, 1080px\" \/><\/a><\/div>\n<div>&nbsp;<\/div>\n<div style=\"text-align: justify;\">O \u00f3bito ocorrido no \u00faltimo dia 30 foi de uma mulher de 34 anos. Ela tamb\u00e9m tinha hipotireoidismo.<\/div>\n<div style=\"text-align: justify;\">&nbsp;<\/div>\n<div style=\"text-align: justify;\">Novos casos &#8211; Tamb\u00e9m foram confirmadas 46 novas infec\u00e7\u00f5es pelo coronav\u00edrus na cidade. A faixa et\u00e1ria mais atingida foi a de 30-39 anos, com 11 registros.<\/div>\n<div style=\"text-align: justify;\">&nbsp;<\/div>\n<div style=\"text-align: justify;\">A m\u00e9dia m\u00f3vel atual, que considera os dados dos \u00faltimos 14 dias, ultrapassou a marca de 24 casos di\u00e1rios. O \u00edndice \u00e9 26,4% maior que o de duas semanas atr\u00e1s, o que mostra que a doen\u00e7a segue com tend\u00eancia de crescimento na cidade.<\/div>\n<p><!--more--><\/p>\n<div style=\"text-align: justify;\">Vacina\u00e7\u00e3o &#8211; Nesta semana, o foco da vacina\u00e7\u00e3o \u00e9 a segunda dose de Astrazeneca para pessoas da casa dos 50 anos que receberam a primeira dose em maio, de acordo com o seguinte calend\u00e1rio:<\/div>\n<div style=\"text-align: justify;\">&nbsp;<\/div>\n<div style=\"text-align: justify;\">04\/08 &#8211; segunda dose para quem tomou a primeira em 12\/05<\/div>\n<div style=\"text-align: justify;\">05\/08 &#8211; segunda dose para quem tomou a primeira em 13\/05<\/div>\n<div style=\"text-align: justify;\">06\/08 &#8211; segunda dose para quem tomou a primeira em 14\/05<\/div>\n<div style=\"text-align: justify;\">&nbsp;<\/div>\n<div style=\"text-align: justify;\">A Secretaria Municipal de Sa\u00fade ainda aguarda a libera\u00e7\u00e3o de mais vacinas para divulgar o calend\u00e1rio de aplica\u00e7\u00e3o de primeira dose para mais pessoas.<\/div>\n<div style=\"text-align: justify;\">&nbsp;<\/div>\n<div style=\"text-align: justify;\">N\u00fameros completos de hoje (03\/08\/2021):<\/div>\n<div style=\"text-align: justify;\">&nbsp;<\/div>\n<div style=\"text-align: justify;\">VACINA\u00c7\u00c3O<\/div>\n<div style=\"text-align: justify;\">Vacinados com uma dose: 62.981 (57,57% da popula\u00e7\u00e3o total)<\/div>\n<div style=\"text-align: justify;\">Vacinados com duas doses ou dose \u00fanica: 27.385 (25,03% da popula\u00e7\u00e3o total)<\/div>\n<div style=\"text-align: justify;\">&nbsp;<\/div>\n<div style=\"text-align: justify;\">PACIENTES<\/div>\n<div style=\"text-align: justify;\">Total de casos confirmados: 11.169 (+46)<\/div>\n<div style=\"text-align: justify;\">Pacientes ativos: 244<\/div>\n<div style=\"text-align: justify;\">Pacientes curados: 10.633<\/div>\n<div style=\"text-align: justify;\">\u00d3bitos: 292 (+1)<\/div>\n<div style=\"text-align: justify;\">Investigados \/ Monitorados: 118<\/div>\n<div style=\"text-align: justify;\">Negativos: 12.475<\/div>\n<div><a href=\"http:\/\/folhadosudeste.com\/site\/wp-content\/uploads\/2021\/08\/CASOS-DE-COVID-19-EM-MURIA\u00c9-POR-FAIXA-ET\u00c1RIA-03_08_2021.png\"><img loading=\"lazy\" decoding=\"async\" class=\"alignnone size-full wp-image-76451\" src=\"http:\/\/folhadosudeste.com\/site\/wp-content\/uploads\/2021\/08\/CASOS-DE-COVID-19-EM-MURIA\u00c9-POR-FAIXA-ET\u00c1RIA-03_08_2021.png\" alt=\"\" width=\"1044\" height=\"739\" srcset=\"https:\/\/folhadosudeste.com\/site\/wp-content\/uploads\/2021\/08\/CASOS-DE-COVID-19-EM-MURIA\u00c9-POR-FAIXA-ET\u00c1RIA-03_08_2021.png 1044w, https:\/\/folhadosudeste.com\/site\/wp-content\/uploads\/2021\/08\/CASOS-DE-COVID-19-EM-MURIA\u00c9-POR-FAIXA-ET\u00c1RIA-03_08_2021-300x212.png 300w, https:\/\/folhadosudeste.com\/site\/wp-content\/uploads\/2021\/08\/CASOS-DE-COVID-19-EM-MURIA\u00c9-POR-FAIXA-ET\u00c1RIA-03_08_2021-768x544.png 768w, https:\/\/folhadosudeste.com\/site\/wp-content\/uploads\/2021\/08\/CASOS-DE-COVID-19-EM-MURIA\u00c9-POR-FAIXA-ET\u00c1RIA-03_08_2021-1024x725.png 1024w\" sizes=\"auto, (max-width: 1044px) 100vw, 1044px\" \/><\/a> <a href=\"http:\/\/folhadosudeste.com\/site\/wp-content\/uploads\/2021\/08\/M\u00c9DIA-M\u00d3VEL-DE-CASOS-E-\u00d3BITOS-\u00daLTIMOS-14-DIAS-1.png\"><img loading=\"lazy\" decoding=\"async\" class=\"alignnone size-full wp-image-76452\" src=\"http:\/\/folhadosudeste.com\/site\/wp-content\/uploads\/2021\/08\/M\u00c9DIA-M\u00d3VEL-DE-CASOS-E-\u00d3BITOS-\u00daLTIMOS-14-DIAS-1.png\" alt=\"\" width=\"1377\" height=\"756\" srcset=\"https:\/\/folhadosudeste.com\/site\/wp-content\/uploads\/2021\/08\/M\u00c9DIA-M\u00d3VEL-DE-CASOS-E-\u00d3BITOS-\u00daLTIMOS-14-DIAS-1.png 1377w, https:\/\/folhadosudeste.com\/site\/wp-content\/uploads\/2021\/08\/M\u00c9DIA-M\u00d3VEL-DE-CASOS-E-\u00d3BITOS-\u00daLTIMOS-14-DIAS-1-300x165.png 300w, https:\/\/folhadosudeste.com\/site\/wp-content\/uploads\/2021\/08\/M\u00c9DIA-M\u00d3VEL-DE-CASOS-E-\u00d3BITOS-\u00daLTIMOS-14-DIAS-1-768x422.png 768w, https:\/\/folhadosudeste.com\/site\/wp-content\/uploads\/2021\/08\/M\u00c9DIA-M\u00d3VEL-DE-CASOS-E-\u00d3BITOS-\u00daLTIMOS-14-DIAS-1-1024x562.png 1024w\" sizes=\"auto, (max-width: 1377px) 100vw, 1377px\" \/><\/a><\/div>\n","protected":false},"excerpt":{"rendered":"<p>&nbsp; O \u00f3bito ocorrido no \u00faltimo dia 30 foi de uma mulher de 34 anos. Ela tamb\u00e9m tinha hipotireoidismo. &nbsp; Novos casos &#8211; Tamb\u00e9m foram confirmadas 46 novas infec\u00e7\u00f5es pelo coronav\u00edrus na cidade. A faixa et\u00e1ria mais atingida foi a de 30-39 anos, com 11 registros. &nbsp; A m\u00e9dia m\u00f3vel atual, que considera os dados [&hellip;]<\/p>\n","protected":false},"author":6,"featured_media":0,"comment_status":"open","ping_status":"closed","sticky":false,"template":"","format":"standard","meta":{"_joinchat":[],"footnotes":""},"categories":[1],"tags":[],"class_list":["post-76449","post","type-post","status-publish","format-standard","hentry","category-sem-categoria"],"_links":{"self":[{"href":"https:\/\/folhadosudeste.com\/site\/index.php?rest_route=\/wp\/v2\/posts\/76449","targetHints":{"allow":["GET"]}}],"collection":[{"href":"https:\/\/folhadosudeste.com\/site\/index.php?rest_route=\/wp\/v2\/posts"}],"about":[{"href":"https:\/\/folhadosudeste.com\/site\/index.php?rest_route=\/wp\/v2\/types\/post"}],"author":[{"embeddable":true,"href":"https:\/\/folhadosudeste.com\/site\/index.php?rest_route=\/wp\/v2\/users\/6"}],"replies":[{"embeddable":true,"href":"https:\/\/folhadosudeste.com\/site\/index.php?rest_route=%2Fwp%2Fv2%2Fcomments&post=76449"}],"version-history":[{"count":1,"href":"https:\/\/folhadosudeste.com\/site\/index.php?rest_route=\/wp\/v2\/posts\/76449\/revisions"}],"predecessor-version":[{"id":76453,"href":"https:\/\/folhadosudeste.com\/site\/index.php?rest_route=\/wp\/v2\/posts\/76449\/revisions\/76453"}],"wp:attachment":[{"href":"https:\/\/folhadosudeste.com\/site\/index.php?rest_route=%2Fwp%2Fv2%2Fmedia&parent=76449"}],"wp:term":[{"taxonomy":"category","embeddable":true,"href":"https:\/\/folhadosudeste.com\/site\/index.php?rest_route=%2Fwp%2Fv2%2Fcategories&post=76449"},{"taxonomy":"post_tag","embeddable":true,"href":"https:\/\/folhadosudeste.com\/site\/index.php?rest_route=%2Fwp%2Fv2%2Ftags&post=76449"}],"curies":[{"name":"wp","href":"https:\/\/api.w.org\/{rel}","templated":true}]}}