{"id":76461,"date":"2021-08-03T21:19:26","date_gmt":"2021-08-03T21:19:26","guid":{"rendered":"http:\/\/folhadosudeste.com\/site\/?p=76461"},"modified":"2021-08-03T21:19:26","modified_gmt":"2021-08-03T21:19:26","slug":"prefeitura-segue-revitalizando-horto-florestal-antiga-estacao-sertaneja-esta-em-obras-para-dar-lugar-a-deck","status":"publish","type":"post","link":"https:\/\/folhadosudeste.com\/site\/?p=76461","title":{"rendered":"Prefeitura segue revitalizando Horto Florestal; antiga &#8216;Esta\u00e7\u00e3o Sertaneja&#8217; est\u00e1 em obras para dar lugar a deck"},"content":{"rendered":"<div><a href=\"http:\/\/folhadosudeste.com\/site\/wp-content\/uploads\/2021\/08\/IMG_7465.jpg\"><img loading=\"lazy\" decoding=\"async\" class=\"alignnone size-full wp-image-76462\" src=\"http:\/\/folhadosudeste.com\/site\/wp-content\/uploads\/2021\/08\/IMG_7465.jpg\" alt=\"\" width=\"2016\" height=\"1512\" srcset=\"https:\/\/folhadosudeste.com\/site\/wp-content\/uploads\/2021\/08\/IMG_7465.jpg 2016w, https:\/\/folhadosudeste.com\/site\/wp-content\/uploads\/2021\/08\/IMG_7465-300x225.jpg 300w, https:\/\/folhadosudeste.com\/site\/wp-content\/uploads\/2021\/08\/IMG_7465-768x576.jpg 768w, https:\/\/folhadosudeste.com\/site\/wp-content\/uploads\/2021\/08\/IMG_7465-1024x768.jpg 1024w\" sizes=\"auto, (max-width: 2016px) 100vw, 2016px\" \/><\/a><\/div>\n<div>&nbsp;<\/div>\n<div style=\"text-align: justify;\">A Prefeitura de Muria\u00e9 quer recuperar o prazer dos muriaeenses em visitar o Horto Florestal.&nbsp;<\/div>\n<div style=\"text-align: justify;\">&nbsp;<\/div>\n<div style=\"text-align: justify;\">Desde o in\u00edcio do ano, atrav\u00e9s de trabalho conjunto entre a Fundarte e as secretarias de Obras P\u00fablicas e de Urbanismo e Meio Ambiente, a principal \u00e1rea de preserva\u00e7\u00e3o ambiental da cidade vem recebendo melhorias.<\/div>\n<div style=\"text-align: justify;\">&nbsp;<\/div>\n<div style=\"text-align: justify;\">No momento, a equipe de empreitada trabalha na recupera\u00e7\u00e3o da antiga &#8220;Esta\u00e7\u00e3o Sertaneja&#8221;. O espa\u00e7o, onde no passado havia o vag\u00e3o de trem que foi destru\u00eddo por um inc\u00eandio, ser\u00e1 completamente revitalizado e transformado em deck. Uma op\u00e7\u00e3o a mais de lazer e descanso para os visitantes.<\/div>\n<div style=\"text-align: justify;\">&nbsp;<\/div>\n<div style=\"text-align: justify;\">Paralelamente, tamb\u00e9m est\u00e1 sendo feita a reforma estrutural dos banheiros existentes na entrada do Parque Infantil Monteiro Lobato, na parte superior do Horto.<\/div>\n<p><!--more--><\/p>\n<div style=\"text-align: justify;\">Primeiras interven\u00e7\u00f5es &#8211; A revitaliza\u00e7\u00e3o do Horto come\u00e7ou a ser desempenhada ainda no in\u00edcio de 2021. A primeira interven\u00e7\u00e3o foi a constru\u00e7\u00e3o do muro ao redor de toda a \u00e1rea externa do parque, para aumentar a seguran\u00e7a e impedir a evitar a entrada de pessoas fora dos hor\u00e1rios de funcionamento.<\/div>\n<div style=\"text-align: justify;\">&nbsp;<\/div>\n<div style=\"text-align: justify;\">Em seguida, juntamente com o Departamento de Turismo da Fundarte, as trilhas existentes em meio aos bosques do Horto foram devidamente sinalizadas. E de uma forma toda especial: com orienta\u00e7\u00f5es aos trilheiros, mas tamb\u00e9m com mensagens de positividade e cuidado ambiental.<\/div>\n<div style=\"text-align: justify;\">&nbsp;<\/div>\n<div style=\"text-align: justify;\">Na parte esportiva, a pista de skate foi a primeira a ser reformada e ganhar ilumina\u00e7\u00e3o. Na sequ\u00eancia, foi a vez da pista de bicicross, que foi totalmente revitalizada, virou Bike Park e ficou preparada para receber eventos e competi\u00e7\u00f5es.<\/div>\n<div style=\"text-align: justify;\">&nbsp;<\/div>\n<div style=\"text-align: justify;\">Planos para o futuro &#8211; As melhorias no Horto n\u00e3o param por a\u00ed. Para o futuro, a Prefeitura planeja promover a recupera\u00e7\u00e3o do antigo viveiro de aves e tamb\u00e9m do espa\u00e7o que hoje \u00e9 utilizado como almoxarifado.&nbsp;<\/div>\n<div style=\"text-align: justify;\">&nbsp;<\/div>\n<div style=\"text-align: justify;\">Na parte de baixo, o projeto \u00e9 de fazer o cal\u00e7amento do acesso principal, facilitando o tr\u00e2nsito de ve\u00edculos e pedestres especialmente em per\u00edodos chuvosos.<\/div>\n<div>&nbsp;<\/div>\n<div><a href=\"http:\/\/folhadosudeste.com\/site\/wp-content\/uploads\/2021\/08\/IMG_7468.jpg\"><img loading=\"lazy\" decoding=\"async\" class=\"alignnone size-full wp-image-76463\" src=\"http:\/\/folhadosudeste.com\/site\/wp-content\/uploads\/2021\/08\/IMG_7468.jpg\" alt=\"\" width=\"2016\" height=\"1512\" srcset=\"https:\/\/folhadosudeste.com\/site\/wp-content\/uploads\/2021\/08\/IMG_7468.jpg 2016w, https:\/\/folhadosudeste.com\/site\/wp-content\/uploads\/2021\/08\/IMG_7468-300x225.jpg 300w, https:\/\/folhadosudeste.com\/site\/wp-content\/uploads\/2021\/08\/IMG_7468-768x576.jpg 768w, https:\/\/folhadosudeste.com\/site\/wp-content\/uploads\/2021\/08\/IMG_7468-1024x768.jpg 1024w\" sizes=\"auto, (max-width: 2016px) 100vw, 2016px\" \/><\/a> <a href=\"http:\/\/folhadosudeste.com\/site\/wp-content\/uploads\/2021\/08\/IMG_7473.jpg\"><img loading=\"lazy\" decoding=\"async\" class=\"alignnone size-full wp-image-76464\" src=\"http:\/\/folhadosudeste.com\/site\/wp-content\/uploads\/2021\/08\/IMG_7473.jpg\" alt=\"\" width=\"2016\" height=\"1512\" srcset=\"https:\/\/folhadosudeste.com\/site\/wp-content\/uploads\/2021\/08\/IMG_7473.jpg 2016w, https:\/\/folhadosudeste.com\/site\/wp-content\/uploads\/2021\/08\/IMG_7473-300x225.jpg 300w, https:\/\/folhadosudeste.com\/site\/wp-content\/uploads\/2021\/08\/IMG_7473-768x576.jpg 768w, https:\/\/folhadosudeste.com\/site\/wp-content\/uploads\/2021\/08\/IMG_7473-1024x768.jpg 1024w\" sizes=\"auto, (max-width: 2016px) 100vw, 2016px\" \/><\/a> <a href=\"http:\/\/folhadosudeste.com\/site\/wp-content\/uploads\/2021\/08\/IMG_7478.jpg\"><img loading=\"lazy\" decoding=\"async\" class=\"alignnone size-full wp-image-76465\" src=\"http:\/\/folhadosudeste.com\/site\/wp-content\/uploads\/2021\/08\/IMG_7478.jpg\" alt=\"\" width=\"2016\" height=\"1512\" srcset=\"https:\/\/folhadosudeste.com\/site\/wp-content\/uploads\/2021\/08\/IMG_7478.jpg 2016w, https:\/\/folhadosudeste.com\/site\/wp-content\/uploads\/2021\/08\/IMG_7478-300x225.jpg 300w, https:\/\/folhadosudeste.com\/site\/wp-content\/uploads\/2021\/08\/IMG_7478-768x576.jpg 768w, https:\/\/folhadosudeste.com\/site\/wp-content\/uploads\/2021\/08\/IMG_7478-1024x768.jpg 1024w\" sizes=\"auto, (max-width: 2016px) 100vw, 2016px\" \/><\/a><\/div>\n","protected":false},"excerpt":{"rendered":"<p>&nbsp; A Prefeitura de Muria\u00e9 quer recuperar o prazer dos muriaeenses em visitar o Horto Florestal.&nbsp; &nbsp; Desde o in\u00edcio do ano, atrav\u00e9s de trabalho conjunto entre a Fundarte e as secretarias de Obras P\u00fablicas e de Urbanismo e Meio Ambiente, a principal \u00e1rea de preserva\u00e7\u00e3o ambiental da cidade vem recebendo melhorias. &nbsp; No momento, [&hellip;]<\/p>\n","protected":false},"author":6,"featured_media":0,"comment_status":"open","ping_status":"closed","sticky":false,"template":"","format":"standard","meta":{"_joinchat":[],"footnotes":""},"categories":[1],"tags":[],"class_list":["post-76461","post","type-post","status-publish","format-standard","hentry","category-sem-categoria"],"_links":{"self":[{"href":"https:\/\/folhadosudeste.com\/site\/index.php?rest_route=\/wp\/v2\/posts\/76461","targetHints":{"allow":["GET"]}}],"collection":[{"href":"https:\/\/folhadosudeste.com\/site\/index.php?rest_route=\/wp\/v2\/posts"}],"about":[{"href":"https:\/\/folhadosudeste.com\/site\/index.php?rest_route=\/wp\/v2\/types\/post"}],"author":[{"embeddable":true,"href":"https:\/\/folhadosudeste.com\/site\/index.php?rest_route=\/wp\/v2\/users\/6"}],"replies":[{"embeddable":true,"href":"https:\/\/folhadosudeste.com\/site\/index.php?rest_route=%2Fwp%2Fv2%2Fcomments&post=76461"}],"version-history":[{"count":1,"href":"https:\/\/folhadosudeste.com\/site\/index.php?rest_route=\/wp\/v2\/posts\/76461\/revisions"}],"predecessor-version":[{"id":76466,"href":"https:\/\/folhadosudeste.com\/site\/index.php?rest_route=\/wp\/v2\/posts\/76461\/revisions\/76466"}],"wp:attachment":[{"href":"https:\/\/folhadosudeste.com\/site\/index.php?rest_route=%2Fwp%2Fv2%2Fmedia&parent=76461"}],"wp:term":[{"taxonomy":"category","embeddable":true,"href":"https:\/\/folhadosudeste.com\/site\/index.php?rest_route=%2Fwp%2Fv2%2Fcategories&post=76461"},{"taxonomy":"post_tag","embeddable":true,"href":"https:\/\/folhadosudeste.com\/site\/index.php?rest_route=%2Fwp%2Fv2%2Ftags&post=76461"}],"curies":[{"name":"wp","href":"https:\/\/api.w.org\/{rel}","templated":true}]}}