{"id":76470,"date":"2021-08-03T21:25:38","date_gmt":"2021-08-03T21:25:38","guid":{"rendered":"http:\/\/folhadosudeste.com\/site\/?p=76470"},"modified":"2021-08-03T21:25:38","modified_gmt":"2021-08-03T21:25:38","slug":"nesta-semana-tem-feira-do-artesanato-na-praca","status":"publish","type":"post","link":"https:\/\/folhadosudeste.com\/site\/?p=76470","title":{"rendered":"Nesta semana tem \u2018Feira do Artesanato\u2019 na pra\u00e7a"},"content":{"rendered":"<p align=\"justify\"><a href=\"http:\/\/folhadosudeste.com\/site\/wp-content\/uploads\/2021\/08\/feira-de-artes\u00e3o.2021.2.jpg\"><img loading=\"lazy\" decoding=\"async\" class=\"alignnone size-full wp-image-76471\" src=\"http:\/\/folhadosudeste.com\/site\/wp-content\/uploads\/2021\/08\/feira-de-artes\u00e3o.2021.2.jpg\" alt=\"\" width=\"1920\" height=\"1280\" srcset=\"https:\/\/folhadosudeste.com\/site\/wp-content\/uploads\/2021\/08\/feira-de-artes\u00e3o.2021.2.jpg 1920w, https:\/\/folhadosudeste.com\/site\/wp-content\/uploads\/2021\/08\/feira-de-artes\u00e3o.2021.2-300x200.jpg 300w, https:\/\/folhadosudeste.com\/site\/wp-content\/uploads\/2021\/08\/feira-de-artes\u00e3o.2021.2-768x512.jpg 768w, https:\/\/folhadosudeste.com\/site\/wp-content\/uploads\/2021\/08\/feira-de-artes\u00e3o.2021.2-1024x683.jpg 1024w, https:\/\/folhadosudeste.com\/site\/wp-content\/uploads\/2021\/08\/feira-de-artes\u00e3o.2021.2-120x80.jpg 120w, https:\/\/folhadosudeste.com\/site\/wp-content\/uploads\/2021\/08\/feira-de-artes\u00e3o.2021.2-345x230.jpg 345w\" sizes=\"auto, (max-width: 1920px) 100vw, 1920px\" \/><\/a><\/p>\n<p style=\"text-align: justify;\" align=\"justify\">A \u201cFeira do Artesanato\u201d acontecer\u00e1 de quinta a s\u00e1bado (05, 06 e 07 de agosto), no hor\u00e1rio comercial, na Pra\u00e7a Jo\u00e3o Pinheiro. A realiza\u00e7\u00e3o tem o objetivo de incentivar artistas e fomentar a economia do setor, que vem encontrando empec\u00edlhos devido ao per\u00edodo de pandemia. A proximidade com o \u2018Dia das Pais\u2019 \u00e9 uma oportunidade para vendas.<\/p>\n<p style=\"text-align: justify;\" align=\"justify\">O evento \u00e9 impulsionado pela Prefeitura de Muria\u00e9 e Funda\u00e7\u00e3o de Cultura e Arte &#8211; Fundarte com vistas a alavancar novas perspectivas de trabalho que melhore a receita mensal dos pequenos produtores de especiarias, artesanato, doces de compota, mini-confec\u00e7\u00f5es, crocheteiros entre outros.<\/p>\n<p style=\"text-align: justify;\" align=\"justify\"><!--more--><\/p>\n<p style=\"text-align: justify;\" align=\"justify\">As atividades dever\u00e3o seguir todo o protocolo sanit\u00e1rio necess\u00e1rio nesse tempo que exige distanciamento e higieniza\u00e7\u00e3o de m\u00e3os. Todos os boxes ter\u00e3o \u00e1lcool gel. A indica\u00e7\u00e3o \u00e9 que os visitantes realizem os passeios pela pra\u00e7a e barracas com m\u00e1scara para que todos estejam protegidos.<\/p>\n","protected":false},"excerpt":{"rendered":"<p>A \u201cFeira do Artesanato\u201d acontecer\u00e1 de quinta a s\u00e1bado (05, 06 e 07 de agosto), no hor\u00e1rio comercial, na Pra\u00e7a Jo\u00e3o Pinheiro. A realiza\u00e7\u00e3o tem o objetivo de incentivar artistas e fomentar a economia do setor, que vem encontrando empec\u00edlhos devido ao per\u00edodo de pandemia. A proximidade com o \u2018Dia das Pais\u2019 \u00e9 uma oportunidade [&hellip;]<\/p>\n","protected":false},"author":6,"featured_media":0,"comment_status":"open","ping_status":"closed","sticky":false,"template":"","format":"standard","meta":{"_joinchat":[],"footnotes":""},"categories":[1],"tags":[],"class_list":["post-76470","post","type-post","status-publish","format-standard","hentry","category-sem-categoria"],"_links":{"self":[{"href":"https:\/\/folhadosudeste.com\/site\/index.php?rest_route=\/wp\/v2\/posts\/76470","targetHints":{"allow":["GET"]}}],"collection":[{"href":"https:\/\/folhadosudeste.com\/site\/index.php?rest_route=\/wp\/v2\/posts"}],"about":[{"href":"https:\/\/folhadosudeste.com\/site\/index.php?rest_route=\/wp\/v2\/types\/post"}],"author":[{"embeddable":true,"href":"https:\/\/folhadosudeste.com\/site\/index.php?rest_route=\/wp\/v2\/users\/6"}],"replies":[{"embeddable":true,"href":"https:\/\/folhadosudeste.com\/site\/index.php?rest_route=%2Fwp%2Fv2%2Fcomments&post=76470"}],"version-history":[{"count":1,"href":"https:\/\/folhadosudeste.com\/site\/index.php?rest_route=\/wp\/v2\/posts\/76470\/revisions"}],"predecessor-version":[{"id":76472,"href":"https:\/\/folhadosudeste.com\/site\/index.php?rest_route=\/wp\/v2\/posts\/76470\/revisions\/76472"}],"wp:attachment":[{"href":"https:\/\/folhadosudeste.com\/site\/index.php?rest_route=%2Fwp%2Fv2%2Fmedia&parent=76470"}],"wp:term":[{"taxonomy":"category","embeddable":true,"href":"https:\/\/folhadosudeste.com\/site\/index.php?rest_route=%2Fwp%2Fv2%2Fcategories&post=76470"},{"taxonomy":"post_tag","embeddable":true,"href":"https:\/\/folhadosudeste.com\/site\/index.php?rest_route=%2Fwp%2Fv2%2Ftags&post=76470"}],"curies":[{"name":"wp","href":"https:\/\/api.w.org\/{rel}","templated":true}]}}