{"id":76493,"date":"2021-08-04T18:39:13","date_gmt":"2021-08-04T18:39:13","guid":{"rendered":"http:\/\/folhadosudeste.com\/site\/?p=76493"},"modified":"2021-08-04T18:39:13","modified_gmt":"2021-08-04T18:39:13","slug":"adolescente-violenta-sua-propria-mae-em-rosario-da-limeira","status":"publish","type":"post","link":"https:\/\/folhadosudeste.com\/site\/?p=76493","title":{"rendered":"Adolescente violenta sua pr\u00f3pria m\u00e3e em Ros\u00e1rio da Limeira"},"content":{"rendered":"<p><a href=\"http:\/\/folhadosudeste.com\/site\/wp-content\/uploads\/2021\/08\/Ocorrencia-policial-e1540150034795.jpg\"><img loading=\"lazy\" decoding=\"async\" class=\"alignnone size-full wp-image-76494\" src=\"http:\/\/folhadosudeste.com\/site\/wp-content\/uploads\/2021\/08\/Ocorrencia-policial-e1540150034795.jpg\" alt=\"\" width=\"620\" height=\"465\" srcset=\"https:\/\/folhadosudeste.com\/site\/wp-content\/uploads\/2021\/08\/Ocorrencia-policial-e1540150034795.jpg 620w, https:\/\/folhadosudeste.com\/site\/wp-content\/uploads\/2021\/08\/Ocorrencia-policial-e1540150034795-300x225.jpg 300w\" sizes=\"auto, (max-width: 620px) 100vw, 620px\" \/><\/a><\/p>\n<p style=\"text-align: justify;\">Um rapaz de 18 anos foi preso pela Pol\u00edcia Militar de Ros\u00e1rio da Limeira, ap\u00f3s ter agredido sua m\u00e3e.<\/p>\n<p style=\"text-align: justify;\">Segundo informa\u00e7\u00f5es repassadas ao Jornal Folha Independente, os militares estariam saindo para cumprir uma determina\u00e7\u00e3o de condu\u00e7\u00e3o coercitiva, quando foram acionados via telefone com varias liga\u00e7\u00f5es, relatando que o rapaz que ele iriam fazer a condu\u00e7\u00e3o, estaria em sua resid\u00eancia agredindo a sua genitora.<\/p>\n<p style=\"text-align: justify;\">De imediato, os policiais deslocaram sentido a resid\u00eancia informada, momento em que durante o trajeto, o jovem foi avistado e abordado.<\/p>\n<p><!--more--><\/p>\n<p style=\"text-align: justify;\">Questionado sobre as denuncias dele ter agredido a pr\u00f3pria m\u00e3e, ele teria assumido, acrescentando que \u201csoquei a cara dela, porque ela estava com uma faca\u201d.<\/p>\n<p style=\"text-align: justify;\">Na a\u00e7\u00e3o, a m\u00e3e foi encaminhada para a Policl\u00ednica Municipal de Ros\u00e1rio da Limeira, pois estaria com um corte e necessitava de suturar.<\/p>\n<p style=\"text-align: justify;\">Em contato com a m\u00e3e do garoto, ela relatou que teria perguntado ao filho, se ele queria uma cal\u00e7a para ir a audi\u00eancia, momento em que ele passou a agredi-la com socos na face, vindo a cessar somente quando ela j\u00e1 estaria sangrando.<\/p>\n<p style=\"text-align: justify;\">Ainda conforme a v\u00edtima, diante da situa\u00e7\u00e3o, ela teria gritado por seu irm\u00e3o, que mora pr\u00f3ximo, tendo ele vindo ao seu socorro.<\/p>\n<p style=\"text-align: justify;\">O caso foi repassado para o Juiz respons\u00e1vel, tendo ele cancelado a audi\u00eancia. J\u00e1 o rapaz, recebeu voz de pris\u00e3o, sendo encaminhado para a Delegacia de Pol\u00edcia Civil, que ap\u00f3s ter sido ouvido, teve a pris\u00e3o ratificada pelo Delegado de plant\u00e3o.<\/p>\n<p>Fonte:&nbsp;Folha Independente<\/p>\n","protected":false},"excerpt":{"rendered":"<p>Um rapaz de 18 anos foi preso pela Pol\u00edcia Militar de Ros\u00e1rio da Limeira, ap\u00f3s ter agredido sua m\u00e3e. Segundo informa\u00e7\u00f5es repassadas ao Jornal Folha Independente, os militares estariam saindo para cumprir uma determina\u00e7\u00e3o de condu\u00e7\u00e3o coercitiva, quando foram acionados via telefone com varias liga\u00e7\u00f5es, relatando que o rapaz que ele iriam fazer a condu\u00e7\u00e3o, [&hellip;]<\/p>\n","protected":false},"author":6,"featured_media":0,"comment_status":"open","ping_status":"closed","sticky":false,"template":"","format":"standard","meta":{"_joinchat":[],"footnotes":""},"categories":[1],"tags":[],"class_list":["post-76493","post","type-post","status-publish","format-standard","hentry","category-sem-categoria"],"_links":{"self":[{"href":"https:\/\/folhadosudeste.com\/site\/index.php?rest_route=\/wp\/v2\/posts\/76493","targetHints":{"allow":["GET"]}}],"collection":[{"href":"https:\/\/folhadosudeste.com\/site\/index.php?rest_route=\/wp\/v2\/posts"}],"about":[{"href":"https:\/\/folhadosudeste.com\/site\/index.php?rest_route=\/wp\/v2\/types\/post"}],"author":[{"embeddable":true,"href":"https:\/\/folhadosudeste.com\/site\/index.php?rest_route=\/wp\/v2\/users\/6"}],"replies":[{"embeddable":true,"href":"https:\/\/folhadosudeste.com\/site\/index.php?rest_route=%2Fwp%2Fv2%2Fcomments&post=76493"}],"version-history":[{"count":1,"href":"https:\/\/folhadosudeste.com\/site\/index.php?rest_route=\/wp\/v2\/posts\/76493\/revisions"}],"predecessor-version":[{"id":76495,"href":"https:\/\/folhadosudeste.com\/site\/index.php?rest_route=\/wp\/v2\/posts\/76493\/revisions\/76495"}],"wp:attachment":[{"href":"https:\/\/folhadosudeste.com\/site\/index.php?rest_route=%2Fwp%2Fv2%2Fmedia&parent=76493"}],"wp:term":[{"taxonomy":"category","embeddable":true,"href":"https:\/\/folhadosudeste.com\/site\/index.php?rest_route=%2Fwp%2Fv2%2Fcategories&post=76493"},{"taxonomy":"post_tag","embeddable":true,"href":"https:\/\/folhadosudeste.com\/site\/index.php?rest_route=%2Fwp%2Fv2%2Ftags&post=76493"}],"curies":[{"name":"wp","href":"https:\/\/api.w.org\/{rel}","templated":true}]}}